{"id":69835,"date":"2015-10-31T04:44:12","date_gmt":"2015-10-31T03:44:12","guid":{"rendered":"http:\/\/gazdasagportal.hu\/?p=69835"},"modified":"2015-10-30T22:51:24","modified_gmt":"2015-10-30T21:51:24","slug":"kulfoldi-sajto-magyarorszagrol-tegnap-meg-leneztek-a-kulonbozo-orbanokat-ma-mar-keritest-terveznek-az-osztrak-hatarra","status":"publish","type":"post","link":"https:\/\/gazdasagportal.hu\/index.php\/kulfoldi-sajto-magyarorszagrol-tegnap-meg-leneztek-a-kulonbozo-orbanokat-ma-mar-keritest-terveznek-az-osztrak-hatarra\/","title":{"rendered":"K\u00fclf\u00f6ldi sajt\u00f3 Magyarorsz\u00e1gr\u00f3l &#8211; Tegnap m\u00e9g len\u00e9zt\u00e9k a k\u00fcl\u00f6nb\u00f6z\u0151 Orb\u00e1nokat, ma m\u00e1r ker\u00edt\u00e9st terveznek az osztr\u00e1k hat\u00e1rra"},"content":{"rendered":"<p><strong>A Der Standard c\u00edm\u0171 osztr\u00e1k liber\u00e1lis lap online kiad\u00e1s\u00e1ban megjelent komment\u00e1r szerint a menek\u00fcltek befogad\u00e1sa m\u00e9g tegnap az osztr\u00e1k nemzeti hi\u00fas\u00e1got legyezgette, megbotr\u00e1nkozottan len\u00e9zve a &#8222;k\u00fcl\u00f6nb\u00f6z\u0151 Orb\u00e1nokat&#8221;. Azonban a menek\u00fclthull\u00e1m m\u00e1ra m\u00e1r \u00e1tl\u00e9pheti a kapacit\u00e1s hat\u00e1rait &#8211; \u00edrja a szerz\u0151, aki szerint ezeket a hat\u00e1rokat igaz\u00e1b\u00f3l senki nem defini\u00e1lta, ennek ellen\u00e9re az \u00f6nk\u00e9ntesek, \u00e1tv\u00e9ve az \u00e1llam feladat\u00e1t tov\u00e1bbra is kitartanak.<\/strong><!--more--><\/p>\n<div class=\"ads-in-post1\"><div id=\"gazdasagportal.hu_fullbanner_wideboard\"><\/div>\r\n<\/div>\n<p>    A cikk\u00edr\u00f3 \u00fagy v\u00e9li, a politika szellemi kapacit\u00e1sainak hat\u00e1r\u00e1t azonban egy\u00e9rtelm\u0171en \u00e1tl\u00e9pt\u00e9k, hiszen k\u00e9t h\u00f3napig a korm\u00e1ny elmulasztotta, hogy rendet tegyen a menek\u00fclt\u00e1radatban, azonban k\u00e9t elvesztett tartom\u00e1nyi v\u00e1laszt\u00e1s ut\u00e1n felfedezt\u00e9k magukban a &#8222;kis Orb\u00e1nt&#8221; \u00e9s ker\u00edt\u00e9st terveznek az osztr\u00e1k hat\u00e1rra.(MTI)<br \/>\nhttp:\/\/derstandard.at\/2000024751421\/Der-Zaun-im-Hirn<\/p>\n","protected":false},"excerpt":{"rendered":"<p>A Der Standard c\u00edm\u0171 osztr\u00e1k liber\u00e1lis lap online kiad\u00e1s\u00e1ban megjelent komment\u00e1r szerint a menek\u00fcltek befogad\u00e1sa m\u00e9g tegnap az osztr\u00e1k nemzeti hi\u00fas\u00e1got legyezgette, megbotr\u00e1nkozottan len\u00e9zve a &#8222;k\u00fcl\u00f6nb\u00f6z\u0151 Orb\u00e1nokat&#8221;. Azonban a menek\u00fclthull\u00e1m m\u00e1ra m\u00e1r \u00e1tl\u00e9pheti a kapacit\u00e1s hat\u00e1rait &#8211; \u00edrja a szerz\u0151, aki szerint ezeket a hat\u00e1rokat igaz\u00e1b\u00f3l senki nem defini\u00e1lta, ennek ellen\u00e9re az \u00f6nk\u00e9ntesek, \u00e1tv\u00e9ve az &#8230;<\/p>\n","protected":false},"author":1,"featured_media":49053,"comment_status":"open","ping_status":"closed","sticky":false,"template":"","format":"standard","meta":[],"categories":[146,4,18],"tags":[],"_links":{"self":[{"href":"https:\/\/gazdasagportal.hu\/index.php\/wp-json\/wp\/v2\/posts\/69835"}],"collection":[{"href":"https:\/\/gazdasagportal.hu\/index.php\/wp-json\/wp\/v2\/posts"}],"about":[{"href":"https:\/\/gazdasagportal.hu\/index.php\/wp-json\/wp\/v2\/types\/post"}],"author":[{"embeddable":true,"href":"https:\/\/gazdasagportal.hu\/index.php\/wp-json\/wp\/v2\/users\/1"}],"replies":[{"embeddable":true,"href":"https:\/\/gazdasagportal.hu\/index.php\/wp-json\/wp\/v2\/comments?post=69835"}],"version-history":[{"count":1,"href":"https:\/\/gazdasagportal.hu\/index.php\/wp-json\/wp\/v2\/posts\/69835\/revisions"}],"predecessor-version":[{"id":69836,"href":"https:\/\/gazdasagportal.hu\/index.php\/wp-json\/wp\/v2\/posts\/69835\/revisions\/69836"}],"wp:featuredmedia":[{"embeddable":true,"href":"https:\/\/gazdasagportal.hu\/index.php\/wp-json\/wp\/v2\/media\/49053"}],"wp:attachment":[{"href":"https:\/\/gazdasagportal.hu\/index.php\/wp-json\/wp\/v2\/media?parent=69835"}],"wp:term":[{"taxonomy":"category","embeddable":true,"href":"https:\/\/gazdasagportal.hu\/index.php\/wp-json\/wp\/v2\/categories?post=69835"},{"taxonomy":"post_tag","embeddable":true,"href":"https:\/\/gazdasagportal.hu\/index.php\/wp-json\/wp\/v2\/tags?post=69835"}],"curies":[{"name":"wp","href":"https:\/\/api.w.org\/{rel}","templated":true}]}}