{"id":69823,"date":"2015-10-31T04:24:05","date_gmt":"2015-10-31T03:24:05","guid":{"rendered":"http:\/\/gazdasagportal.hu\/?p=69823"},"modified":"2015-10-30T22:34:43","modified_gmt":"2015-10-30T21:34:43","slug":"illegalis-bevandorlas-allandosulo-kvota-eseten-szazezrek-erkezhetnenek-magyarorszagra","status":"publish","type":"post","link":"https:\/\/gazdasagportal.hu\/index.php\/illegalis-bevandorlas-allandosulo-kvota-eseten-szazezrek-erkezhetnenek-magyarorszagra\/","title":{"rendered":"Illeg\u00e1lis bev\u00e1ndorl\u00e1s &#8211; \u00c1lland\u00f3sul\u00f3 kv\u00f3ta eset\u00e9n sz\u00e1zezrek \u00e9rkezhetn\u00e9nek Magyarorsz\u00e1gra"},"content":{"rendered":"<p><strong>Ak\u00e1r sz\u00e1zezrek is \u00e9rkezhetn\u00e9nek Magyarorsz\u00e1gra, ha bevezetn\u00e9k a folyamatosan \u00e9rkez\u0151 migr\u00e1nsok EU-orsz\u00e1gok k\u00f6z\u00f6tti sz\u00e9toszt\u00e1s\u00e1nak \u00e1lland\u00f3sul\u00f3 befogad\u00e1si kv\u00f3t\u00e1j\u00e1t &#8211; mondta az M1 aktu\u00e1lis csatorn\u00e1n p\u00e9ntek este Tuzson Bence, a Minisztereln\u00f6ki Kabinetiroda kommunik\u00e1ci\u00f3\u00e9rt felel\u0151s \u00e1llamtitk\u00e1ra.<\/strong><!--more--><\/p>\n<div class=\"ads-in-post1\"><div id=\"gazdasagportal.hu_fullbanner_wideboard\"><\/div>\r\n<\/div>\n<p>    &#8222;Mi ezt nem akarjuk, hi\u00e1ba akarj\u00e1k egyesek felgyors\u00edtani ezt a folyamatot, ez\u00e9rt minden nemzetk\u00f6zi, minden uni\u00f3s f\u00f3rumon tiltakozunk ez ellen, ak\u00e1r b\u00edr\u00f3s\u00e1gi \u00faton is&#8221; &#8211; jelentette ki.<br \/>\n    Hangs\u00falyozta: uni\u00f3s csatlakoz\u00e1sakor Magyarorsz\u00e1g nem tett olyan v\u00e1llal\u00e1st, amellyel &#8222;hozz\u00e1j\u00e1rulna ahhoz, hogy befogadjon nagy sz\u00e1mban embereket, \u00e9s hozz\u00e1j\u00e1ruljon ahhoz, hogy Magyarorsz\u00e1g esetleg emiatt megv\u00e1ltozzon&#8221;.<br \/>\n    A befogad\u00e1st szuverenit\u00e1si k\u00e9rd\u00e9snek nevezve kiemelte: Magyarorsz\u00e1g nem sz\u00f3l bele m\u00e1s \u00e1llamok d\u00f6nt\u00e9s\u00e9be, \u00e9s ugyanezt v\u00e1rja el.<br \/>\n    A menek\u00fclteket be nem fogad\u00f3 orsz\u00e1gok uni\u00f3s forr\u00e1sainak esetleges kurt\u00edt\u00e1s\u00e1val kapcsolatos k\u00e9rd\u00e9sre azt mondta: ezek az \u00f6sszegek j\u00e1rnak, &#8222;az\u00e9rt, mert Magyarorsz\u00e1g annak idej\u00e9n megnyitotta a piacait, \u00e9s ez\u00e9rt a felz\u00e1rk\u00f3z\u00e1s\u00e1t t\u00e1mogatj\u00e1k&#8221;.<br \/>\n    Ezt a p\u00e9nzt semmilyen m\u00e1s felt\u00e9telhez nem lehet k\u00f6tni, k\u00fcl\u00f6n\u00f6sen egy olyan felt\u00e9telhez, amelyre semmilyen uni\u00f3s szab\u00e1ly nem k\u00f6telezi Magyarorsz\u00e1got &#8211; hangs\u00falyozta Tuzson Bence.(MTI)<\/p>\n","protected":false},"excerpt":{"rendered":"<p>Ak\u00e1r sz\u00e1zezrek is \u00e9rkezhetn\u00e9nek Magyarorsz\u00e1gra, ha bevezetn\u00e9k a folyamatosan \u00e9rkez\u0151 migr\u00e1nsok EU-orsz\u00e1gok k\u00f6z\u00f6tti sz\u00e9toszt\u00e1s\u00e1nak \u00e1lland\u00f3sul\u00f3 befogad\u00e1si kv\u00f3t\u00e1j\u00e1t &#8211; mondta az M1 aktu\u00e1lis csatorn\u00e1n p\u00e9ntek este Tuzson Bence, a Minisztereln\u00f6ki Kabinetiroda kommunik\u00e1ci\u00f3\u00e9rt felel\u0151s \u00e1llamtitk\u00e1ra.<\/p>\n","protected":false},"author":1,"featured_media":0,"comment_status":"open","ping_status":"closed","sticky":false,"template":"","format":"standard","meta":[],"categories":[4],"tags":[],"_links":{"self":[{"href":"https:\/\/gazdasagportal.hu\/index.php\/wp-json\/wp\/v2\/posts\/69823"}],"collection":[{"href":"https:\/\/gazdasagportal.hu\/index.php\/wp-json\/wp\/v2\/posts"}],"about":[{"href":"https:\/\/gazdasagportal.hu\/index.php\/wp-json\/wp\/v2\/types\/post"}],"author":[{"embeddable":true,"href":"https:\/\/gazdasagportal.hu\/index.php\/wp-json\/wp\/v2\/users\/1"}],"replies":[{"embeddable":true,"href":"https:\/\/gazdasagportal.hu\/index.php\/wp-json\/wp\/v2\/comments?post=69823"}],"version-history":[{"count":1,"href":"https:\/\/gazdasagportal.hu\/index.php\/wp-json\/wp\/v2\/posts\/69823\/revisions"}],"predecessor-version":[{"id":69824,"href":"https:\/\/gazdasagportal.hu\/index.php\/wp-json\/wp\/v2\/posts\/69823\/revisions\/69824"}],"wp:attachment":[{"href":"https:\/\/gazdasagportal.hu\/index.php\/wp-json\/wp\/v2\/media?parent=69823"}],"wp:term":[{"taxonomy":"category","embeddable":true,"href":"https:\/\/gazdasagportal.hu\/index.php\/wp-json\/wp\/v2\/categories?post=69823"},{"taxonomy":"post_tag","embeddable":true,"href":"https:\/\/gazdasagportal.hu\/index.php\/wp-json\/wp\/v2\/tags?post=69823"}],"curies":[{"name":"wp","href":"https:\/\/api.w.org\/{rel}","templated":true}]}}