{"id":69818,"date":"2015-10-30T20:09:46","date_gmt":"2015-10-30T19:09:46","guid":{"rendered":"http:\/\/gazdasagportal.hu\/?p=69818"},"modified":"2015-10-30T17:20:39","modified_gmt":"2015-10-30T16:20:39","slug":"vilagkiallitas-szombaton-zarul-a-milanoi-expo-2","status":"publish","type":"post","link":"https:\/\/gazdasagportal.hu\/index.php\/vilagkiallitas-szombaton-zarul-a-milanoi-expo-2\/","title":{"rendered":"Vil\u00e1gki\u00e1ll\u00edt\u00e1s &#8211; Szombaton z\u00e1rul a mil\u00e1n\u00f3i expo"},"content":{"rendered":"<p><strong>Szombaton z\u00e1rja kapuit a m\u00e1jus elsej\u00e9n megnyitott Expo2015 mil\u00e1n\u00f3i vil\u00e1gki\u00e1ll\u00edt\u00e1s, amelynek f\u00e9l \u00e9v alatt t\u00f6bb mint 21 milli\u00f3 l\u00e1togat\u00f3ja volt a m\u00e9g nem v\u00e9gleges adatok szerint.<\/strong><!--more--><\/p>\n<p>    Sergio Mattarella olasz \u00e1llamf\u0151 jelenl\u00e9t\u00e9ben tartj\u00e1k az Expo2015 z\u00e1r\u00f3\u00fcnneps\u00e9g\u00e9t, amelyet a RAI olasz k\u00f6zszolg\u00e1lati telev\u00edzi\u00f3 szombaton k\u00f6zvet\u00edt. A vil\u00e1gki\u00e1ll\u00edt\u00e1s hivatalosan szombat \u00e9jf\u00e9lkor \u00e9r v\u00e9get: az utols\u00f3 \u00f3r\u00e1kban hatalmas \u00fcnnepl\u0151 t\u00f6meget v\u00e1rnak a ki\u00e1ll\u00edt\u00e1s b\u00facs\u00faztat\u00e1s\u00e1ra.<br \/>\n    A vil\u00e1gki\u00e1ll\u00edt\u00e1st az olasz korm\u00e1ny sikerk\u00e9nt k\u00f6nyvelte el Mil\u00e1n\u00f3 \u00e9s az eg\u00e9sz orsz\u00e1g sz\u00e1m\u00e1ra. Az el\u0151rejelz\u00e9sek szerint az utols\u00f3 k\u00e9t nap l\u00e1togat\u00f3it is sz\u00e1m\u00edtva a rendezv\u00e9nyt t\u00f6bb mint 21 milli\u00f3an kerest\u00e9k fel Olaszorsz\u00e1gb\u00f3l \u00e9s az eg\u00e9sz vil\u00e1gb\u00f3l. K\u00f6z\u00f6tt\u00fck 2 milli\u00f3 volt a gyerek, a l\u00e1togat\u00f3k egyharmada k\u00fclf\u00f6ldi volt. Hatvan magas szint\u0171 politikus kereste fel a vil\u00e1gki\u00e1ll\u00edt\u00e1st, k\u00f6zt\u00fck Vlagyimir Putyin orosz eln\u00f6k, Angela Merkel n\u00e9met kancell\u00e1r \u00e9s Michelle Obama, az amerikai eln\u00f6k feles\u00e9ge is. Az utols\u00f3 hetekben t\u00f6bb \u00f3r\u00e1t kellett v\u00e1rakozniuk a sorban \u00e1ll\u00f3knak a vil\u00e1gki\u00e1ll\u00edt\u00e1s p\u00e9nzt\u00e1rain\u00e1l \u00e9s a legl\u00e1togatottabb pavilonokn\u00e1l is.<br \/>\n    November elsej\u00e9t\u0151l megkezdik a pavilonok sz\u00e9tszerel\u00e9s\u00e9t, a vil\u00e1gki\u00e1ll\u00edt\u00e1s ter\u00fclet\u00e9t j\u00f6v\u0151 j\u00fanius v\u00e9g\u00e9re kell teljesen megszabad\u00edtani az \u00e9p\u00fcletekt\u0151l. A ki\u00e1ll\u00edt\u00f3 \u00e1llamok egy r\u00e9sze \u00fajrahasznos\u00edtja az Expo2015-re \u00e9p\u00edtett pavilont: Monaco hercegs\u00e9g\u00e9nek sz\u00ednes kont\u00e9ner-\u00e9p\u00edtm\u00e9ny\u00e9b\u0151l a nemzetk\u00f6zi v\u00f6r\u00f6skereszt k\u00f6zpontja lesz Burkina Fas\u00f3ban. Az osztr\u00e1k pavilonban lev\u0151 erd\u0151t teljes eg\u00e9sz\u00e9ben az \u00e9szak-olaszorsz\u00e1gi Bolzano hegyeiben \u00fcltetik el. Azerbajdzs\u00e1n pavilonj\u00e1t az orsz\u00e1g f\u0151v\u00e1ros\u00e1ba, Bakuba k\u00f6lt\u00f6ztetik, az \u00e9szt pavilonban lev\u0151 hint\u00e1kat a balti \u00e1llam v\u00e1rosainak j\u00e1tsz\u00f3terein \u00e1ll\u00edtj\u00e1k fel. A magyar pavilon Szombathelyre ker\u00fcl ahol eg\u00e9szs\u00e9gk\u00f6zpont m\u0171k\u00f6dik majd benne.<br \/>\n    Van olyan pavilon is, amely egyel\u0151re a vil\u00e1gki\u00e1ll\u00edt\u00e1s ter\u00fclet\u00e9n  marad, k\u00f6z\u00f6tt\u00fck a Casa Italia olasz pavilon \u00e9s a mellette \u00e1ll\u00f3 \u00c9letfa, amelyn\u00e9l 1250 alkalommal mutattak be zen\u00e9s v\u00edzi el\u0151ad\u00e1sokat \u00e9s ezzel az egyik legt\u00f6bb l\u00e1togat\u00f3t vonz\u00f3 attrakci\u00f3nak bizonyult. Az Expo2015 jelk\u00e9p\u00e9nek sz\u00e1m\u00edt\u00f3 \u00c9letf\u00e1t 14 milli\u00f3an n\u00e9zt\u00e9k meg \u00e9s a l\u00e1togat\u00f3k 800 ezer fot\u00f3t tettek k\u00f6zz\u00e9 r\u00f3la a k\u00f6z\u00f6ss\u00e9gi port\u00e1lokon.<br \/>\n    M\u00e1s pavilonokat teljesen sz\u00e9tszednek. Ezek berendez\u00e9seit, b\u00fatorzat\u00e1t m\u00e1ris internetes \u00e1rver\u00e9sre bocs\u00e1tott\u00e1k, ahogyan Braz\u00edlia \u00e9s Sv\u00e1jc tette. Az Expo2015 haszn\u00e1lati t\u00e1rgyai is elad\u00f3k, a rekl\u00e1m- \u00e9s eml\u00e9kt\u00e1rgyakat pedig az utols\u00f3 napokban m\u00e1r jelent\u0151s kedvezm\u00e9nnyel \u00e1rult\u00e1k.(MTI)     <\/p>\n","protected":false},"excerpt":{"rendered":"<p>Szombaton z\u00e1rja kapuit a m\u00e1jus elsej\u00e9n megnyitott Expo2015 mil\u00e1n\u00f3i vil\u00e1gki\u00e1ll\u00edt\u00e1s, amelynek f\u00e9l \u00e9v alatt t\u00f6bb mint 21 milli\u00f3 l\u00e1togat\u00f3ja volt a m\u00e9g nem v\u00e9gleges adatok szerint.<\/p>\n","protected":false},"author":1,"featured_media":0,"comment_status":"open","ping_status":"closed","sticky":false,"template":"","format":"standard","meta":[],"categories":[4],"tags":[],"_links":{"self":[{"href":"https:\/\/gazdasagportal.hu\/index.php\/wp-json\/wp\/v2\/posts\/69818"}],"collection":[{"href":"https:\/\/gazdasagportal.hu\/index.php\/wp-json\/wp\/v2\/posts"}],"about":[{"href":"https:\/\/gazdasagportal.hu\/index.php\/wp-json\/wp\/v2\/types\/post"}],"author":[{"embeddable":true,"href":"https:\/\/gazdasagportal.hu\/index.php\/wp-json\/wp\/v2\/users\/1"}],"replies":[{"embeddable":true,"href":"https:\/\/gazdasagportal.hu\/index.php\/wp-json\/wp\/v2\/comments?post=69818"}],"version-history":[{"count":1,"href":"https:\/\/gazdasagportal.hu\/index.php\/wp-json\/wp\/v2\/posts\/69818\/revisions"}],"predecessor-version":[{"id":69819,"href":"https:\/\/gazdasagportal.hu\/index.php\/wp-json\/wp\/v2\/posts\/69818\/revisions\/69819"}],"wp:attachment":[{"href":"https:\/\/gazdasagportal.hu\/index.php\/wp-json\/wp\/v2\/media?parent=69818"}],"wp:term":[{"taxonomy":"category","embeddable":true,"href":"https:\/\/gazdasagportal.hu\/index.php\/wp-json\/wp\/v2\/categories?post=69818"},{"taxonomy":"post_tag","embeddable":true,"href":"https:\/\/gazdasagportal.hu\/index.php\/wp-json\/wp\/v2\/tags?post=69818"}],"curies":[{"name":"wp","href":"https:\/\/api.w.org\/{rel}","templated":true}]}}