{"id":69806,"date":"2015-10-30T15:56:35","date_gmt":"2015-10-30T14:56:35","guid":{"rendered":"http:\/\/gazdasagportal.hu\/?p=69806"},"modified":"2015-10-30T15:56:35","modified_gmt":"2015-10-30T14:56:35","slug":"terrortamadast-akadalyoztak-meg-bosznia-hercegovinaban","status":"publish","type":"post","link":"https:\/\/gazdasagportal.hu\/index.php\/terrortamadast-akadalyoztak-meg-bosznia-hercegovinaban\/","title":{"rendered":"Terrort\u00e1mad\u00e1st akad\u00e1lyoztak meg Bosznia-Hercegovin\u00e1ban"},"content":{"rendered":"<p><strong>Egy hotel elleni terrort\u00e1mad\u00e1st akad\u00e1lyoztak meg a boszniai hat\u00f3s\u00e1gok p\u00e9nteken az orsz\u00e1g f\u0151k\u00e9nt szerbek lakta r\u00e9sz\u00e9ben, a boszniai Szerb K\u00f6zt\u00e1rsas\u00e1gban &#8211; sz\u00e1molt be r\u00f3la a Nezavisne Novine c\u00edm\u0171 boszniai napilap.<\/strong><!--more--><\/p>\n<div class=\"ads-in-post1\"><div id=\"gazdasagportal.hu_fullbanner_wideboard\"><\/div>\r\n<\/div>\n<p>    A kelet-boszniai Janja telep\u00fcl\u00e9s Dallas nev\u0171 hotelj\u00e9ben a rend\u0151rs\u00e9g nagy mennyis\u00e9g\u0171 gy\u00fal\u00e9kony folyad\u00e9kot, robban\u00f3anyagot \u00e9s pirotechnikai eszk\u00f6zt tal\u00e1lt, amelyeket a gyan\u00fa szerint azzal a c\u00e9llal k\u00f6t\u00f6ttek \u00f6ssze, hogy felrobbants\u00e1k az \u00e9p\u00fcletet. A hotel t\u00f6bb m\u00e1s \u00e9p\u00fclettel is k\u00f6zvetlen\u00fcl \u00e9rintkezik, \u00edgy azok is megs\u00e9r\u00fcltek volna.<br \/>\n    Aleksandra Simojlovic, a helyi k\u00f6zbiztons\u00e1gi k\u00f6zpont sz\u00f3viv\u0151je a sajt\u00f3nak azt mondta: a hotelben t\u00f6bb mint 100 liter benzint, nagysz\u00e1m\u00fa g\u00e1zpalackot \u00e9s m\u00e1s gy\u00fal\u00e9kony, valamint robban\u00e9kony anyagot tal\u00e1ltak.<br \/>\n    A hotelt &#8211; amelynek tulajdonosa egy Hollandi\u00e1ban \u00e9l\u0151 64 \u00e9ves n\u0151 &#8211; azt k\u00f6vet\u0151en vizsg\u00e1lta \u00e1t a rend\u0151rs\u00e9g, hogy a tudom\u00e1sukra jutott: terrort\u00e1mad\u00e1s k\u00e9sz\u00fcl a v\u00e1rosban.(MTI)<\/p>\n","protected":false},"excerpt":{"rendered":"<p>Egy hotel elleni terrort\u00e1mad\u00e1st akad\u00e1lyoztak meg a boszniai hat\u00f3s\u00e1gok p\u00e9nteken az orsz\u00e1g f\u0151k\u00e9nt szerbek lakta r\u00e9sz\u00e9ben, a boszniai Szerb K\u00f6zt\u00e1rsas\u00e1gban &#8211; sz\u00e1molt be r\u00f3la a Nezavisne Novine c\u00edm\u0171 boszniai napilap.<\/p>\n","protected":false},"author":1,"featured_media":0,"comment_status":"open","ping_status":"closed","sticky":false,"template":"","format":"standard","meta":[],"categories":[12],"tags":[],"_links":{"self":[{"href":"https:\/\/gazdasagportal.hu\/index.php\/wp-json\/wp\/v2\/posts\/69806"}],"collection":[{"href":"https:\/\/gazdasagportal.hu\/index.php\/wp-json\/wp\/v2\/posts"}],"about":[{"href":"https:\/\/gazdasagportal.hu\/index.php\/wp-json\/wp\/v2\/types\/post"}],"author":[{"embeddable":true,"href":"https:\/\/gazdasagportal.hu\/index.php\/wp-json\/wp\/v2\/users\/1"}],"replies":[{"embeddable":true,"href":"https:\/\/gazdasagportal.hu\/index.php\/wp-json\/wp\/v2\/comments?post=69806"}],"version-history":[{"count":1,"href":"https:\/\/gazdasagportal.hu\/index.php\/wp-json\/wp\/v2\/posts\/69806\/revisions"}],"predecessor-version":[{"id":69807,"href":"https:\/\/gazdasagportal.hu\/index.php\/wp-json\/wp\/v2\/posts\/69806\/revisions\/69807"}],"wp:attachment":[{"href":"https:\/\/gazdasagportal.hu\/index.php\/wp-json\/wp\/v2\/media?parent=69806"}],"wp:term":[{"taxonomy":"category","embeddable":true,"href":"https:\/\/gazdasagportal.hu\/index.php\/wp-json\/wp\/v2\/categories?post=69806"},{"taxonomy":"post_tag","embeddable":true,"href":"https:\/\/gazdasagportal.hu\/index.php\/wp-json\/wp\/v2\/tags?post=69806"}],"curies":[{"name":"wp","href":"https:\/\/api.w.org\/{rel}","templated":true}]}}