{"id":69666,"date":"2015-10-28T16:19:26","date_gmt":"2015-10-28T15:19:26","guid":{"rendered":"http:\/\/gazdasagportal.hu\/?p=69666"},"modified":"2015-10-28T16:19:26","modified_gmt":"2015-10-28T15:19:26","slug":"az-ep-leszavazta-a-gmo-import-tagallami-tilalmara-vonatkozo-javaslatot","status":"publish","type":"post","link":"https:\/\/gazdasagportal.hu\/index.php\/az-ep-leszavazta-a-gmo-import-tagallami-tilalmara-vonatkozo-javaslatot\/","title":{"rendered":"Az EP leszavazta a GMO-import tag\u00e1llami tilalm\u00e1ra vonatkoz\u00f3 javaslatot"},"content":{"rendered":"<p><strong>Els\u00f6pr\u0151 t\u00f6bbs\u00e9ggel elutas\u00edtotta szerd\u00e1n az Eur\u00f3pai Parlament (EP) plen\u00e1ris \u00fcl\u00e9se azt a javaslatot, amely a g\u00e9nm\u00f3dos\u00edtott organizmusokat (GMO) tartalmaz\u00f3 n\u00f6v\u00e9nyek k\u00f6ztermeszt\u00e9se ut\u00e1n abban is v\u00e9t\u00f3jogot adott volna az uni\u00f3s tag\u00e1llamoknak, hogy enged\u00e9lyezik-e uni\u00f3s szinten m\u00e1r j\u00f3v\u00e1hagyott GMO-t tartalmaz\u00f3 term\u00e9kek forgalmaz\u00e1s\u00e1t \u00e9s felhaszn\u00e1l\u00e1s\u00e1t a saj\u00e1t ter\u00fclet\u00fck\u00f6n.<\/strong><!--more--><\/p>\n<div class=\"ads-in-post1\"><div id=\"gazdasagportal.hu_fullbanner_wideboard\"><\/div>\r\n<\/div>\n<p>    Az EP k\u00f6rnyezetv\u00e9delmi bizotts\u00e1g\u00e1nak eln\u00f6ke szerint a javaslat \u00f6sszeegyeztethetetlen az egys\u00e9ges piaccal \u00e9s nem is kivitelezhet\u0151, mert m\u00edg a termeszt\u00e9s a f\u00f6ldh\u00f6z k\u00f6t\u0151dik, a forgalmaz\u00e1si tilalom aligha kik\u00e9nyszer\u00edthet\u0151, miut\u00e1n hat\u00e1rok h\u00edj\u00e1n b\u00e1rmilyen \u00e1ru b\u00e1rhova akad\u00e1lytalanul elsz\u00e1ll\u00edthat\u00f3. Giovanni La Via arra is kit\u00e9rt, hogy az uni\u00f3s mez\u0151gazdas\u00e1g jelent\u0151s m\u00e9rt\u00e9kben t\u00e1maszkodik a g\u00e9nm\u00f3dos\u00edtott forr\u00e1sb\u00f3l sz\u00e1rmaz\u00f3 feh\u00e9rj\u00e9kre.<br \/>\n    A tervezet elutas\u00edt\u00e1s\u00e1t 577 k\u00e9pvisel\u0151 t\u00e1mogatta, 75-en szavaztak ellene \u00e9s 38-an tart\u00f3zkodtak.<br \/>\n    &#8222;A javaslat fejre \u00e1ll\u00edtan\u00e1 mindazt, amit az egys\u00e9ges piaccal \u00e9s a v\u00e1muni\u00f3val m\u00e1r el\u00e9rt\u00fcnk&#8221; &#8211; id\u00e9zi a k\u00f6zlem\u00e9ny La Vi\u00e1t. Az EP k\u00f6zlem\u00e9ny\u00e9ben azt \u00edrja: a tervezet ak\u00e1r a hat\u00e1rellen\u0151rz\u00e9s vissza\u00e1ll\u00edt\u00e1s\u00e1hoz is vezethetne a GMO-t enged\u00e9lyez\u0151 \u00e9s tilt\u00f3 tag\u00e1llamok k\u00f6z\u00f6tt.<br \/>\n    A k\u00f6rnyezetv\u00e9delmi bizotts\u00e1g eln\u00f6ke szerint a javaslatot el\u0151terjeszt\u0151 Eur\u00f3pai Bizotts\u00e1g semmilyen hat\u00e1stanulm\u00e1nyt nem v\u00e9gzett, nem m\u00e9rte fel a v\u00e1rhat\u00f3 k\u00f6vetkezm\u00e9nyeket. A bizotts\u00e1g \u00e1prilisban terjesztette el\u0151 a javaslatot, miut\u00e1n \u00e9rv\u00e9nybe l\u00e9pett az a szab\u00e1ly, hogy a k\u00f6ztermeszt\u00e9s eset\u00e9n a tag\u00e1llamok d\u00f6nthetnek k\u00fcl\u00f6n arr\u00f3l, hogy enged\u00e9lyezik-e uni\u00f3s szinten m\u00e1r j\u00f3v\u00e1hagyott g\u00e9nm\u00f3dos\u00edtott n\u00f6v\u00e9nyek k\u00f6ztermeszt\u00e9s\u00e9t. A br\u00fcsszeli test\u00fclet szerint a felhaszn\u00e1l\u00e1s \u00e9s forgalmaz\u00e1s ter\u00e9n is ugyan\u00edgy kellene elj\u00e1rni, ez\u00e9rt nem vonja vissza a jogszab\u00e1lytervezetet.<br \/>\n    A javaslat elvet\u00e9s\u00e9vel az EP \u00f6nmag\u00e1ban nem tudja megsemmis\u00edteni a kezdem\u00e9nyez\u00e9st. A bizotts\u00e1g javaslata csak akkor bukik el v\u00e9gleg, ha a tag\u00e1llamok korm\u00e1nyait t\u00f6m\u00f6r\u00edt\u0151 miniszterek tan\u00e1csa is elutas\u00edtja.<br \/>\n    Magyarorsz\u00e1gon az alapt\u00f6rv\u00e9ny rendelkezik arr\u00f3l, hogy az \u00e1llam a testi \u00e9s lelki eg\u00e9szs\u00e9ghez val\u00f3 jogot a t\u00f6bbi k\u00f6z\u00f6tt genetikailag m\u00f3dos\u00edtott \u00e9l\u0151l\u00e9nyekt\u0151l mentes mez\u0151gazdas\u00e1ggal seg\u00edti el\u0151.(MTI)<\/p>\n","protected":false},"excerpt":{"rendered":"<p>Els\u00f6pr\u0151 t\u00f6bbs\u00e9ggel elutas\u00edtotta szerd\u00e1n az Eur\u00f3pai Parlament (EP) plen\u00e1ris \u00fcl\u00e9se azt a javaslatot, amely a g\u00e9nm\u00f3dos\u00edtott organizmusokat (GMO) tartalmaz\u00f3 n\u00f6v\u00e9nyek k\u00f6ztermeszt\u00e9se ut\u00e1n abban is v\u00e9t\u00f3jogot adott volna az uni\u00f3s tag\u00e1llamoknak, hogy enged\u00e9lyezik-e uni\u00f3s szinten m\u00e1r j\u00f3v\u00e1hagyott GMO-t tartalmaz\u00f3 term\u00e9kek forgalmaz\u00e1s\u00e1t \u00e9s felhaszn\u00e1l\u00e1s\u00e1t a saj\u00e1t ter\u00fclet\u00fck\u00f6n.<\/p>\n","protected":false},"author":1,"featured_media":0,"comment_status":"open","ping_status":"closed","sticky":false,"template":"","format":"standard","meta":[],"categories":[246],"tags":[],"_links":{"self":[{"href":"https:\/\/gazdasagportal.hu\/index.php\/wp-json\/wp\/v2\/posts\/69666"}],"collection":[{"href":"https:\/\/gazdasagportal.hu\/index.php\/wp-json\/wp\/v2\/posts"}],"about":[{"href":"https:\/\/gazdasagportal.hu\/index.php\/wp-json\/wp\/v2\/types\/post"}],"author":[{"embeddable":true,"href":"https:\/\/gazdasagportal.hu\/index.php\/wp-json\/wp\/v2\/users\/1"}],"replies":[{"embeddable":true,"href":"https:\/\/gazdasagportal.hu\/index.php\/wp-json\/wp\/v2\/comments?post=69666"}],"version-history":[{"count":1,"href":"https:\/\/gazdasagportal.hu\/index.php\/wp-json\/wp\/v2\/posts\/69666\/revisions"}],"predecessor-version":[{"id":69667,"href":"https:\/\/gazdasagportal.hu\/index.php\/wp-json\/wp\/v2\/posts\/69666\/revisions\/69667"}],"wp:attachment":[{"href":"https:\/\/gazdasagportal.hu\/index.php\/wp-json\/wp\/v2\/media?parent=69666"}],"wp:term":[{"taxonomy":"category","embeddable":true,"href":"https:\/\/gazdasagportal.hu\/index.php\/wp-json\/wp\/v2\/categories?post=69666"},{"taxonomy":"post_tag","embeddable":true,"href":"https:\/\/gazdasagportal.hu\/index.php\/wp-json\/wp\/v2\/tags?post=69666"}],"curies":[{"name":"wp","href":"https:\/\/api.w.org\/{rel}","templated":true}]}}