{"id":69597,"date":"2015-10-27T16:21:37","date_gmt":"2015-10-27T15:21:37","guid":{"rendered":"http:\/\/gazdasagportal.hu\/?p=69597"},"modified":"2015-10-27T16:21:37","modified_gmt":"2015-10-27T15:21:37","slug":"jovore-csokken-romaniaban-az-osztalekado","status":"publish","type":"post","link":"https:\/\/gazdasagportal.hu\/index.php\/jovore-csokken-romaniaban-az-osztalekado\/","title":{"rendered":"J\u00f6v\u0151re cs\u00f6kken Rom\u00e1ni\u00e1ban az osztal\u00e9kad\u00f3"},"content":{"rendered":"<p><strong>M\u00e1r j\u00f6v\u0151re a jelenlegi 16-r\u00f3l 5 sz\u00e1zal\u00e9kra cs\u00f6kken Rom\u00e1ni\u00e1ban az osztal\u00e9kad\u00f3 &#8211; d\u00f6nt\u00f6tt s\u00fcrg\u0151ss\u00e9gi rendeletben kedden a bukaresti korm\u00e1ny.<br \/>\n<\/strong><!--more--><\/p>\n<div class=\"ads-in-post1\"><div id=\"gazdasagportal.hu_fullbanner_wideboard\"><\/div>\r\n<\/div>\n    A szeptemberben elfogadott \u00faj ad\u00f3t\u00f6rv\u00e9ny az osztal\u00e9kad\u00f3 cs\u00f6kkent\u00e9s\u00e9t &#8211; \u00e9s m\u00e1s gazdas\u00e1g\u00e9l\u00e9nk\u00edt\u0151 int\u00e9zked\u00e9seket &#8211; 2017-t\u0151l kezd\u0151d\u0151en ir\u00e1nyozta el\u0151, hogy azok ne vesz\u00e9lyeztess\u00e9k a k\u00f6lts\u00e9gvet\u00e9s egyens\u00faly\u00e1t. J\u00f6v\u0151re ugyanis az \u00e1fa is n\u00e9gy sz\u00e1zal\u00e9kponttal (20 sz\u00e1zal\u00e9kra) cs\u00f6kken Rom\u00e1ni\u00e1ban.<br \/>\n    Az \u00f3vatosabb ad\u00f3politik\u00e1r\u00f3l augusztus v\u00e9g\u00e9n p\u00e1rtk\u00f6zi konszenzus sz\u00fcletett a koal\u00edci\u00f3s p\u00e1rtok \u00e9s az ellenz\u00e9k k\u00f6z\u00f6tt. Ezt a meg\u00e1llapod\u00e1st b\u00edr\u00e1lta fel\u00fcl Victor Ponta \u00e9s korm\u00e1nya, arra hivatkozva, hogy az osztal\u00e9kad\u00f3 cs\u00f6kkent\u00e9s\u00e9re is megvan m\u00e1r a fedezet.<br \/>\n    A kedden elfogadott s\u00fcrg\u0151ss\u00e9gi korm\u00e1nyrendelet a vezet\u00e9kes iv\u00f3v\u00edzre \u00e9s az \u00f6nt\u00f6z\u0151rendszerek \u00e1ltal haszn\u00e1lt v\u00edzre is m\u00e1r 2016-t\u00f3l kezd\u0151d\u0151en kiterjeszti &#8211; az \u00e9lelmiszerekre \u00e9rv\u00e9nyes &#8211; 9 sz\u00e1zal\u00e9kos kedvezm\u00e9nyes \u00e1f\u00e1t.<br \/>\n    A jogszab\u00e1ly egy m\u00e1sik rendelkez\u00e9se kiterjeszti azon v\u00e1llalatok k\u00f6r\u00e9t, amelyek mikrov\u00e1llalkoz\u00e1sk\u00e9nt k\u00f6nny\u00edtett ad\u00f3z\u00e1si m\u00f3dszert vehetnek ig\u00e9nybe. A rendelet 65 ezer eur\u00f3r\u00f3l 100 ezer eur\u00f3ra emelte a mikrov\u00e1llalkoz\u00e1sok \u00e1rbev\u00e9telre vonatkoz\u00f3 fels\u0151 hat\u00e1r\u00e1t. E c\u00e9gek a 16 sz\u00e1zal\u00e9kos nyeres\u00e9gad\u00f3 helyett, forgalmuk legfeljebb 3 sz\u00e1zal\u00e9k\u00e1t fizethetik be ad\u00f3k\u00e9nt az \u00e1llamkassz\u00e1ba.<br \/>\n    A bukaresti korm\u00e1ny most differenci\u00e1lt ad\u00f3z\u00e1ssal is b\u00e1tor\u00edtja a munkahelyteremt\u00e9st: a forgalom 3 sz\u00e1zal\u00e9k\u00e1ra rug\u00f3 ad\u00f3k\u00f6telezetts\u00e9g csak az alkalmazottak n\u00e9lk\u00fcli mikrov\u00e1llalkoz\u00e1sokn\u00e1l maradt meg, m\u00edg az egy alkalmazottal rendelkez\u0151k 2 sz\u00e1zal\u00e9kos, a k\u00e9t, vagy t\u00f6bb alkalmazottal rendelkez\u0151k pedig csak 1 sz\u00e1zal\u00e9kos ad\u00f3t fizetnek forgalmuk ut\u00e1n.<br \/>\n    J\u00f6v\u0151re \u00f6nkorm\u00e1nyzati \u00e9s parlamenti v\u00e1laszt\u00e1sokat tartanak Rom\u00e1ni\u00e1ban.(MTI)<\/p>\n","protected":false},"excerpt":{"rendered":"<p>M\u00e1r j\u00f6v\u0151re a jelenlegi 16-r\u00f3l 5 sz\u00e1zal\u00e9kra cs\u00f6kken Rom\u00e1ni\u00e1ban az osztal\u00e9kad\u00f3 &#8211; d\u00f6nt\u00f6tt s\u00fcrg\u0151ss\u00e9gi rendeletben kedden a bukaresti korm\u00e1ny.<\/p>\n","protected":false},"author":1,"featured_media":0,"comment_status":"open","ping_status":"closed","sticky":false,"template":"","format":"standard","meta":[],"categories":[246],"tags":[],"_links":{"self":[{"href":"https:\/\/gazdasagportal.hu\/index.php\/wp-json\/wp\/v2\/posts\/69597"}],"collection":[{"href":"https:\/\/gazdasagportal.hu\/index.php\/wp-json\/wp\/v2\/posts"}],"about":[{"href":"https:\/\/gazdasagportal.hu\/index.php\/wp-json\/wp\/v2\/types\/post"}],"author":[{"embeddable":true,"href":"https:\/\/gazdasagportal.hu\/index.php\/wp-json\/wp\/v2\/users\/1"}],"replies":[{"embeddable":true,"href":"https:\/\/gazdasagportal.hu\/index.php\/wp-json\/wp\/v2\/comments?post=69597"}],"version-history":[{"count":1,"href":"https:\/\/gazdasagportal.hu\/index.php\/wp-json\/wp\/v2\/posts\/69597\/revisions"}],"predecessor-version":[{"id":69598,"href":"https:\/\/gazdasagportal.hu\/index.php\/wp-json\/wp\/v2\/posts\/69597\/revisions\/69598"}],"wp:attachment":[{"href":"https:\/\/gazdasagportal.hu\/index.php\/wp-json\/wp\/v2\/media?parent=69597"}],"wp:term":[{"taxonomy":"category","embeddable":true,"href":"https:\/\/gazdasagportal.hu\/index.php\/wp-json\/wp\/v2\/categories?post=69597"},{"taxonomy":"post_tag","embeddable":true,"href":"https:\/\/gazdasagportal.hu\/index.php\/wp-json\/wp\/v2\/tags?post=69597"}],"curies":[{"name":"wp","href":"https:\/\/api.w.org\/{rel}","templated":true}]}}