{"id":69589,"date":"2015-10-27T14:04:51","date_gmt":"2015-10-27T13:04:51","guid":{"rendered":"http:\/\/gazdasagportal.hu\/?p=69589"},"modified":"2015-10-27T14:04:51","modified_gmt":"2015-10-27T13:04:51","slug":"kielezodott-a-helyzet-a-nemet-osztrak-hataron","status":"publish","type":"post","link":"https:\/\/gazdasagportal.hu\/index.php\/kielezodott-a-helyzet-a-nemet-osztrak-hataron\/","title":{"rendered":"Ki\u00e9lez\u0151d\u00f6tt a helyzet a n\u00e9met-osztr\u00e1k hat\u00e1ron"},"content":{"rendered":"<p><strong>Ki\u00e9lez\u0151d\u00f6tt a helyzet keddre az osztr\u00e1k-n\u00e9met hat\u00e1ron, a n\u00e9met hat\u00f3s\u00e1gok szerint Ausztria nem tesz semmit az ellen, hogy a menek\u00fcltek megrohamozz\u00e1k a hat\u00e1r\u00e1tkel\u0151ket.<\/strong><!--more--><\/p>\n<div class=\"ads-in-post1\"><div id=\"gazdasagportal.hu_fullbanner_wideboard\"><\/div>\r\n<\/div>\n<p>    Mivel Salzburg tartom\u00e1ny is &#8222;megtelt&#8221; migr\u00e1nsokkal, ez\u00e9rt az embereket a st\u00e1jerorsz\u00e1gi osztr\u00e1k-szlov\u00e9n hat\u00e1r\u00e1tkel\u0151kt\u0151l m\u00e1r Fels\u0151-Ausztri\u00e1ba viszik.<br \/>\n    A passaui osztr\u00e1k-n\u00e9met hat\u00e1r\u00e1tkel\u0151 ausztriai oldal\u00e1n h\u00e9tf\u0151n feltorl\u00f3dtak a menek\u00fcltek, 700-an \u00e9rkeztek buszokkal. A n\u00e9met hat\u00f3s\u00e1gok azonban csak 40-50 f\u0151s csoportokban engedt\u00e9k \u00e1t a migr\u00e1nsokat Fels\u0151-Ausztri\u00e1b\u00f3l. M\u00e1r vas\u00e1rnap t\u00f6bb ezer ember gy\u0171lt \u00f6ssze a k\u00f6rny\u00e9ken, 62 busz \u00e9rkezett ide, t\u00f6bben a szabadban \u00e9jszak\u00e1ztak.<br \/>\n    A Passaut\u00f3l d\u00e9lnyugatra fekv\u0151 Braunau hat\u00e1r\u00e1tkel\u0151n\u00e9l is sorakoztak migr\u00e1nsok, voltak, akik gyalog indultak el a hat\u00e1r fel\u00e9. Braunau hat\u00e1r menti telep\u00fcl\u00e9s 360 ember befogad\u00e1s\u00e1ra alkalmas sz\u00ednh\u00e1ztermet nyitott meg a menek\u00fclteknek, akik legfeljebb egy \u00e9jszak\u00e1t t\u00f6ltenek el a v\u00e1rosban.<br \/>\n    A Passaut\u00f3l keletre l\u00e9v\u0151 Hangingn\u00e1l kedd d\u00e9lel\u0151tt 180-an v\u00e1rt\u00e1k, hogy \u00e1tmehessenek N\u00e9metorsz\u00e1gba.<br \/>\n    Joachim Herrmann bajor bel\u00fcgyminiszter kedden felel\u0151tlennek nevezte az osztr\u00e1k hat\u00f3s\u00e1gokat, \u00e9s arr\u00f3l besz\u00e9lt, hogy hasonl\u00f3 magatart\u00e1st m\u00e9g nem tapasztalt Ausztria r\u00e9sz\u00e9r\u0151l. Horst Seehofer bajor minisztereln\u00f6k pedig \u00fagy nyilatkozott, hogy Ausztria viselked\u00e9se vesz\u00e9lyezteti a j\u00f3szomsz\u00e9di viszonyt. Franz Meyer passaui v\u00e1rosi tan\u00e1csos szerint az osztr\u00e1k hat\u00f3s\u00e1gok bejelent\u00e9s n\u00e9lk\u00fcl menek\u00fcltek ezreit sz\u00e1ll\u00edtott\u00e1k a bajor hat\u00e1rhoz. \u00dagy v\u00e9lte, hogy ennek a viselked\u00e9snek k\u00f6ze sincs az eur\u00f3pai partners\u00e9ghez.<br \/>\n    Josef Ostermayer osztr\u00e1k kancell\u00e1riaminiszter kedden d\u00e9lel\u0151tt azt k\u00f6z\u00f6lte, hogy Ausztria \u00e9s N\u00e9metorsz\u00e1g k\u00f6z\u00f6tt folyamatos \u00e9s &#8222;szoros egyeztet\u00e9s&#8221; zajlik. A miniszter a bajororsz\u00e1gi kijelent\u00e9sekre reag\u00e1lva elmondta: a jelenlegi menek\u00fclthelyzetben embers\u00e9gesen kell elj\u00e1rni, hiszen a migr\u00e1nsok ell\u00e1t\u00e1st kapnak vagy megfagynak.<br \/>\n    Az osztr\u00e1k rend\u0151ri vezet\u0151k szerint nem tudnak mit tenni \u00e9s nem tudj\u00e1k feltart\u00f3ztatni a menek\u00fclteket, amikor azok maguk indulnak el a hat\u00e1r\u00e1tkel\u0151k ir\u00e1ny\u00e1ba. Tov\u00e1bb\u00e1 a rend\u0151ri vezet\u0151k sem tudj\u00e1k pontosan, h\u00e1ny menek\u00fclt \u00e9rkezik m\u00e9g a nap folyam\u00e1n.<br \/>\n    H\u00e9tf\u0151n csaknem \u00f6tezer embert l\u00e1ttak el a st\u00e1jerorsz\u00e1gi Spielfeld \u00e1tkel\u0151n\u00e9l, a hat\u00f3s\u00e1gok kedden 7000 ember \u00e9rkez\u00e9s\u00e9re sz\u00e1m\u00edtanak, kedd d\u00e9lel\u0151tt mintegy 3400 menek\u00fclt v\u00e1rakozott itt. A st\u00e1jerorsz\u00e1gi Bad Radkersburg-i hat\u00e1r\u00e1tkel\u0151n\u00e9l jelenleg nincsenek menek\u00fcltek.<br \/>\n    Osztr\u00e1k m\u00e9diabesz\u00e1mol\u00f3k szerint az osztr\u00e1k rend\u0151ri vezet\u0151k arra figyelmeztetnek, hogy a rend\u0151rs\u00e9g el\u00e9rt teljes\u00edt\u0151k\u00e9pess\u00e9g\u00e9nek hat\u00e1r\u00e1hoz. Egyre t\u00f6bb szolg\u00e1latot teljes\u00edt\u0151 betegszik meg, a kies\u0151 munkat\u00e1rsakat nem tudj\u00e1k p\u00f3tolni saj\u00e1t k\u00f6rzet\u00fckben v\u00e9gzend\u0151 mindennapos feladatokban, ez\u00e9rt vesz\u00e9lybe ker\u00fclhet a k\u00f6zbiztons\u00e1g.<br \/>\n    A menek\u00fcltek az osztr\u00e1k besz\u00e1mol\u00f3k szerint pozit\u00edvan nyilatkoznak mind Ausztria, mint N\u00e9metorsz\u00e1g befogad\u00e1s\u00e1r\u00f3l. Azt mondj\u00e1k, hogy eddig T\u00f6r\u00f6korsz\u00e1gban, Maced\u00f3ni\u00e1ban, Szerbi\u00e1ban vagy G\u00f6r\u00f6gorsz\u00e1gban &#8222;\u00e1llatokk\u00e9nt&#8221; kezelt\u00e9k \u0151ket, itt el\u0151sz\u00f6r kapnak emberi b\u00e1n\u00e1sm\u00f3dot.<br \/>\n    H\u00e9tf\u0151n 13 ezer embert l\u00e1ttak el Ausztri\u00e1ban sz\u00fcks\u00e9gsz\u00e1ll\u00e1sokon, az el\u0151z\u0151 h\u00e9ten 4300-an adtak be mened\u00e9kjogi k\u00e9relmet az orsz\u00e1gban. A szlov\u00e9n rend\u0151rs\u00e9g k\u00f6zl\u00e9se szerint a m\u00falt h\u00e9ten 58 ezer menek\u00fclt kelt \u00e1t Szlov\u00e9ni\u00e1b\u00f3l Ausztri\u00e1ba.(MTI)<\/p>\n","protected":false},"excerpt":{"rendered":"<p>Ki\u00e9lez\u0151d\u00f6tt a helyzet keddre az osztr\u00e1k-n\u00e9met hat\u00e1ron, a n\u00e9met hat\u00f3s\u00e1gok szerint Ausztria nem tesz semmit az ellen, hogy a menek\u00fcltek megrohamozz\u00e1k a hat\u00e1r\u00e1tkel\u0151ket.<\/p>\n","protected":false},"author":1,"featured_media":0,"comment_status":"open","ping_status":"closed","sticky":false,"template":"","format":"standard","meta":[],"categories":[12],"tags":[],"_links":{"self":[{"href":"https:\/\/gazdasagportal.hu\/index.php\/wp-json\/wp\/v2\/posts\/69589"}],"collection":[{"href":"https:\/\/gazdasagportal.hu\/index.php\/wp-json\/wp\/v2\/posts"}],"about":[{"href":"https:\/\/gazdasagportal.hu\/index.php\/wp-json\/wp\/v2\/types\/post"}],"author":[{"embeddable":true,"href":"https:\/\/gazdasagportal.hu\/index.php\/wp-json\/wp\/v2\/users\/1"}],"replies":[{"embeddable":true,"href":"https:\/\/gazdasagportal.hu\/index.php\/wp-json\/wp\/v2\/comments?post=69589"}],"version-history":[{"count":1,"href":"https:\/\/gazdasagportal.hu\/index.php\/wp-json\/wp\/v2\/posts\/69589\/revisions"}],"predecessor-version":[{"id":69590,"href":"https:\/\/gazdasagportal.hu\/index.php\/wp-json\/wp\/v2\/posts\/69589\/revisions\/69590"}],"wp:attachment":[{"href":"https:\/\/gazdasagportal.hu\/index.php\/wp-json\/wp\/v2\/media?parent=69589"}],"wp:term":[{"taxonomy":"category","embeddable":true,"href":"https:\/\/gazdasagportal.hu\/index.php\/wp-json\/wp\/v2\/categories?post=69589"},{"taxonomy":"post_tag","embeddable":true,"href":"https:\/\/gazdasagportal.hu\/index.php\/wp-json\/wp\/v2\/tags?post=69589"}],"curies":[{"name":"wp","href":"https:\/\/api.w.org\/{rel}","templated":true}]}}