{"id":69469,"date":"2015-10-25T17:36:06","date_gmt":"2015-10-25T16:36:06","guid":{"rendered":"http:\/\/gazdasagportal.hu\/?p=69469"},"modified":"2015-10-25T17:36:06","modified_gmt":"2015-10-25T16:36:06","slug":"milos-zeman-a-menekultek-tobbsege-nem-erdemel-egyutterzest","status":"publish","type":"post","link":"https:\/\/gazdasagportal.hu\/index.php\/milos-zeman-a-menekultek-tobbsege-nem-erdemel-egyutterzest\/","title":{"rendered":"Milos Zeman: a menek\u00fcltek t\u00f6bbs\u00e9ge nem \u00e9rdemel egy\u00fctt\u00e9rz\u00e9st"},"content":{"rendered":"<p><strong>Milos Zeman cseh \u00e1llamf\u0151 \u00fagy v\u00e9li, hogy a menek\u00fcltek t\u00f6bbs\u00e9ge nem \u00e9rdemel egy\u00fctt\u00e9rz\u00e9st, mert \u00e1ltal\u00e1ban fiatal, eg\u00e9szs\u00e9ges \u00e9s anyagilag j\u00f3l bebiztos\u00edtott emberekr\u0151l van sz\u00f3, akik a gyermekeket csak \u00e9l\u0151 pajzsk\u00e9nt haszn\u00e1lj\u00e1k c\u00e9ljaik el\u00e9r\u00e9s\u00e9hez.<\/strong><!--more--><\/p>\n<div class=\"ads-in-post1\"><div id=\"gazdasagportal.hu_fullbanner_wideboard\"><\/div>\r\n<\/div>\n<p>    A cseh k\u00f6zt\u00e1rsas\u00e1gi eln\u00f6k err\u0151l vas\u00e1rnap a blesk.tv pr\u00e1gai internetes bulv\u00e1rtelev\u00edzi\u00f3ban k\u00f6zvet\u00edtett interj\u00faban besz\u00e9lt.<br \/>\n    &#8222;\u00c9n is egy\u00fctt \u00e9rzek az Eur\u00f3p\u00e1ba \u00e9rkez\u0151 menek\u00fcltek gyerekeivel, de nem \u00e9rtem, hogy sz\u00fcleik mi\u00e9rt hozz\u00e1k \u0151ket magukkal \u00e9s teszik ki \u0151ket a v\u00edzbefullad\u00e1s vesz\u00e9ly\u00e9nek a gumics\u00f3nakokon. Ez kiv\u00e1ltja a gyermekekkel val\u00f3 jogos egy\u00fctt\u00e9rz\u00e9st, de az jogtalanul \u00e1tterjed azokra is, akik ezt nem \u00e9rdemlik meg&#8221; &#8211; mutatott r\u00e1 Zeman.<br \/>\n    &#8222;A menek\u00fcltek t\u00f6bbs\u00e9g\u00e9t olyan f\u00e9rfiak teszik ki, akiknek egyik zseb\u00e9ben iPadek vagy iPhone-ok, a m\u00e1sikban pedig eur\u00f3k vagy doll\u00e1rok ezrei lapulnak&#8221; &#8211; \u00e1ll\u00edtotta a cseh \u00e1llamf\u0151.<br \/>\n    Zeman ism\u00e9telten elutas\u00edtotta azokat a b\u00edr\u00e1latokat, amelyek szerint Csehorsz\u00e1g nem b\u00e1nik megfelel\u0151en a menek\u00fcltekkel. &#8222;Az \u00e9rintettek egyetlen c\u00e9lja, hogy b\u00edr\u00e1lataikkal reflektorf\u00e9nybe ker\u00fcljenek&#8221; &#8211; jelentette ki.<br \/>\n    Visszautas\u00edtotta a Br\u00fcsszel \u00e1ltal javasolt menek\u00fcltkv\u00f3t\u00e1kat is. Azt mondta, t\u00e1mogathat\u00f3nak tartja el\u0151dje, V\u00e1clav Klaus javaslat\u00e1t, hogy a kv\u00f3t\u00e1kr\u00f3l n\u00e9pszavaz\u00e1son d\u00f6nthessen a cseh lakoss\u00e1g.<br \/>\n    A cseh \u00e1llamf\u0151 egy\u00e9bk\u00e9nt a menek\u00fclt\u00fcgyben m\u00e1r sz\u00e1mos m\u00e1s hasonl\u00f3, hangzatos kijelent\u00e9ssel okozott meglepet\u00e9st. \u00cdgy p\u00e9ld\u00e1ul azt \u00fczente a migr\u00e1nsoknak, hogy &#8222;senki nem h\u00edvta ide magukat&#8221;. Kijelentette, hogy az \u00e9rkez\u0151k a cseh t\u00f6rv\u00e9nyek helyett a sar\u00ed\u00e1t (iszl\u00e1m t\u00f6rv\u00e9nykez\u00e9st) fogj\u00e1k k\u00f6vetni, valamint azt, hogy a h\u0171tlen n\u0151ket meg fogj\u00e1k k\u00f6vezni, a tolvajoknak pedig lev\u00e1gj\u00e1k a kez\u00e9t. Zeman emellett arr\u00f3l besz\u00e9lt, hogy a muzulm\u00e1n n\u0151k \u00e1ltal viselt f\u00e1tyol &#8222;megfoszt minket a n\u0151i sz\u00e9ps\u00e9gt\u0151l&#8221;, noha ez szerinte &#8222;bizonyos n\u0151k eset\u00e9ben el\u0151ny, de \u0151k nincsenek sokan&#8221;.<br \/>\n    Az ENSZ emberi jogi f\u0151biztosa &#8222;iszl\u00e1mellenesnek&#8221; min\u0151s\u00edtette Zeman kijelent\u00e9seit, mire az \u00e1llamf\u0151 azt v\u00e1laszolta, hogy Zeid Raad al-Husszein kamp\u00e1nyt folytat Csehorsz\u00e1g ellen.(MTI)<\/p>\n","protected":false},"excerpt":{"rendered":"<p>Milos Zeman cseh \u00e1llamf\u0151 \u00fagy v\u00e9li, hogy a menek\u00fcltek t\u00f6bbs\u00e9ge nem \u00e9rdemel egy\u00fctt\u00e9rz\u00e9st, mert \u00e1ltal\u00e1ban fiatal, eg\u00e9szs\u00e9ges \u00e9s anyagilag j\u00f3l bebiztos\u00edtott emberekr\u0151l van sz\u00f3, akik a gyermekeket csak \u00e9l\u0151 pajzsk\u00e9nt haszn\u00e1lj\u00e1k c\u00e9ljaik el\u00e9r\u00e9s\u00e9hez.<\/p>\n","protected":false},"author":1,"featured_media":0,"comment_status":"open","ping_status":"closed","sticky":false,"template":"","format":"standard","meta":[],"categories":[12],"tags":[],"_links":{"self":[{"href":"https:\/\/gazdasagportal.hu\/index.php\/wp-json\/wp\/v2\/posts\/69469"}],"collection":[{"href":"https:\/\/gazdasagportal.hu\/index.php\/wp-json\/wp\/v2\/posts"}],"about":[{"href":"https:\/\/gazdasagportal.hu\/index.php\/wp-json\/wp\/v2\/types\/post"}],"author":[{"embeddable":true,"href":"https:\/\/gazdasagportal.hu\/index.php\/wp-json\/wp\/v2\/users\/1"}],"replies":[{"embeddable":true,"href":"https:\/\/gazdasagportal.hu\/index.php\/wp-json\/wp\/v2\/comments?post=69469"}],"version-history":[{"count":1,"href":"https:\/\/gazdasagportal.hu\/index.php\/wp-json\/wp\/v2\/posts\/69469\/revisions"}],"predecessor-version":[{"id":69470,"href":"https:\/\/gazdasagportal.hu\/index.php\/wp-json\/wp\/v2\/posts\/69469\/revisions\/69470"}],"wp:attachment":[{"href":"https:\/\/gazdasagportal.hu\/index.php\/wp-json\/wp\/v2\/media?parent=69469"}],"wp:term":[{"taxonomy":"category","embeddable":true,"href":"https:\/\/gazdasagportal.hu\/index.php\/wp-json\/wp\/v2\/categories?post=69469"},{"taxonomy":"post_tag","embeddable":true,"href":"https:\/\/gazdasagportal.hu\/index.php\/wp-json\/wp\/v2\/tags?post=69469"}],"curies":[{"name":"wp","href":"https:\/\/api.w.org\/{rel}","templated":true}]}}