{"id":69463,"date":"2015-10-25T12:59:03","date_gmt":"2015-10-25T11:59:03","guid":{"rendered":"http:\/\/gazdasagportal.hu\/?p=69463"},"modified":"2015-10-25T12:20:06","modified_gmt":"2015-10-25T11:20:06","slug":"szloven-allamfo-ljubljana-nemetorszagtol-es-ausztriatol-fuggetlenul-is-lezarhatja-hatarat","status":"publish","type":"post","link":"https:\/\/gazdasagportal.hu\/index.php\/szloven-allamfo-ljubljana-nemetorszagtol-es-ausztriatol-fuggetlenul-is-lezarhatja-hatarat\/","title":{"rendered":"Szlov\u00e9n \u00e1llamf\u0151: Ljubljana N\u00e9metorsz\u00e1gt\u00f3l \u00e9s Ausztri\u00e1t\u00f3l f\u00fcggetlen\u00fcl is lez\u00e1rhatja hat\u00e1r\u00e1t"},"content":{"rendered":"<p><strong>Ha Horv\u00e1torsz\u00e1g tov\u00e1bbra is ellen\u0151rizetlen\u00fcl a szlov\u00e9n hat\u00e1rra sz\u00e1ll\u00edtja a migr\u00e1nsokat, Ljubljana nem v\u00e1rja meg, hogy N\u00e9metorsz\u00e1g \u00e9s Ausztria lez\u00e1rja hat\u00e1rait el\u0151tt\u00fck, hanem teljesen lez\u00e1rja horv\u00e1torsz\u00e1gi hat\u00e1rszakasz\u00e1t &#8211; mondta Borut Bahor szlov\u00e9n \u00e1llamf\u0151 \u00fajs\u00e1g\u00edr\u00f3knak a h\u00e9tv\u00e9g\u00e9n.<\/strong><!--more--><\/p>\n<div class=\"ads-in-post1\"><div id=\"gazdasagportal.hu_fullbanner_wideboard\"><\/div>\r\n<\/div>\n<p>    Kijelentette: a szlov\u00e9n korm\u00e1ny nem engedheti meg, hogy miut\u00e1n m\u00e1s orsz\u00e1gok lez\u00e1rj\u00e1k hat\u00e1raikat, azok, amelyek fogadj\u00e1k a migr\u00e1nsokat, &#8222;zs\u00e1kutc\u00e1ba&#8221; ker\u00fcljenek, \u00e9s t\u00f6bb ezren feltorl\u00f3djanak n\u00e1luk, akikr\u0151l a tov\u00e1bbiakban nem tudn\u00e1nak megfelel\u0151en gondoskodni.<br \/>\n    Az \u00e1llamf\u0151 azut\u00e1n nyilatkozott a sajt\u00f3nak, hogy l\u00e1togat\u00e1st tett n\u00e9h\u00e1ny szlov\u00e9niai befogad\u00f3\u00e1llom\u00e1son.<br \/>\n    A szlov\u00e9n korm\u00e1ny az elm\u00falt n\u00e9h\u00e1ny napban el\u00e9gedetlens\u00e9g\u00e9nek adott hangot, ami\u00e9rt Horv\u00e1torsz\u00e1g egyeztet\u00e9s n\u00e9lk\u00fcl Szlov\u00e9nia fel\u00e9 ir\u00e1ny\u00edtja a migr\u00e1nsokat, akik nagy r\u00e9sze a z\u00f6ldhat\u00e1ron kereszt\u00fcl l\u00e9p be az orsz\u00e1gba.<br \/>\n    Ugyanakkor Zoran Milanovic horv\u00e1t minisztereln\u00f6k azt mondta: Z\u00e1gr\u00e1b tov\u00e1bbra is azt teszi, amit eddig. Szlov\u00e9ni\u00e1nak azt \u00fczente, tegye ugyanazt, \u00e9s sz\u00e1ll\u00edtsa a migr\u00e1nsokat az osztr\u00e1k hat\u00e1rra.<br \/>\n    Valamivel t\u00f6bb, mint egy h\u00e9t alatt Szlov\u00e9ni\u00e1ban 62 235 illeg\u00e1lis bev\u00e1ndorl\u00f3t regisztr\u00e1ltak, Ausztria fel\u00e9 pedig ugyanezen id\u0151 alatt 37 ezer t\u00e1vozott.(MTI)<\/p>\n","protected":false},"excerpt":{"rendered":"<p>Ha Horv\u00e1torsz\u00e1g tov\u00e1bbra is ellen\u0151rizetlen\u00fcl a szlov\u00e9n hat\u00e1rra sz\u00e1ll\u00edtja a migr\u00e1nsokat, Ljubljana nem v\u00e1rja meg, hogy N\u00e9metorsz\u00e1g \u00e9s Ausztria lez\u00e1rja hat\u00e1rait el\u0151tt\u00fck, hanem teljesen lez\u00e1rja horv\u00e1torsz\u00e1gi hat\u00e1rszakasz\u00e1t &#8211; mondta Borut Bahor szlov\u00e9n \u00e1llamf\u0151 \u00fajs\u00e1g\u00edr\u00f3knak a h\u00e9tv\u00e9g\u00e9n.<\/p>\n","protected":false},"author":1,"featured_media":0,"comment_status":"open","ping_status":"closed","sticky":false,"template":"","format":"standard","meta":[],"categories":[12],"tags":[],"_links":{"self":[{"href":"https:\/\/gazdasagportal.hu\/index.php\/wp-json\/wp\/v2\/posts\/69463"}],"collection":[{"href":"https:\/\/gazdasagportal.hu\/index.php\/wp-json\/wp\/v2\/posts"}],"about":[{"href":"https:\/\/gazdasagportal.hu\/index.php\/wp-json\/wp\/v2\/types\/post"}],"author":[{"embeddable":true,"href":"https:\/\/gazdasagportal.hu\/index.php\/wp-json\/wp\/v2\/users\/1"}],"replies":[{"embeddable":true,"href":"https:\/\/gazdasagportal.hu\/index.php\/wp-json\/wp\/v2\/comments?post=69463"}],"version-history":[{"count":1,"href":"https:\/\/gazdasagportal.hu\/index.php\/wp-json\/wp\/v2\/posts\/69463\/revisions"}],"predecessor-version":[{"id":69464,"href":"https:\/\/gazdasagportal.hu\/index.php\/wp-json\/wp\/v2\/posts\/69463\/revisions\/69464"}],"wp:attachment":[{"href":"https:\/\/gazdasagportal.hu\/index.php\/wp-json\/wp\/v2\/media?parent=69463"}],"wp:term":[{"taxonomy":"category","embeddable":true,"href":"https:\/\/gazdasagportal.hu\/index.php\/wp-json\/wp\/v2\/categories?post=69463"},{"taxonomy":"post_tag","embeddable":true,"href":"https:\/\/gazdasagportal.hu\/index.php\/wp-json\/wp\/v2\/tags?post=69463"}],"curies":[{"name":"wp","href":"https:\/\/api.w.org\/{rel}","templated":true}]}}