{"id":69461,"date":"2015-10-25T11:31:31","date_gmt":"2015-10-25T10:31:31","guid":{"rendered":"http:\/\/gazdasagportal.hu\/?p=69461"},"modified":"2015-10-25T11:31:31","modified_gmt":"2015-10-25T10:31:31","slug":"sikloernyovel-szokott-at-sziriaba-egy-izraeli-arab","status":"publish","type":"post","link":"https:\/\/gazdasagportal.hu\/index.php\/sikloernyovel-szokott-at-sziriaba-egy-izraeli-arab\/","title":{"rendered":"Sikl\u00f3erny\u0151vel sz\u00f6k\u00f6tt \u00e1t Sz\u00edri\u00e1ba egy izraeli arab"},"content":{"rendered":"<p><strong>Sikl\u00f3erny\u0151vel sz\u00f6k\u00f6tt \u00e1t Sz\u00edri\u00e1ba egy izraeli arab &#8211; jelentette a helyi m\u00e9dia vas\u00e1rnap reggel. <\/strong><!--more--><\/p>\n<div class=\"ads-in-post1\"><div id=\"gazdasagportal.hu_fullbanner_wideboard\"><\/div>\r\n<\/div>\n<p>    Az izraeli hadsereg sz\u00e1mos egys\u00e9ge k\u00e9sz\u00fclts\u00e9gbe l\u00e9pett, amikor szombaton a Gol\u00e1n-fenns\u00edkon l\u00e9v\u0151 \u0151rszemek jelentett\u00e9k, hogy egy sikl\u00f3erny\u0151t a fenns\u00edk sz\u00edriai oldal\u00e1ra sodort a sz\u00e9l, ott is az al-Kaid\u00e1val egy\u00fcttm\u0171k\u00f6d\u0151 sz\u00e9ls\u0151s\u00e9ges l\u00e1zad\u00f3szervezet ter\u00fclet\u00e9re &#8211; \u00e9rtes\u00fclt vas\u00e1rnap katonai forr\u00e1sb\u00f3l a Jedi\u00f3t Ahron\u00f3t c\u00edm\u0171 \u00fajs\u00e1g honlapja, a Ynet.<br \/>\n    A Sin Bet izraeli belbiztons\u00e1gi szolg\u00e1lat kider\u00edtette, hogy egy Dzsaldzs\u00falia v\u00e1rosban \u00e9l\u0151, 23 \u00e9ves arab fiatalember sz\u00f6k\u00f6tt \u00e1t ilyen k\u00fcl\u00f6n\u00f6s m\u00f3don, val\u00f3sz\u00edn\u0171leg az\u00e9rt, hogy csatlakozzon a Bass\u00e1r el-Aszad sz\u00edriai eln\u00f6k ellen harcol\u00f3 l\u00e1zad\u00f3khoz.<br \/>\n    Moti Alm\u00f3z alt\u00e1bornok, katonai sz\u00f3viv\u0151 a lapnak elmondta: nem bizonyosak benne, hogy v\u00e1rt\u00e1k az Izraelb\u0151l \u00e9rkez\u0151 \u00faj harcost a t\u00faloldalon, de v\u00e9lem\u00e9ny\u00fck szerint el\u0151re megtervezett akci\u00f3r\u00f3l van sz\u00f3.<br \/>\n    Eleinte att\u00f3l tartottak a hadseregben, hogy a sz\u00e9l v\u00e9letlen\u00fcl sodort a sz\u00edriai \u00e1ll\u00e1sokhoz egy izraeli sikl\u00f3erny\u0151st, \u00e9s majd s\u00falyos \u00e1rat kell fizetni a sz\u00e9ls\u0151s\u00e9ges iszlamista er\u0151k fogs\u00e1g\u00e1ba ker\u00fcl\u0151 izraeli \u00e1llampolg\u00e1r kiv\u00e1lt\u00e1s\u00e1\u00e9rt. Helikopterekkel \u00e9s gyalogos egys\u00e9gekkel \u00e9jszak\u00e1ba ny\u00fal\u00f3an kerest\u00e9k a hat\u00e1rt\u00e9rs\u00e9gben f\u00f6ldet \u00e9r\u0151 sikl\u00f3erny\u0151s nyom\u00e1t.<br \/>\n    Az ut\u00f3bbi \u00e9vekben t\u00f6bb tucat izraeli arab csatlakozott a Sz\u00edri\u00e1ban harcol\u00f3 felkel\u0151kh\u00f6z, de els\u0151 \u00edzben k\u00f6zel\u00edtette meg valaki l\u00e9gi \u00faton \u00e9s nem T\u00f6r\u00f6korsz\u00e1gon kereszt\u00fcl az izraeli hat\u00e1r szomsz\u00e9ds\u00e1g\u00e1ban foly\u00f3 harcokat.(MTI)<\/p>\n","protected":false},"excerpt":{"rendered":"<p>Sikl\u00f3erny\u0151vel sz\u00f6k\u00f6tt \u00e1t Sz\u00edri\u00e1ba egy izraeli arab &#8211; jelentette a helyi m\u00e9dia vas\u00e1rnap reggel.<\/p>\n","protected":false},"author":1,"featured_media":0,"comment_status":"open","ping_status":"closed","sticky":false,"template":"","format":"standard","meta":[],"categories":[16],"tags":[],"_links":{"self":[{"href":"https:\/\/gazdasagportal.hu\/index.php\/wp-json\/wp\/v2\/posts\/69461"}],"collection":[{"href":"https:\/\/gazdasagportal.hu\/index.php\/wp-json\/wp\/v2\/posts"}],"about":[{"href":"https:\/\/gazdasagportal.hu\/index.php\/wp-json\/wp\/v2\/types\/post"}],"author":[{"embeddable":true,"href":"https:\/\/gazdasagportal.hu\/index.php\/wp-json\/wp\/v2\/users\/1"}],"replies":[{"embeddable":true,"href":"https:\/\/gazdasagportal.hu\/index.php\/wp-json\/wp\/v2\/comments?post=69461"}],"version-history":[{"count":1,"href":"https:\/\/gazdasagportal.hu\/index.php\/wp-json\/wp\/v2\/posts\/69461\/revisions"}],"predecessor-version":[{"id":69462,"href":"https:\/\/gazdasagportal.hu\/index.php\/wp-json\/wp\/v2\/posts\/69461\/revisions\/69462"}],"wp:attachment":[{"href":"https:\/\/gazdasagportal.hu\/index.php\/wp-json\/wp\/v2\/media?parent=69461"}],"wp:term":[{"taxonomy":"category","embeddable":true,"href":"https:\/\/gazdasagportal.hu\/index.php\/wp-json\/wp\/v2\/categories?post=69461"},{"taxonomy":"post_tag","embeddable":true,"href":"https:\/\/gazdasagportal.hu\/index.php\/wp-json\/wp\/v2\/tags?post=69461"}],"curies":[{"name":"wp","href":"https:\/\/api.w.org\/{rel}","templated":true}]}}