{"id":69457,"date":"2015-10-25T04:26:17","date_gmt":"2015-10-25T02:26:17","guid":{"rendered":"http:\/\/gazdasagportal.hu\/?p=69457"},"modified":"2015-10-24T22:27:17","modified_gmt":"2015-10-24T20:27:17","slug":"dk-az-europai-megoldas-elutasitasa-sulyosbitja-a-menekultvalsagot","status":"publish","type":"post","link":"https:\/\/gazdasagportal.hu\/index.php\/dk-az-europai-megoldas-elutasitasa-sulyosbitja-a-menekultvalsagot\/","title":{"rendered":"DK: az eur\u00f3pai megold\u00e1s elutas\u00edt\u00e1sa s\u00falyosb\u00edtja a menek\u00fcltv\u00e1ls\u00e1got"},"content":{"rendered":"<p><strong>A Demokratikus Koal\u00edci\u00f3 (DK) szerint az Eur\u00f3pai Uni\u00f3 menek\u00fcltek eloszt\u00e1s\u00e1ra vonatkoz\u00f3 javaslat\u00e1nak elutas\u00edt\u00e1sa s\u00falyosb\u00edtja a menek\u00fcltv\u00e1ls\u00e1got.<\/strong><!--more--><\/p>\n<div class=\"ads-in-post1\"><div id=\"gazdasagportal.hu_fullbanner_wideboard\"><\/div>\r\n<\/div>\n<p>    Niederm\u00fcller P\u00e9ter, a p\u00e1rt aleln\u00f6ke, eur\u00f3pai parlamenti k\u00e9pvisel\u0151 az MTI-hez szombaton eljuttatott k\u00f6zlem\u00e9ny\u00e9ben arra h\u00edvta fel a figyelmet, hogy Magyarorsz\u00e1g az Eur\u00f3pai Uni\u00f3hoz \u00f6nk\u00e9nt csatlakozott, tags\u00e1gunk nemcsak el\u0151ny\u00f6kkel j\u00e1r, hanem a k\u00f6telezetts\u00e9ggel is.<br \/>\n    Eml\u00e9keztetett arra, hogy K\u00f3sa Lajos, a Fidesz \u00fcgyvezet\u0151 aleln\u00f6ke az Orsz\u00e1ggy\u0171l\u00e9s cs\u00fct\u00f6rt\u00f6ki vit\u00e1j\u00e1ban Magyarorsz\u00e1gra \u00e9rkez\u0151 menek\u00fcltek sz\u00e1zezreivel riogatott, holott a nyilv\u00e1noss\u00e1gra ker\u00fclt javaslat szerint az orsz\u00e1gnak csak n\u00e9h\u00e1ny ezer menek\u00fcltr\u0151l kellene gondoskodnia.  Ek\u00f6zben m\u00e1s tag\u00e1llamok ennek a l\u00e9tsz\u00e1mnak sokszoros\u00e1t v\u00e1llalj\u00e1k &#8211; jegyezte meg Niederm\u00fcller P\u00e9ter.<br \/>\n    Hangs\u00falyozta: \u00e1ll\u00e1spontjuk szerint a menek\u00fcltek eloszt\u00e1s\u00e1ra vonatkoz\u00f3 javaslat Magyarorsz\u00e1g \u00e9s Eur\u00f3pa \u00e9rdekeit szolg\u00e1lja, ez\u00e9rt elutas\u00edtj\u00e1k a korm\u00e1ny orsz\u00e1ggy\u0171l\u00e9si hat\u00e1rozati javaslat\u00e1t.<br \/>\n    Az Eur\u00f3pai Bizotts\u00e1g \u00e1ltal javasolt, a migr\u00e1nsok eloszt\u00e1s\u00e1r\u00f3l sz\u00f3l\u00f3 kv\u00f3tarendszerrel kapcsolatban az Orsz\u00e1ggy\u0171l\u00e9s eur\u00f3pai \u00fcgyek bizotts\u00e1ga a kifog\u00e1sokr\u00f3l javaslatot fogalmazott meg, amelynek parlamenti vit\u00e1j\u00e1t cs\u00fct\u00f6rt\u00f6k\u00f6n folytatt\u00e1k le az Orsz\u00e1ggy\u0171l\u00e9sben.(MTI)<\/p>\n","protected":false},"excerpt":{"rendered":"<p>A Demokratikus Koal\u00edci\u00f3 (DK) szerint az Eur\u00f3pai Uni\u00f3 menek\u00fcltek eloszt\u00e1s\u00e1ra vonatkoz\u00f3 javaslat\u00e1nak elutas\u00edt\u00e1sa s\u00falyosb\u00edtja a menek\u00fcltv\u00e1ls\u00e1got.<\/p>\n","protected":false},"author":1,"featured_media":0,"comment_status":"open","ping_status":"closed","sticky":false,"template":"","format":"standard","meta":[],"categories":[4,18],"tags":[],"_links":{"self":[{"href":"https:\/\/gazdasagportal.hu\/index.php\/wp-json\/wp\/v2\/posts\/69457"}],"collection":[{"href":"https:\/\/gazdasagportal.hu\/index.php\/wp-json\/wp\/v2\/posts"}],"about":[{"href":"https:\/\/gazdasagportal.hu\/index.php\/wp-json\/wp\/v2\/types\/post"}],"author":[{"embeddable":true,"href":"https:\/\/gazdasagportal.hu\/index.php\/wp-json\/wp\/v2\/users\/1"}],"replies":[{"embeddable":true,"href":"https:\/\/gazdasagportal.hu\/index.php\/wp-json\/wp\/v2\/comments?post=69457"}],"version-history":[{"count":1,"href":"https:\/\/gazdasagportal.hu\/index.php\/wp-json\/wp\/v2\/posts\/69457\/revisions"}],"predecessor-version":[{"id":69458,"href":"https:\/\/gazdasagportal.hu\/index.php\/wp-json\/wp\/v2\/posts\/69457\/revisions\/69458"}],"wp:attachment":[{"href":"https:\/\/gazdasagportal.hu\/index.php\/wp-json\/wp\/v2\/media?parent=69457"}],"wp:term":[{"taxonomy":"category","embeddable":true,"href":"https:\/\/gazdasagportal.hu\/index.php\/wp-json\/wp\/v2\/categories?post=69457"},{"taxonomy":"post_tag","embeddable":true,"href":"https:\/\/gazdasagportal.hu\/index.php\/wp-json\/wp\/v2\/tags?post=69457"}],"curies":[{"name":"wp","href":"https:\/\/api.w.org\/{rel}","templated":true}]}}