{"id":69453,"date":"2015-10-25T08:02:35","date_gmt":"2015-10-25T06:02:35","guid":{"rendered":"http:\/\/gazdasagportal.hu\/?p=69453"},"modified":"2015-10-24T22:23:27","modified_gmt":"2015-10-24T20:23:27","slug":"pwc-2014-fordulopont-a-g-20-szen-dioxid-kibocsatasanak-csokkenteseben","status":"publish","type":"post","link":"https:\/\/gazdasagportal.hu\/index.php\/pwc-2014-fordulopont-a-g-20-szen-dioxid-kibocsatasanak-csokkenteseben\/","title":{"rendered":"PwC: 2014 fordul\u00f3pont a G-20 sz\u00e9n-dioxid-kibocs\u00e1t\u00e1s\u00e1nak cs\u00f6kkent\u00e9s\u00e9ben"},"content":{"rendered":"<p><strong>A vezet\u0151 gazdas\u00e1gok (G20 orsz\u00e1gok) sz\u00e9n-dioxid-kibocs\u00e1t\u00e1s\u00e1nak cs\u00f6kken\u00e9s\u00e9ben fordul\u00f3pont lehet 2014, amikor a glob\u00e1lisan 3,2 sz\u00e1zal\u00e9kos gazdas\u00e1gi n\u00f6veked\u00e9st az \u00fcvegh\u00e1zhat\u00e1s\u00fa g\u00e1zok energi\u00e1hoz kapcsolhat\u00f3 kibocs\u00e1t\u00e1s\u00e1nak mind\u00f6ssze 0,5 sz\u00e1zal\u00e9kos emel\u00e9s\u00e9vel siker\u00fclt el\u00e9rni &#8211; \u00e1ll\u00edtja a PwC.<\/strong><!--more--><\/p>\n<div class=\"ads-in-post1\"><div id=\"gazdasagportal.hu_fullbanner_wideboard\"><\/div>\r\n<\/div>\n<p>    A tan\u00e1csad\u00f3 c\u00e9g eljuttatta az MTI-hez a Karbonszeg\u00e9ny gazdas\u00e1gok indexe c\u00edm\u0171 elemz\u00e9s eredm\u00e9nyeit, amely a vezet\u0151 gazdas\u00e1gok sz\u00e9n-dioxid-intenzit\u00e1s\u00e1t modellezi. Ezt a mutat\u00f3t \u00fagy k\u00e9pezik, hogy az \u00fcvegh\u00e1zhat\u00e1st okoz\u00f3 g\u00e1zok kibocs\u00e1t\u00e1s\u00e1nak mennyis\u00e9g\u00e9t a brutt\u00f3 hazai term\u00e9k (GDP) egymilli\u00f3 doll\u00e1rj\u00e1ra vet\u00edtik.<br \/>\n    Az elemz\u00e9s meg\u00e1llap\u00edtja, hogy tavaly 2,7 sz\u00e1zal\u00e9kkal m\u00e9rs\u00e9kl\u0151d\u00f6tt a sz\u00e9n-dioxid-intenzit\u00e1s a vizsg\u00e1lt orsz\u00e1gokn\u00e1l. A tavalyi m\u00e9rs\u00e9kl\u0151d\u00e9s a PwC elemz\u00e9s\u00e9nek els\u0151 megjelen\u00e9se \u00f3ta eltelt h\u00e9t \u00e9v legmagasabb \u00e9rt\u00e9ke &#8211; mutatnak r\u00e1 a k\u00f6zlem\u00e9nyben.<br \/>\n    Az elemz\u00e9s szerint a 2014-es \u00e9v volt az els\u0151 \u00e9v, amikor t\u00f6bb orsz\u00e1gnak (az Egyes\u00fclt Kir\u00e1lys\u00e1gnak, Franciaorsz\u00e1gnak, N\u00e9metorsz\u00e1gnak \u00e9s Olaszorsz\u00e1gnak, valamint az Eur\u00f3pai Uni\u00f3 eg\u00e9sz\u00e9nek) siker\u00fclt 6,3 sz\u00e1zal\u00e9kkal vagy ann\u00e1l nagyobb m\u00e9rt\u00e9kben cs\u00f6kkentenie a sz\u00e9n-dioxid-kibocs\u00e1t\u00e1st.<br \/>\n    K\u00edna, a vil\u00e1g legnagyobb sz\u00e9n-dioxid-kibocs\u00e1t\u00f3ja, 6 sz\u00e1zal\u00e9kkal tudta m\u00e9rs\u00e9kelni az \u00fcvegh\u00e1zhat\u00e1s\u00fa g\u00e1zok kibocs\u00e1t\u00e1s\u00e1t, \u00edgy az Eur\u00f3pai Uni\u00f3n k\u00edv\u00fcli legjobban teljes\u00edt\u0151 orsz\u00e1g lett &#8211; tett\u00e9k hozz\u00e1.<br \/>\n    Megjegyezt\u00e9k azonban, hogy \u00f6t orsz\u00e1gban &#8211; D\u00e9l-Afrik\u00e1ban, Indi\u00e1ban, Braz\u00edli\u00e1ban, Sza\u00fad-Ar\u00e1bi\u00e1ban \u00e9s T\u00f6r\u00f6korsz\u00e1gban &#8211; n\u0151tt a sz\u00e9n-dioxid-kibocs\u00e1t\u00e1s.                    A k\u00f6zlem\u00e9nyben kit\u00e9rnek arra, hogy az eredm\u00e9nyek ellen\u00e9re m\u00e1r hetedik \u00e9ve nem siker\u00fclt glob\u00e1lisan el\u00e9rni a c\u00e9lul kit\u0171z\u00f6tt szintet az \u00fcvegh\u00e1zhat\u00e1st okoz\u00f3 g\u00e1zok kibocs\u00e1t\u00e1s\u00e1nak GDP-egys\u00e9gre jut\u00f3 cs\u00f6kkent\u00e9s\u00e9ben. Annak \u00e9rdekben ugyanis, hogy a glob\u00e1lis \u00e1tlagh\u0151m\u00e9rs\u00e9klet emelked\u00e9se ne haladja meg a 2 Celsius fokot, a sz\u00e9n-dioxid-kibocs\u00e1t\u00e1s 6,3 sz\u00e1zal\u00e9k k\u00f6r\u00fcli gyors \u00e9s tart\u00f3s cs\u00f6kkent\u00e9se sz\u00fcks\u00e9ges \u00e9vente vil\u00e1gszinten.<br \/>\n     Leo Johnson, a PwC fenntarthat\u00f3s\u00e1g\u00e9rt \u00e9s kl\u00edmav\u00e1ltoz\u00e1s\u00e9rt felel\u0151s c\u00e9gt\u00e1rsa szerint az energiafelhaszn\u00e1l\u00e1sban akkor k\u00f6vetkezik majd be val\u00f3di fordulat, amikor a meg\u00fajul\u00f3 energiaforr\u00e1sok egyen\u00e9rt\u00e9k\u0171v\u00e9 v\u00e1lnak a fosszilis t\u00fczel\u0151anyagokkal.(MTI)<\/p>\n","protected":false},"excerpt":{"rendered":"<p>A vezet\u0151 gazdas\u00e1gok (G20 orsz\u00e1gok) sz\u00e9n-dioxid-kibocs\u00e1t\u00e1s\u00e1nak cs\u00f6kken\u00e9s\u00e9ben fordul\u00f3pont lehet 2014, amikor a glob\u00e1lisan 3,2 sz\u00e1zal\u00e9kos gazdas\u00e1gi n\u00f6veked\u00e9st az \u00fcvegh\u00e1zhat\u00e1s\u00fa g\u00e1zok energi\u00e1hoz kapcsolhat\u00f3 kibocs\u00e1t\u00e1s\u00e1nak mind\u00f6ssze 0,5 sz\u00e1zal\u00e9kos emel\u00e9s\u00e9vel siker\u00fclt el\u00e9rni &#8211; \u00e1ll\u00edtja a PwC.<\/p>\n","protected":false},"author":1,"featured_media":0,"comment_status":"open","ping_status":"closed","sticky":false,"template":"","format":"standard","meta":[],"categories":[246],"tags":[],"_links":{"self":[{"href":"https:\/\/gazdasagportal.hu\/index.php\/wp-json\/wp\/v2\/posts\/69453"}],"collection":[{"href":"https:\/\/gazdasagportal.hu\/index.php\/wp-json\/wp\/v2\/posts"}],"about":[{"href":"https:\/\/gazdasagportal.hu\/index.php\/wp-json\/wp\/v2\/types\/post"}],"author":[{"embeddable":true,"href":"https:\/\/gazdasagportal.hu\/index.php\/wp-json\/wp\/v2\/users\/1"}],"replies":[{"embeddable":true,"href":"https:\/\/gazdasagportal.hu\/index.php\/wp-json\/wp\/v2\/comments?post=69453"}],"version-history":[{"count":1,"href":"https:\/\/gazdasagportal.hu\/index.php\/wp-json\/wp\/v2\/posts\/69453\/revisions"}],"predecessor-version":[{"id":69454,"href":"https:\/\/gazdasagportal.hu\/index.php\/wp-json\/wp\/v2\/posts\/69453\/revisions\/69454"}],"wp:attachment":[{"href":"https:\/\/gazdasagportal.hu\/index.php\/wp-json\/wp\/v2\/media?parent=69453"}],"wp:term":[{"taxonomy":"category","embeddable":true,"href":"https:\/\/gazdasagportal.hu\/index.php\/wp-json\/wp\/v2\/categories?post=69453"},{"taxonomy":"post_tag","embeddable":true,"href":"https:\/\/gazdasagportal.hu\/index.php\/wp-json\/wp\/v2\/tags?post=69453"}],"curies":[{"name":"wp","href":"https:\/\/api.w.org\/{rel}","templated":true}]}}