{"id":69451,"date":"2015-10-25T05:21:24","date_gmt":"2015-10-25T03:21:24","guid":{"rendered":"http:\/\/gazdasagportal.hu\/?p=69451"},"modified":"2015-10-24T22:22:07","modified_gmt":"2015-10-24T20:22:07","slug":"nemzetkozi-jogasz-a-legnagyobb-veszely-az-ha-nincs-kozos-unios-program","status":"publish","type":"post","link":"https:\/\/gazdasagportal.hu\/index.php\/nemzetkozi-jogasz-a-legnagyobb-veszely-az-ha-nincs-kozos-unios-program\/","title":{"rendered":"Nemzetk\u00f6zi jog\u00e1sz: a legnagyobb vesz\u00e9ly az, ha nincs k\u00f6z\u00f6s uni\u00f3s program"},"content":{"rendered":"<p><strong>T\u00f3th Norbert nemzetk\u00f6zi jog\u00e1sz szerint a legnagyobb vesz\u00e9lyt az jelenti az Eur\u00f3pai Uni\u00f3ra n\u00e9zve a kialakult migr\u00e1ci\u00f3s helyzetben, ha nincs k\u00f6z\u00f6s program, cselekv\u00e9s.<\/strong><!--more--><\/p>\n<div class=\"ads-in-post1\"><div id=\"gazdasagportal.hu_fullbanner_wideboard\"><\/div>\r\n<\/div>\n<p>    A jog\u00e1sz az M1 aktu\u00e1lis csatorna szombat d\u00e9lut\u00e1ni m\u0171sor\u00e1ban azt mondta, ennek hi\u00e1ny\u00e1ban feler\u0151s\u00f6dhet a &#8222;k\u00fcl\u00f6n k\u00f6nnyebb&#8221; \u00e9rz\u00e9se, ez\u00e9rt is lenne fontos egy\u00fctt l\u00e9pni, jelenleg azonban megfogalmaz\u00e1sa szerint region\u00e1lis blokkok pr\u00f3b\u00e1lnak megold\u00e1st tal\u00e1lni. Hozz\u00e1f\u0171zte, hogy az uni\u00f3 a ny\u00e1ron k\u00e9t h\u00f3napot elvesz\u00edtett azzal, hogy le\u00e1llt az \u00fcgymenet.<br \/>\n    T\u00f3th Norbert eml\u00e9keztetett, hogy a dublini egyezm\u00e9ny szerint azokba az orsz\u00e1gokba k\u00fcldik vissza a kiutas\u00edtott mened\u00e9kk\u00e9r\u0151ket, ahol el\u0151sz\u00f6r az uni\u00f3 ter\u00fclet\u00e9re l\u00e9ptek, jogi garancia azonban nincs arra, hogy a kitoloncol\u00e1s ut\u00e1n nem indulnak el \u00fajra. Szerinte abban lehet b\u00edzni, hogy azok, akiket egyszer m\u00e1r visszak\u00fcldtek, a k\u00f6lts\u00e9gek \u00e9s a megpr\u00f3b\u00e1ltat\u00e1sok miatt nem indulnak el \u00fajra, illetve abban, hogy a folyamatokat l\u00e1tva akik eddig nem indultak el, m\u00e1r nem fognak nekiv\u00e1gni az \u00fatnak.(MTI)<\/p>\n","protected":false},"excerpt":{"rendered":"<p>T\u00f3th Norbert nemzetk\u00f6zi jog\u00e1sz szerint a legnagyobb vesz\u00e9lyt az jelenti az Eur\u00f3pai Uni\u00f3ra n\u00e9zve a kialakult migr\u00e1ci\u00f3s helyzetben, ha nincs k\u00f6z\u00f6s program, cselekv\u00e9s.<\/p>\n","protected":false},"author":1,"featured_media":0,"comment_status":"open","ping_status":"closed","sticky":false,"template":"","format":"standard","meta":[],"categories":[19,246],"tags":[],"_links":{"self":[{"href":"https:\/\/gazdasagportal.hu\/index.php\/wp-json\/wp\/v2\/posts\/69451"}],"collection":[{"href":"https:\/\/gazdasagportal.hu\/index.php\/wp-json\/wp\/v2\/posts"}],"about":[{"href":"https:\/\/gazdasagportal.hu\/index.php\/wp-json\/wp\/v2\/types\/post"}],"author":[{"embeddable":true,"href":"https:\/\/gazdasagportal.hu\/index.php\/wp-json\/wp\/v2\/users\/1"}],"replies":[{"embeddable":true,"href":"https:\/\/gazdasagportal.hu\/index.php\/wp-json\/wp\/v2\/comments?post=69451"}],"version-history":[{"count":1,"href":"https:\/\/gazdasagportal.hu\/index.php\/wp-json\/wp\/v2\/posts\/69451\/revisions"}],"predecessor-version":[{"id":69452,"href":"https:\/\/gazdasagportal.hu\/index.php\/wp-json\/wp\/v2\/posts\/69451\/revisions\/69452"}],"wp:attachment":[{"href":"https:\/\/gazdasagportal.hu\/index.php\/wp-json\/wp\/v2\/media?parent=69451"}],"wp:term":[{"taxonomy":"category","embeddable":true,"href":"https:\/\/gazdasagportal.hu\/index.php\/wp-json\/wp\/v2\/categories?post=69451"},{"taxonomy":"post_tag","embeddable":true,"href":"https:\/\/gazdasagportal.hu\/index.php\/wp-json\/wp\/v2\/tags?post=69451"}],"curies":[{"name":"wp","href":"https:\/\/api.w.org\/{rel}","templated":true}]}}