{"id":69449,"date":"2015-10-25T04:02:22","date_gmt":"2015-10-25T02:02:22","guid":{"rendered":"http:\/\/gazdasagportal.hu\/?p=69449"},"modified":"2015-10-24T22:03:58","modified_gmt":"2015-10-24T20:03:58","slug":"helyreallt-a-rend-az-osztrak-szloven-hataron","status":"publish","type":"post","link":"https:\/\/gazdasagportal.hu\/index.php\/helyreallt-a-rend-az-osztrak-szloven-hataron\/","title":{"rendered":"Helyre\u00e1llt a rend az osztr\u00e1k-szlov\u00e9n hat\u00e1ron"},"content":{"rendered":"<p><strong>Helyre\u00e1llt a rend az osztr\u00e1k-szlov\u00e9n hat\u00e1ron a Spielfeld-Sentilj hat\u00e1r\u00e1tkel\u0151n\u00e9l, vagyis az osztr\u00e1k hat\u00f3s\u00e1gok nem engedik ellen\u0151rizetlen\u00fcl \u00e1tl\u00e9pni a migr\u00e1nsokat Ausztri\u00e1ba &#8211; tapasztalta a helysz\u00ednen az MTI tud\u00f3s\u00edt\u00f3ja szombaton este.<\/strong><!--more--><\/p>\n<div class=\"ads-in-post1\"><div id=\"gazdasagportal.hu_fullbanner_wideboard\"><\/div>\r\n<\/div>\n<p>    Ez annak is k\u00f6sz\u00f6nhet\u0151, hogy felgyorsult a migr\u00e1nsok utaztat\u00e1sa, vagyis folyamatosan sz\u00e1ll\u00edtj\u00e1k a buszok a menek\u00fclteket a spielfeldi hat\u00e1r\u00e1tkel\u0151t\u0151l az osztr\u00e1k nagyv\u00e1rosokban kialak\u00edtott befogad\u00f3 k\u00f6zpontokba.<br \/>\n    Erre azt k\u00f6vet\u0151en ker\u00fclt sor, hogy cs\u00fct\u00f6rt\u00f6k\u00f6n \u00e9s p\u00e9nteken is kit\u00f6rtek a spielfeldi hat\u00e1r\u00e1tkel\u0151n\u00e9l, a senki f\u00f6ldj\u00e9n kialak\u00edtott tranzitt\u00e1borb\u00f3l a menek\u00fcltek, s\u0151t p\u00e9nteken m\u00e1r a hat\u00e1r \u0151rizet\u00e9t is feladt\u00e1k az osztr\u00e1kok. Mindennek nyom\u00e1n ezrek indultak gyalog a 67-es sz\u00e1m\u00fa f\u0151\u00faton, illetve a vas\u00fatvonal ment\u00e9n a t\u00f6lt\u00e9sen Graz fel\u00e9.<br \/>\n    A hat\u00f3s\u00e1gok szombat est\u00e9re viszont \u00fajra lez\u00e1rt\u00e1k a t\u00e1bort \u00e9s \u00fajra csak annyi migr\u00e1nst engednek ki a hat\u00e1r\u00e1tkel\u0151 ter\u00fclet\u00e9re, amennyit a buszok el tudnak vinni. A t\u00e1bor el\u0151tt az emberek, a rep\u00fcl\u0151tereken alkalmazott m\u00f3dszer szerint kanyarg\u00f3san fel\u00e1ll\u00edtott kordonok k\u00f6z\u00f6tt sorban \u00e1llva, ar\u00e1nylag t\u00fcrelmesen v\u00e1rj\u00e1k a buszok \u00e9rkez\u00e9s\u00e9t.<br \/>\n    Ek\u00f6zben a szlov\u00e9n oldalon, Sentiljben tal\u00e1lhat\u00f3 tranzitt\u00e1bor teljesen ki\u00fcr\u00fclt, vagyis a szlov\u00e9nek mindenkit \u00e1ttereltek az osztr\u00e1k oldalra &#8211; tapasztalta az MTI tud\u00f3s\u00edt\u00f3ja.(MTI)<\/p>\n","protected":false},"excerpt":{"rendered":"<p>Helyre\u00e1llt a rend az osztr\u00e1k-szlov\u00e9n hat\u00e1ron a Spielfeld-Sentilj hat\u00e1r\u00e1tkel\u0151n\u00e9l, vagyis az osztr\u00e1k hat\u00f3s\u00e1gok nem engedik ellen\u0151rizetlen\u00fcl \u00e1tl\u00e9pni a migr\u00e1nsokat Ausztri\u00e1ba &#8211; tapasztalta a helysz\u00ednen az MTI tud\u00f3s\u00edt\u00f3ja szombaton este.<\/p>\n","protected":false},"author":1,"featured_media":0,"comment_status":"open","ping_status":"closed","sticky":false,"template":"","format":"standard","meta":[],"categories":[12],"tags":[],"_links":{"self":[{"href":"https:\/\/gazdasagportal.hu\/index.php\/wp-json\/wp\/v2\/posts\/69449"}],"collection":[{"href":"https:\/\/gazdasagportal.hu\/index.php\/wp-json\/wp\/v2\/posts"}],"about":[{"href":"https:\/\/gazdasagportal.hu\/index.php\/wp-json\/wp\/v2\/types\/post"}],"author":[{"embeddable":true,"href":"https:\/\/gazdasagportal.hu\/index.php\/wp-json\/wp\/v2\/users\/1"}],"replies":[{"embeddable":true,"href":"https:\/\/gazdasagportal.hu\/index.php\/wp-json\/wp\/v2\/comments?post=69449"}],"version-history":[{"count":1,"href":"https:\/\/gazdasagportal.hu\/index.php\/wp-json\/wp\/v2\/posts\/69449\/revisions"}],"predecessor-version":[{"id":69450,"href":"https:\/\/gazdasagportal.hu\/index.php\/wp-json\/wp\/v2\/posts\/69449\/revisions\/69450"}],"wp:attachment":[{"href":"https:\/\/gazdasagportal.hu\/index.php\/wp-json\/wp\/v2\/media?parent=69449"}],"wp:term":[{"taxonomy":"category","embeddable":true,"href":"https:\/\/gazdasagportal.hu\/index.php\/wp-json\/wp\/v2\/categories?post=69449"},{"taxonomy":"post_tag","embeddable":true,"href":"https:\/\/gazdasagportal.hu\/index.php\/wp-json\/wp\/v2\/tags?post=69449"}],"curies":[{"name":"wp","href":"https:\/\/api.w.org\/{rel}","templated":true}]}}