{"id":69447,"date":"2015-10-24T22:01:06","date_gmt":"2015-10-24T20:01:06","guid":{"rendered":"http:\/\/gazdasagportal.hu\/?p=69447"},"modified":"2015-10-24T22:01:06","modified_gmt":"2015-10-24T20:01:06","slug":"tobb-szaz-helyszinen-gyujtottak-ortuzet-szekelyfold-onkormanyzasi-jogat-kovetelve","status":"publish","type":"post","link":"https:\/\/gazdasagportal.hu\/index.php\/tobb-szaz-helyszinen-gyujtottak-ortuzet-szekelyfold-onkormanyzasi-jogat-kovetelve\/","title":{"rendered":"T\u00f6bb sz\u00e1z helysz\u00ednen gy\u00fajtottak \u0151rt\u00fczet Sz\u00e9kelyf\u00f6ld \u00f6nkorm\u00e1nyz\u00e1si jog\u00e1t k\u00f6vetelve"},"content":{"rendered":"<p><strong>Sz\u00e9kelyf\u00f6ld peremtelep\u00fcl\u00e9sein t\u00f6bb sz\u00e1z helysz\u00ednen gy\u00fajtottak \u0151rt\u00fczet szombat este a Sz\u00e9kely Nemzeti Tan\u00e1cs (SZNT) tiltakoz\u00f3 akci\u00f3ja keret\u00e9ben a r\u00e9gi\u00f3 \u00f6nkorm\u00e1nyz\u00e1si jog\u00e1t k\u00f6vetelve. <\/strong><!--more--><\/p>\n<div class=\"ads-in-post1\"><div id=\"gazdasagportal.hu_fullbanner_wideboard\"><\/div>\r\n<\/div>\n<p>    A t\u00f6megrendezv\u00e9ny Sz\u00e9kelyf\u00f6ld 68 peremtelep\u00fcl\u00e9s\u00e9n kezd\u0151d\u00f6tt egy id\u0151ben \u00f6kumenikus istentisztelettel, amelynek v\u00e9g\u00e9n felolvast\u00e1k a demonstr\u00e1ci\u00f3 ki\u00e1ltv\u00e1ny\u00e1t, \u00e9s a r\u00e9sztvev\u0151k kivonultak a k\u00f6rnyez\u0151 magaslatokra \u0151rt\u00fczeket gy\u00fajtani, illetve a g\u00e9pkocsik f\u00e9nycs\u00f3v\u00e1j\u00e1t t\u00fckr\u00f6kkel az \u00e9g fel\u00e9 ir\u00e1ny\u00edtani.<br \/>\n    A dokumentumban kinyilv\u00e1n\u00edtott\u00e1k, hogy a hat\u00e1rok kivil\u00e1g\u00edt\u00e1s\u00e1val k\u00edv\u00e1nj\u00e1k a rom\u00e1n korm\u00e1ny \u00e9s a vil\u00e1g tudom\u00e1s\u00e1ra hozni, hogy Sz\u00e9kelyf\u00f6ld l\u00e9tezik, \u00e9s \u00e9lni akar az \u00f6nrendelkez\u00e9s jog\u00e1val. &#8222;E jog alapj\u00e1n k\u00f6vetelj\u00fck Sz\u00e9kelyf\u00f6ld \u00e1llamon bel\u00fcli \u00f6nkorm\u00e1nyz\u00e1s\u00e1t! Ragaszkodunk a nyolc sz\u00e9kely sz\u00e9ket \u00e9s 153 \u00f6nkorm\u00e1nyzatot mag\u00e1ba foglal\u00f3 Sz\u00e9kelyf\u00f6ld hat\u00e1raihoz, amelyet a helyi k\u00f6z\u00f6ss\u00e9gek n\u00e9pszavaz\u00e1sa tesz majd v\u00e9glegess\u00e9&#8221; &#8211; \u00e1ll a ki\u00e1ltv\u00e1nyban, melyet a Maros megyei Lukafalv\u00e1n (Gheorghe Doja) Izs\u00e1k Bal\u00e1zs SZNT-eln\u00f6k olvasott fel.<br \/>\n    A dokumentum eml\u00e9keztet arra, hogy Rom\u00e1nia korm\u00e1nya nem mondott le a sz\u00e1nd\u00e9k\u00e1r\u00f3l, hogy Sz\u00e9kelyf\u00f6ldet egy rom\u00e1n t\u00f6bbs\u00e9g\u0171 \u00f3ri\u00e1s-r\u00e9gi\u00f3ba olvassza be, valamint arra, hogy a t\u00f6bb \u00edzben kinyilv\u00e1n\u00edtott auton\u00f3miaig\u00e9nyr\u0151l p\u00e1rbesz\u00e9d sem kezd\u0151dhetett, mert az erre ir\u00e1nyul\u00f3 sz\u00e9kelyf\u00f6ldi kezdem\u00e9nyez\u00e9sek rendre v\u00e1lasz n\u00e9lk\u00fcl maradtak.<br \/>\n    &#8222;Van egy n\u00e9p a K\u00e1rp\u00e1tok kanyarulat\u00e1ban, amely szabadon \u00e9s b\u00e9k\u00e9ben akar \u00e9lni, szabadon akarja haszn\u00e1lni anyanyelv\u00e9t, \u00e9s maga akar d\u00f6nteni a saj\u00e1t sors\u00e1r\u00f3l sz\u00fcl\u0151f\u00f6ldj\u00e9n&#8221; &#8211; id\u00e9zte a sz\u00e9kelyf\u00f6ldi \u00f6nkorm\u00e1nyzatok auton\u00f3miap\u00e1rti hat\u00e1rozatait a ki\u00e1ltv\u00e1ny.<br \/>\n    &#8222;K\u00f6vetelj\u00fck, hogy az Eur\u00f3p\u00e1ban gyakorolt norm\u00e1k \u00e9rv\u00e9nyes\u00fcljenek \u00e9s a Sz\u00e9kely N\u00e9p &#8211; Eur\u00f3pa auton\u00f3m k\u00f6z\u00f6ss\u00e9geihez hasonl\u00f3an &#8211; meg\u00e9lhesse \u00f6nrendelkez\u00e9s\u00e9t Sz\u00e9kelyf\u00f6ld auton\u00f3mi\u00e1ja r\u00e9v\u00e9n. Azt az Eur\u00f3pai Uni\u00f3ban elfogadott elvet kell ir\u00e1nyad\u00f3nak tekinteni, amelynek megfelel\u0151en, a r\u00e9gi\u00f3kat nem kijel\u00f6lni, hanem elismerni kell&#8221; &#8211; fogalmazott a ki\u00e1ltv\u00e1ny.<br \/>\n    A dokumentum ism\u00e9telten kinyilv\u00e1n\u00edtotta: Sz\u00e9kelyf\u00f6ld auton\u00f3mi\u00e1ja a teljes \u00e9s t\u00e9nyleges jogegyenl\u0151s\u00e9g int\u00e9zm\u00e9nyi garanci\u00e1j\u00e1t biztos\u00edtja a r\u00e9gi\u00f3 minden lak\u00f3ja sz\u00e1m\u00e1ra nemzeti, etnikai, nyelvi hovatartoz\u00e1s\u00e1t\u00f3l f\u00fcggetlen\u00fcl. Azt is lesz\u00f6gezi, hogy Sz\u00e9kelyf\u00f6ldnek \u00f6n\u00e1ll\u00f3 fejleszt\u00e9si r\u00e9gi\u00f3t is kell alkotnia.<br \/>\n    A ki\u00e1ltv\u00e1ny p\u00e1rbesz\u00e9dre sz\u00f3l\u00edtotta fel Rom\u00e1nia korm\u00e1ny\u00e1t, Magyarorsz\u00e1g korm\u00e1ny\u00e1t pedig arra k\u00e9rte, hogy szerezzen \u00e9rv\u00e9nyt a k\u00e9t orsz\u00e1g k\u00f6z\u00f6tti alapszerz\u0151d\u00e9s 15\/9. cikkely\u00e9nek. Ebben a felek azt v\u00e1llalt\u00e1k, hogy tart\u00f3zkodnak az olyan int\u00e9zked\u00e9sekt\u0151l, amelyek a r\u00e9gi\u00f3k etnikai ar\u00e1nyait megv\u00e1ltoztatva arra ir\u00e1nyulnak, hogy korl\u00e1tozz\u00e1k a kisebbs\u00e9gek szabads\u00e1gjogait.<br \/>\n    A lukafalvi demonstr\u00e1ci\u00f3n T\u0151k\u00e9s L\u00e1szl\u00f3, az Erd\u00e9lyi Magyar Nemzeti Tan\u00e1cs (EMNT) eln\u00f6ke k\u00f6zvet\u00edtette a partiumi magyarok szolidarit\u00e1sv\u00e1llal\u00e1s\u00e1t. T\u0151k\u00e9s L\u00e1szl\u00f3 szerint &#8222;olyan id\u0151ket \u00e9l\u00fcnk, amikor meg kell gy\u00fajtani a l\u00e1rmaf\u00e1kat&#8221;. Rem\u00e9nyik S\u00e1ndor k\u00f6lt\u0151t id\u00e9zve mondta: &#8222;egy l\u00e1ngot adok, \u00e1pold, add tov\u00e1bb&#8221;.<br \/>\n    A lukafalvi templommal szemk\u00f6zti ter\u00fcleten meggy\u00fajtott \u0151rt\u00fczet t\u00f6bb sz\u00e1z f\u0151s t\u00f6meg \u00e1llta k\u00f6r\u00fcl. Sokan sz\u00e9kely \u00e9s magyar z\u00e1szl\u00f3t lengettek, a sz\u00e9kely \u00e9s a magyar himnusz el\u00e9nekl\u00e9se ut\u00e1n n\u00e9pdalok \u00e9nekl\u00e9s\u00e9be kezdtek.(MTI)<\/p>\n","protected":false},"excerpt":{"rendered":"<p>Sz\u00e9kelyf\u00f6ld peremtelep\u00fcl\u00e9sein t\u00f6bb sz\u00e1z helysz\u00ednen gy\u00fajtottak \u0151rt\u00fczet szombat este a Sz\u00e9kely Nemzeti Tan\u00e1cs (SZNT) tiltakoz\u00f3 akci\u00f3ja keret\u00e9ben a r\u00e9gi\u00f3 \u00f6nkorm\u00e1nyz\u00e1si jog\u00e1t k\u00f6vetelve.<\/p>\n","protected":false},"author":1,"featured_media":0,"comment_status":"open","ping_status":"closed","sticky":false,"template":"","format":"standard","meta":[],"categories":[4],"tags":[],"_links":{"self":[{"href":"https:\/\/gazdasagportal.hu\/index.php\/wp-json\/wp\/v2\/posts\/69447"}],"collection":[{"href":"https:\/\/gazdasagportal.hu\/index.php\/wp-json\/wp\/v2\/posts"}],"about":[{"href":"https:\/\/gazdasagportal.hu\/index.php\/wp-json\/wp\/v2\/types\/post"}],"author":[{"embeddable":true,"href":"https:\/\/gazdasagportal.hu\/index.php\/wp-json\/wp\/v2\/users\/1"}],"replies":[{"embeddable":true,"href":"https:\/\/gazdasagportal.hu\/index.php\/wp-json\/wp\/v2\/comments?post=69447"}],"version-history":[{"count":1,"href":"https:\/\/gazdasagportal.hu\/index.php\/wp-json\/wp\/v2\/posts\/69447\/revisions"}],"predecessor-version":[{"id":69448,"href":"https:\/\/gazdasagportal.hu\/index.php\/wp-json\/wp\/v2\/posts\/69447\/revisions\/69448"}],"wp:attachment":[{"href":"https:\/\/gazdasagportal.hu\/index.php\/wp-json\/wp\/v2\/media?parent=69447"}],"wp:term":[{"taxonomy":"category","embeddable":true,"href":"https:\/\/gazdasagportal.hu\/index.php\/wp-json\/wp\/v2\/categories?post=69447"},{"taxonomy":"post_tag","embeddable":true,"href":"https:\/\/gazdasagportal.hu\/index.php\/wp-json\/wp\/v2\/tags?post=69447"}],"curies":[{"name":"wp","href":"https:\/\/api.w.org\/{rel}","templated":true}]}}