{"id":69438,"date":"2015-10-24T17:02:47","date_gmt":"2015-10-24T15:02:47","guid":{"rendered":"http:\/\/gazdasagportal.hu\/?p=69438"},"modified":"2015-10-24T09:43:59","modified_gmt":"2015-10-24T07:43:59","slug":"wsj-az-egyesult-allamok-kemkedett-az-iran-elleni-csapassal-fenyegetozo-izrael-utan","status":"publish","type":"post","link":"https:\/\/gazdasagportal.hu\/index.php\/wsj-az-egyesult-allamok-kemkedett-az-iran-elleni-csapassal-fenyegetozo-izrael-utan\/","title":{"rendered":"WSJ: Az Egyes\u00fclt \u00c1llamok k\u00e9mkedett az Ir\u00e1n elleni csap\u00e1ssal fenyeget\u0151z\u0151 Izrael ut\u00e1n"},"content":{"rendered":"<p><strong>Az Egyes\u00fclt \u00c1llamok 2012-ben megfigyel\u00e9s alatt tartotta Izrael katonai b\u00e1zisait \u00e9s lehallgatta az orsz\u00e1g titkos kommunik\u00e1ci\u00f3j\u00e1t, mert att\u00f3l tartott, hogy a zsid\u00f3 \u00e1llam csap\u00e1st m\u00e9r Ir\u00e1n ford\u00f3i ur\u00e1nd\u00fas\u00edt\u00f3 l\u00e9tes\u00edtm\u00e9ny\u00e9re &#8211; \u00edrta p\u00e9nteki sz\u00e1m\u00e1ban a The Wall Street Journal, k\u00e9ttucatnyi amerikai \u00e9s izraeli volt \u00e9s akt\u00edv hivatalos szem\u00e9lyre hivatkozva.<\/strong><!--more--><\/p>\n<div class=\"ads-in-post1\"><div id=\"gazdasagportal.hu_fullbanner_wideboard\"><\/div>\r\n<\/div>\n<p>    A New York-i konzervat\u00edv napilap besz\u00e1mol\u00f3ja szerint az amerikaiak tudom\u00e1st szereztek arr\u00f3l, hogy izraeli rep\u00fcl\u0151g\u00e9pek titokban behatoltak az ir\u00e1ni l\u00e9gt\u00e9rbe, majd kij\u00f6ttek onnan, amit sokan &#8211; t\u00e9vesen &#8211; a ford\u00f3i objektum elleni kommand\u00f3s akci\u00f3 f\u0151pr\u00f3b\u00e1j\u00e1nak tekintettek. A Pentagon emiatt egy m\u00e1sodik rep\u00fcl\u0151g\u00e9p-hordoz\u00f3t vez\u00e9nyelt a t\u00e9rs\u00e9gbe \u00e9s k\u00e9szenl\u00e9tbe helyezte csap\u00e1sm\u00e9r\u0151 g\u00e9peit.<br \/>\n    Az izraeli k\u00e9sz\u00fcl\u0151d\u00e9s k\u00e9s\u0151bb &#8211; de csak 2013 tavasz\u00e1ra &#8211; bl\u00f6ffnek bizonyult, az akci\u00f3t ugyanis Benj\u00e1min Netanjahu minisztereln\u00f6kkel szemben t\u00f6bb korm\u00e1nytag \u00e9s katonai vezet\u0151 nem t\u00e1mogatta. A cikk szerint az izraeliek azt k\u00f6vet\u0151en kezdt\u00e9k el egy k\u00e9sz\u00fcl\u0151 rajta\u00fct\u00e9s l\u00e1tszat\u00e1t kelteni, hogy az amerikaiak k\u00f6z\u00f6lt\u00e9k vel\u00fck: \u00e9rt\u00e9kel\u00e9s\u00fck szerint Izraelnek nincsenek olyan eszk\u00f6zei, amelyekkel hat\u00e9kony csap\u00e1st tudn\u00e1nak m\u00e9rni a hegy alatt ki\u00e9p\u00edtett ir\u00e1ni nukle\u00e1ris objektumra.<br \/>\n    Az el\u0151k\u00e9sz\u00fclet l\u00e1tszat\u00e1t volt hivatott meger\u0151s\u00edteni az is, hogy az izraeliek 15 tonn\u00e1s bunkerrombol\u00f3 bomb\u00e1kat \u00e9s helikopterk\u00e9nt felsz\u00e1ll\u00f3, de merev sz\u00e1rny\u00fa g\u00e9pk\u00e9nt rep\u00fcl\u0151, csapatsz\u00e1ll\u00edt\u00e1sra kiv\u00e1l\u00f3an alkalmas V-22-es Osprey t\u00edpus\u00fa g\u00e9peket k\u00edv\u00e1ntak beszerezni az Egyes\u00fclt \u00c1llamokt\u00f3l. A sz\u00e1mukra felaj\u00e1nlott Osprey-ket v\u00e9g\u00fcl, p\u00e9nzhi\u00e1nyra hivatkozva, nem vett\u00e9k meg.<br \/>\n    Az amerikai korm\u00e1ny abban b\u00edzott, hogy mindaddig siker\u00fcl visszatartani az izraeli katonai akci\u00f3t, am\u00edg elmozdul\u00e1s nem t\u00f6rt\u00e9nik az Ir\u00e1nnal a nukle\u00e1ris programj\u00e1nak korl\u00e1toz\u00e1s\u00e1r\u00f3l folytatott titkos t\u00e1rgyal\u00e1sokon (ezek 2011 v\u00e9g\u00e9n Om\u00e1nban, az akkor m\u00e9g szen\u00e1tor John Kerry bevon\u00e1s\u00e1val kezd\u0151dtek meg). A katonai csap\u00e1sra val\u00f3 k\u00e9sz\u00fcl\u0151d\u00e9st pedig az amerikai k\u00fclpolitika elbitorl\u00e1s\u00e1ra ir\u00e1nyul\u00f3 k\u00eds\u00e9rletk\u00e9nt fogt\u00e1k fel.<br \/>\n    A k\u00e9t orsz\u00e1g vezet\u00e9se &#8211; a k\u00f6lcs\u00f6n\u00f6s bizalmatlans\u00e1g miatt &#8211; egyeztet\u00e9s helyett a h\u00edrszerz\u00e9s eszk\u00f6zeivel igyekezett kipuhatolni egym\u00e1s sz\u00e1nd\u00e9kait, ek\u00f6zben a megt\u00e9veszt\u00e9s eszk\u00f6zeivel is \u00e9lve. A Barack Obama \u00e9s Netanjahu k\u00f6z\u00f6tti fesz\u00fclts\u00e9g m\u00e1r a k\u00e9t vezet\u0151 els\u0151, 2009-es feh\u00e9r h\u00e1zi tal\u00e1lkoz\u00f3j\u00e1n ki\u00e9lez\u0151d\u00f6tt, aminek az volt az el\u0151zm\u00e9nye, hogy az izraeli korm\u00e1nyf\u0151t republik\u00e1nus politikusok \u00fagy t\u00e1j\u00e9koztatt\u00e1k: az amerikai eln\u00f6k arabbar\u00e1t.<br \/>\n    A bizalmatlans\u00e1g annak ellen\u00e9re is fennmaradt, hogy Obama, aki m\u00e1r szen\u00e1tork\u00e9nt is t\u00e1rgyalt Netanjahuval, nem sokkal hivatalba l\u00e9p\u00e9s\u00e9t k\u00f6vet\u0151en elrendelte, hogy a Pentagon dolgozzon ki t\u00e1mad\u00e1si terveket Fordo ellen, \u00e9s t\u00e1mogatta a K\u00f6zponti H\u00edrszerz\u0151 \u00dcgyn\u00f6ks\u00e9g (CIA) \u00e9s az izraeli k\u00e9mszolg\u00e1lat, a Moszad k\u00f6z\u00f6tti egy\u00fcttm\u0171k\u00f6d\u00e9s kisz\u00e9les\u00edt\u00e9s\u00e9t.<br \/>\n    Izraeli r\u00e9szr\u0151l azonban kifog\u00e1solt\u00e1k, hogy az Egyes\u00fclt \u00c1llamok nem hajland\u00f3 el\u00e9g messzire elmenni a fedett m\u0171velet ter\u00e9n, p\u00e9ld\u00e1ul az Ir\u00e1n p\u00e9nz\u00fcgyi vagy ak\u00e1r politikai rendszer\u00e9nek \u00f6sszed\u00f6nt\u00e9s\u00e9re ir\u00e1nyul\u00f3 javaslatot m\u00e9rlegelni. A Moszad t\u00f6bb fedett akci\u00f3t \u00f6n\u00e1ll\u00f3an hajtott v\u00e9gre. Ezek k\u00f6z\u00e9 tartozott az ir\u00e1ni nukle\u00e1ris szakemberek meg\u00f6l\u00e9se.<br \/>\n    A titkos akci\u00f3k vesz\u00e9lyess\u00e9g\u00e9re 2010-ben r\u00e1vil\u00e1g\u00edtott, hogy az amerikai-izraeli fejleszt\u00e9s\u0171 Stuxnet sz\u00e1m\u00edt\u00f3g\u00e9pes v\u00edrus, amelynek c\u00e9lja az ir\u00e1ni ur\u00e1nd\u00fas\u00edt\u00f3 centrifug\u00e1k t\u00f6nkret\u00e9tele volt, v\u00e9letlen folyt\u00e1n elkezdett terjedni a vil\u00e1gh\u00e1l\u00f3n. Az izraeliek tov\u00e1bbi kibert\u00e1mad\u00e1sokat akartak v\u00e9grehajtani ir\u00e1ni int\u00e9zm\u00e9nyek ellen, \u00e1m a v\u00edrus kit\u00f6r\u00e9se \u00f3vatoss\u00e1gra intette Obam\u00e1t , aki att\u00f3l tartott, hogy ez ir\u00e1ni megtorl\u00f3 l\u00e9p\u00e9seket v\u00e1lt ki, vagy ellen\u0151rizhetetlen elterjed\u00e9se k\u00e1rokat okozhat a vil\u00e1ggazdas\u00e1gnak.<br \/>\n    Netanjahut az sem gy\u0151zte meg, hogy Obama 2012 m\u00e1rcius\u00e1ban ny\u00edltan kijelentette, nem bl\u00f6ff\u00f6l \u00e9s k\u00e9sz ak\u00e1r katonai fell\u00e9p\u00e9ssel is megakad\u00e1lyozni Ir\u00e1n atomfegyverhez jut\u00e1s\u00e1t. Az amerikai korm\u00e1ny nemtetsz\u00e9s\u00e9t pedig az v\u00e1ltotta ki, hogy felfog\u00e1sa szerint az izraeli korm\u00e1nyf\u0151 az eln\u00f6k kih\u00edv\u00f3j\u00e1t, Mitt Romneyt t\u00e1mogatta.<br \/>\n    Az amerikai-ir\u00e1ni titkos t\u00e1rgyal\u00e1sok els\u0151 fordul\u00f3ja 2012 j\u00fanius\u00e1ban kudarccal v\u00e9gz\u0151d\u00f6tt. Obama \u00e9s Netanjahu ezt k\u00f6vet\u0151en 2012 szeptember\u00e9ben besz\u00e9lt egym\u00e1ssal. A t\u00e1rgyal\u00e1s arr\u00f3l gy\u0151zte meg az eln\u00f6k\u00f6t, hogy Izrael nem ind\u00edt csap\u00e1sokat az amerikai eln\u00f6kv\u00e1laszt\u00e1s el\u0151est\u00e9j\u00e9n.<br \/>\n    Mik\u00f6zben a Teher\u00e1nnal &#8211; a t\u00f6bbi nagyhatalommal egy\u00fctt &#8211; folytatott t\u00e1rgyal\u00e1sok r\u00e9szleteit az amerikai korm\u00e1ny megosztotta Izraellel, a zsid\u00f3 \u00e1llam vezet\u00e9s\u00e9t Washington csak 2013. szeptember 27-\u00e9n t\u00e1j\u00e9koztatta hivatalosan az Om\u00e1nban folytatott k\u00fcl\u00f6nt\u00e1rgyal\u00e1sokr\u00f3l.<br \/>\n    Jaakov Amidror izraeli nemzetbiztons\u00e1gi tan\u00e1csad\u00f3 \u00e9ppen amerikai partnere, Susan Rice irod\u00e1j\u00e1ban volt, amikor az elmondta neki, hogy Obama \u00e9ppen Haszan R\u00f3h\u00e1ni ir\u00e1ni eln\u00f6kkel van vonalban. Amidror nem sokkal k\u00e9s\u0151bb azzal lepte meg a washingtoni tiszts\u00e9gvisel\u0151ket, hogy felfedte el\u0151tt\u00fck: Izrael azonos\u00edtotta azoknak az amerikai korm\u00e1nyg\u00e9peknek a lajstromjeleit, amelyek Om\u00e1nba sz\u00e1ll\u00edtott\u00e1k a t\u00e1rgyal\u00f3k\u00fcld\u00f6tts\u00e9geket.<br \/>\n    Obama szeptember 30-\u00e1n sz\u00e1molt be Netanjahunak a titkos t\u00e1rgyal\u00e1sokr\u00f3l. Az ir\u00e1ni nukle\u00e1ris program korl\u00e1toz\u00e1s\u00e1r\u00f3l sz\u00f3l\u00f3 \u00e1tfog\u00f3 alkur\u00f3l 2014-ben kezd\u0151d\u00f6tt meg az egyezked\u00e9s. Az amerikai titkosszolg\u00e1latok azonnal \u00e9rtes\u00edtett\u00e9k a Feh\u00e9r H\u00e1zat, hogy az izraeliek k\u00e9mkednek a t\u00e1rgyal\u00e1sok ut\u00e1n, amit \u0151k tagadtak.<br \/>\n    Netanjahu az utols\u00f3 sz\u00f6vets\u00e9gesei k\u00f6z\u00f6tt sz\u00e1mon tartott kongresszusi republik\u00e1nusokhoz fordult a meg\u00e1llapod\u00e1s meghi\u00fas\u00edt\u00e1sa \u00e9rdek\u00e9ben, \u00e1m azoknak nem volt ehhez elegend\u0151 szavazatuk.<br \/>\n    A The Wall Street Journal \u00e1ltal megsz\u00f3laltatott forr\u00e1sok szerint a k\u00f6lcs\u00f6n\u00f6s bizalom helyre\u00e1ll\u00edt\u00e1sa nem lesz k\u00f6nny\u0171 a k\u00e9t korm\u00e1ny k\u00f6z\u00f6tt, mert Netanjahu tov\u00e1bbra sem mondott le az Ir\u00e1n elleni csap\u00e1s lehet\u0151s\u00e9g\u00e9r\u0151l.(MTI)<\/p>\n","protected":false},"excerpt":{"rendered":"<p>Az Egyes\u00fclt \u00c1llamok 2012-ben megfigyel\u00e9s alatt tartotta Izrael katonai b\u00e1zisait \u00e9s lehallgatta az orsz\u00e1g titkos kommunik\u00e1ci\u00f3j\u00e1t, mert att\u00f3l tartott, hogy a zsid\u00f3 \u00e1llam csap\u00e1st m\u00e9r Ir\u00e1n ford\u00f3i ur\u00e1nd\u00fas\u00edt\u00f3 l\u00e9tes\u00edtm\u00e9ny\u00e9re &#8211; \u00edrta p\u00e9nteki sz\u00e1m\u00e1ban a The Wall Street Journal, k\u00e9ttucatnyi amerikai \u00e9s izraeli volt \u00e9s akt\u00edv hivatalos szem\u00e9lyre hivatkozva.<\/p>\n","protected":false},"author":1,"featured_media":0,"comment_status":"open","ping_status":"closed","sticky":false,"template":"","format":"standard","meta":[],"categories":[13,16],"tags":[],"_links":{"self":[{"href":"https:\/\/gazdasagportal.hu\/index.php\/wp-json\/wp\/v2\/posts\/69438"}],"collection":[{"href":"https:\/\/gazdasagportal.hu\/index.php\/wp-json\/wp\/v2\/posts"}],"about":[{"href":"https:\/\/gazdasagportal.hu\/index.php\/wp-json\/wp\/v2\/types\/post"}],"author":[{"embeddable":true,"href":"https:\/\/gazdasagportal.hu\/index.php\/wp-json\/wp\/v2\/users\/1"}],"replies":[{"embeddable":true,"href":"https:\/\/gazdasagportal.hu\/index.php\/wp-json\/wp\/v2\/comments?post=69438"}],"version-history":[{"count":1,"href":"https:\/\/gazdasagportal.hu\/index.php\/wp-json\/wp\/v2\/posts\/69438\/revisions"}],"predecessor-version":[{"id":69439,"href":"https:\/\/gazdasagportal.hu\/index.php\/wp-json\/wp\/v2\/posts\/69438\/revisions\/69439"}],"wp:attachment":[{"href":"https:\/\/gazdasagportal.hu\/index.php\/wp-json\/wp\/v2\/media?parent=69438"}],"wp:term":[{"taxonomy":"category","embeddable":true,"href":"https:\/\/gazdasagportal.hu\/index.php\/wp-json\/wp\/v2\/categories?post=69438"},{"taxonomy":"post_tag","embeddable":true,"href":"https:\/\/gazdasagportal.hu\/index.php\/wp-json\/wp\/v2\/tags?post=69438"}],"curies":[{"name":"wp","href":"https:\/\/api.w.org\/{rel}","templated":true}]}}