{"id":69436,"date":"2015-10-24T15:00:31","date_gmt":"2015-10-24T13:00:31","guid":{"rendered":"http:\/\/gazdasagportal.hu\/?p=69436"},"modified":"2015-10-24T09:42:23","modified_gmt":"2015-10-24T07:42:23","slug":"negativra-rontotta-ausztria-osztalyzati-kilatasat-a-moodys","status":"publish","type":"post","link":"https:\/\/gazdasagportal.hu\/index.php\/negativra-rontotta-ausztria-osztalyzati-kilatasat-a-moodys\/","title":{"rendered":"Negat\u00edvra rontotta Ausztria oszt\u00e1lyzati kil\u00e1t\u00e1s\u00e1t a Moody&#8217;s"},"content":{"rendered":"<p><strong>Lemin\u0151s\u00edt\u00e9s lehet\u0151s\u00e9g\u00e9re utal\u00f3 negat\u00edvra rontotta az eddigi stabilr\u00f3l Ausztria lehets\u00e9ges legjobb, &#8222;Aaa&#8221; \u00e1llamad\u00f3s-besorol\u00e1s\u00e1nak kil\u00e1t\u00e1s\u00e1t p\u00e9nteken a Moody&#8217;s Investors Service, els\u0151sorban az osztr\u00e1k gazdas\u00e1g gyenge n\u00f6veked\u00e9si kil\u00e1t\u00e1saival indokolva a d\u00f6nt\u00e9st.<\/strong><!--more--><\/p>\n<div class=\"ads-in-post1\"><div id=\"gazdasagportal.hu_fullbanner_wideboard\"><\/div>\r\n<\/div>\n<p>A nemzetk\u00f6zi hitelmin\u0151s\u00edt\u0151 az eur\u00f3pai \u00e9s az amerikai piaci z\u00e1r\u00e1sok ut\u00e1n, p\u00e9ntek \u00e9jjel Londonban ismertetett elemz\u00e9s\u00e9ben a l\u00e9p\u00e9s indokai k\u00f6z\u00f6tt kiemelte azt a v\u00e9lem\u00e9ny\u00e9t, hogy az osztr\u00e1k gazdas\u00e1g n\u00f6veked\u00e9si kil\u00e1t\u00e1sai val\u00f3sz\u00edn\u0171leg az \u00e9vtized v\u00e9g\u00e9ig gyeng\u00e9k maradnak, \u00e9s az alacsony n\u00f6veked\u00e9si r\u00e1ta v\u00e1rhat\u00f3an megnehez\u00edti a viszonylag magas \u00e1llamad\u00f3ss\u00e1g-teher \u00e9rdemi cs\u00f6kkent\u00e9s\u00e9t ebben az id\u0151szakban.<br \/>\nA Moody&#8217;s szerint az osztr\u00e1k hazai \u00f6sszterm\u00e9k (GDP) re\u00e1l\u00e9rt\u00e9ken sz\u00e1molva alig n\u0151tt 2012 \u00f3ta.<br \/>\nA c\u00e9g az oszt\u00e1lyzati kil\u00e1t\u00e1s ront\u00e1s\u00e1hoz f\u0171z\u00f6tt el\u0151rejelz\u00e9s\u00e9ben az idei \u00e9vre 0,7 sz\u00e1zal\u00e9kos, a 2015-2019-es id\u0151szakra \u00e9ves \u00e1tlagban 1,2 sz\u00e1zal\u00e9kos n\u00f6veked\u00e9st j\u00f3sol az osztr\u00e1k gazdas\u00e1gban, hangs\u00falyozva, hogy a p\u00e9nz\u00fcgyi v\u00e1ls\u00e1g el\u0151tti \u00e9vekben, 1999-2007 k\u00f6z\u00f6tt az \u00e9ves osztr\u00e1k GDP-n\u00f6veked\u00e9si \u00e1tlag 2,5 sz\u00e1zal\u00e9k volt.<br \/>\nAusztria n\u00f6veked\u00e9si potenci\u00e1lja sokkal alacsonyabb, mint a glob\u00e1lis v\u00e1ls\u00e1g el\u0151tti id\u0151szakban volt, abszol\u00fat \u00e9rtelemben \u00e9s a t\u00f6bbi &#8222;Aaa&#8221; besorol\u00e1s\u00fa szuver\u00e9n ad\u00f3shoz viszony\u00edtva egyar\u00e1nt, \u00e9s ez a helyzet aligha v\u00e1ltozik az \u00e9vtized v\u00e9g\u00e9ig &#8211; \u00e1ll a Moody&#8217;s londoni elemz\u00e9s\u00e9ben.<br \/>\nA hitelmin\u0151s\u00edt\u0151 szerint ebben szerepe van a gyenge beruh\u00e1z\u00e1si \u00e9s mag\u00e1nfogyaszt\u00e1si dinamik\u00e1nak, valamint a versenyk\u00e9pess\u00e9g \u00e9s az exportteljes\u00edtm\u00e9ny fokozatos er\u00f3zi\u00f3j\u00e1nak.<br \/>\nAz elemz\u00e9s kiemeli, hogy a Vil\u00e1ggazdas\u00e1gi F\u00f3rum glob\u00e1lis versenyk\u00e9pess\u00e9gi m\u00e9rc\u00e9j\u00e9n az osztr\u00e1k gazdas\u00e1g versenyk\u00e9pess\u00e9ge a leggyeng\u00e9bb azon 14 szuver\u00e9n ad\u00f3s k\u00f6z\u00fcl, amelyeket a Moody&#8217;s szint\u00e9n a lehets\u00e9ges legjobb, &#8222;Aaa&#8221; oszt\u00e1lyzattal tart nyilv\u00e1n.<br \/>\nA c\u00e9g v\u00e1rakoz\u00e1sa szerint a gyenge n\u00f6veked\u00e9si kil\u00e1t\u00e1sok v\u00e1rhat\u00f3an megnehez\u00edtik az \u00e1llamad\u00f3ss\u00e1g-r\u00e1ta cs\u00f6kkent\u00e9s\u00e9t \u00e9s a p\u00e9nz\u00fcgyi v\u00e1ls\u00e1gb\u00f3l ered\u0151 azon k\u00f6lts\u00e9gvet\u00e9si hat\u00e1sok felsz\u00e1mol\u00e1s\u00e1t, amelyek miatt a GDP-ar\u00e1nyos osztr\u00e1k \u00e1llamad\u00f3ss\u00e1g 65 sz\u00e1zal\u00e9kr\u00f3l 84 sz\u00e1zal\u00e9kra emelkedett 2007 \u00e9s 2014 k\u00f6z\u00f6tt.<br \/>\nA Moody&#8217;s hangs\u00falyozza, hogy az osztr\u00e1k \u00e1llamad\u00f3ss\u00e1g-r\u00e1ta a m\u00e1sodik legmagasabb a c\u00e9g besorol\u00e1si list\u00e1j\u00e1n &#8222;Aaa&#8221; oszt\u00e1lyzattal szerepl\u0151 szuver\u00e9n ad\u00f3sok k\u00f6z\u00f6tt. Ausztri\u00e1t csak az Egyes\u00fclt \u00c1llamok el\u0151zi meg ebben a csoportban, \u00e1m az amerikai gazdas\u00e1g m\u0171k\u00f6d\u00e9si k\u00f6rnyezete eg\u00e9szen m\u00e1s &#8211; \u00e1ll a hitelmin\u0151s\u00edt\u0151 elemz\u00e9s\u00e9ben.<br \/>\nA c\u00e9g v\u00e1rakoz\u00e1sa szerint az osztr\u00e1k \u00e1llamad\u00f3ss\u00e1g-r\u00e1ta az id\u00e9n tet\u0151zik 87 sz\u00e1zal\u00e9k k\u00f6r\u00fcl, \u00e9s ut\u00e1na is csak lass\u00fa cs\u00f6kken\u00e9snek indul. Ausztria a glob\u00e1lis p\u00e9nz\u00fcgyi v\u00e1ls\u00e1g idej\u00e9n elvesz\u00edtett k\u00f6lts\u00e9gvet\u00e9si mozg\u00e1steret val\u00f3sz\u00edn\u0171leg hossz\u00fa \u00e9vekig nem nyeri vissza, \u00e9s emiatt az osztr\u00e1k gazdas\u00e1g nagyobb m\u00e9rt\u00e9kben ki van t\u00e9ve a negat\u00edv gazdas\u00e1gi-p\u00e9nz\u00fcgyi sokkoknak, mint a v\u00e1ls\u00e1g el\u0151tt &#8211; \u00e1ll a Moody&#8217;s elemz\u00e9s\u00e9ben.<br \/>\nA h\u00e1rom nagy nemzetk\u00f6zi hitelmin\u0151s\u00edt\u0151 k\u00f6z\u00fcl m\u00e1r csak a Moody&#8217;s tartja nyilv\u00e1n az osztr\u00e1k szuver\u00e9n ad\u00f3ss\u00e1got a legmagasabb oszt\u00e1lyzattal. A Standard &amp; Poor&#8217;s m\u00e1r 2012-ben, a Fitch Ratings id\u00e9n febru\u00e1rban vonta meg Ausztri\u00e1t\u00f3l a lehets\u00e9ges legjobb &#8211; e c\u00e9gek m\u00f3dszertan\u00e1ban &#8222;AAA&#8221;-val jel\u00f6lt &#8211; \u00e1llamad\u00f3s-oszt\u00e1lyzatot. Mindk\u00e9t hitelmin\u0151s\u00edt\u0151 jelenleg &#8222;AA plusz&#8221; szinten tartja nyilv\u00e1n az osztr\u00e1k \u00e1llamad\u00f3ss\u00e1got.<br \/>\nEz egyben azt is jelenti, hogy az int\u00e9zm\u00e9nyi befektet\u0151k szempontj\u00e1b\u00f3l &#8211; a Moody&#8217;s &#8222;Aaa&#8221; besorol\u00e1sa ellen\u00e9re &#8211; Ausztria m\u00e1r nem tartozik az &#8222;AAA\/Aaa&#8221; szintre besorolt szuver\u00e9n ad\u00f3sok k\u00f6z\u00e9. Az alapkezel\u0151k sz\u00e1m\u00e1ra ugyanis \u00e1ltal\u00e1ban m\u00e1r k\u00e9t nemzetk\u00f6zi hitelmin\u0151s\u00edt\u0151 oszt\u00e1lyzata el\u00e9g annak meghat\u00e1roz\u00e1s\u00e1hoz, hogy egy adott szuver\u00e9n vagy kereskedelmi ad\u00f3s milyen besorol\u00e1si szinten van.<br \/>\n(MTI)<br \/>\n&nbsp;<\/p>\n","protected":false},"excerpt":{"rendered":"<p>Lemin\u0151s\u00edt\u00e9s lehet\u0151s\u00e9g\u00e9re utal\u00f3 negat\u00edvra rontotta az eddigi stabilr\u00f3l Ausztria lehets\u00e9ges legjobb, &#8222;Aaa&#8221; \u00e1llamad\u00f3s-besorol\u00e1s\u00e1nak kil\u00e1t\u00e1s\u00e1t p\u00e9nteken a Moody&#8217;s Investors Service, els\u0151sorban az osztr\u00e1k gazdas\u00e1g gyenge n\u00f6veked\u00e9si kil\u00e1t\u00e1saival indokolva a d\u00f6nt\u00e9st.<\/p>\n","protected":false},"author":1,"featured_media":0,"comment_status":"open","ping_status":"closed","sticky":false,"template":"","format":"standard","meta":[],"categories":[246],"tags":[],"_links":{"self":[{"href":"https:\/\/gazdasagportal.hu\/index.php\/wp-json\/wp\/v2\/posts\/69436"}],"collection":[{"href":"https:\/\/gazdasagportal.hu\/index.php\/wp-json\/wp\/v2\/posts"}],"about":[{"href":"https:\/\/gazdasagportal.hu\/index.php\/wp-json\/wp\/v2\/types\/post"}],"author":[{"embeddable":true,"href":"https:\/\/gazdasagportal.hu\/index.php\/wp-json\/wp\/v2\/users\/1"}],"replies":[{"embeddable":true,"href":"https:\/\/gazdasagportal.hu\/index.php\/wp-json\/wp\/v2\/comments?post=69436"}],"version-history":[{"count":1,"href":"https:\/\/gazdasagportal.hu\/index.php\/wp-json\/wp\/v2\/posts\/69436\/revisions"}],"predecessor-version":[{"id":69437,"href":"https:\/\/gazdasagportal.hu\/index.php\/wp-json\/wp\/v2\/posts\/69436\/revisions\/69437"}],"wp:attachment":[{"href":"https:\/\/gazdasagportal.hu\/index.php\/wp-json\/wp\/v2\/media?parent=69436"}],"wp:term":[{"taxonomy":"category","embeddable":true,"href":"https:\/\/gazdasagportal.hu\/index.php\/wp-json\/wp\/v2\/categories?post=69436"},{"taxonomy":"post_tag","embeddable":true,"href":"https:\/\/gazdasagportal.hu\/index.php\/wp-json\/wp\/v2\/tags?post=69436"}],"curies":[{"name":"wp","href":"https:\/\/api.w.org\/{rel}","templated":true}]}}