{"id":69426,"date":"2015-10-24T09:45:02","date_gmt":"2015-10-24T07:45:02","guid":{"rendered":"http:\/\/gazdasagportal.hu\/?p=69426"},"modified":"2015-10-24T09:26:52","modified_gmt":"2015-10-24T07:26:52","slug":"nem-csokken-a-horvatorszagba-erkezo-migransok-szama","status":"publish","type":"post","link":"https:\/\/gazdasagportal.hu\/index.php\/nem-csokken-a-horvatorszagba-erkezo-migransok-szama\/","title":{"rendered":"Nem cs\u00f6kken a Horv\u00e1torsz\u00e1gba \u00e9rkez\u0151 migr\u00e1nsok sz\u00e1ma"},"content":{"rendered":"<p><strong>Nem cs\u00f6kken a Horv\u00e1torsz\u00e1gba \u00e9rkez\u0151 migr\u00e1nsok sz\u00e1ma, az opatovaci ideiglenes s\u00e1tort\u00e1borba tov\u00e1bbra is f\u0151leg a horv\u00e1t-szerb hat\u00e1rter\u00fcletr\u0151l, Bapska k\u00f6rzet\u00e9b\u0151l \u00e9rkeznek illeg\u00e1lis hat\u00e1rs\u00e9rt\u0151k &#8211; \u00edrta az Index.hr horv\u00e1t h\u00edroldal szombaton.<\/strong><!--more--><\/p>\n<div class=\"ads-in-post1\"><div id=\"gazdasagportal.hu_fullbanner_wideboard\"><\/div>\r\n<\/div>\n<p>    A horv\u00e1t bel\u00fcgyminiszt\u00e9rium legfrissebb adatai szerint szeptember k\u00f6zepe \u00f3ta &#8211; amikor is a magyar-szerb z\u00f6ldhat\u00e1r lez\u00e1rt\u00e1k &#8211; 229 890 illeg\u00e1lis bev\u00e1ndorl\u00f3 l\u00e9pte \u00e1t a szerb-horv\u00e1t hat\u00e1rt. P\u00e9nteken 6881 ember \u00e9rkezett Szerbi\u00e1b\u00f3l.<br \/>\n    A horv\u00e1t hat\u00f3s\u00e1gok m\u00falt h\u00e9t p\u00e9ntek \u00e9jszaka \u00f3ta pr\u00f3b\u00e1lj\u00e1k lass\u00edtani a migr\u00e1ns\u00e1radatot, aminek k\u00f6vetkezt\u00e9ben az illeg\u00e1lis bev\u00e1ndorl\u00f3k a horv\u00e1t-szerb hat\u00e1r szerbiai oldal\u00e1n is feltorl\u00f3dtak. A horv\u00e1t k\u00f6zszolg\u00e1lati telev\u00edzi\u00f3 besz\u00e1mol\u00f3ja szerint reggel 1500-an v\u00e1rt\u00e1k Szerbi\u00e1ban, hogy bel\u00e9phessenek Horv\u00e1torsz\u00e1gba.<br \/>\n    A szlov\u00e9n rend\u0151rs\u00e9g adatai szerint p\u00e9nteken 9500 migr\u00e1ns l\u00e9pte \u00e1t a szlov\u00e9n-horv\u00e1t hat\u00e1rt, \u00e9jf\u00e9lt\u0151l szombat d\u00e9lel\u0151ttig pedig \u00fajabb 4189. Nagy r\u00e9sz\u00fck illeg\u00e1lisan, a z\u00f6ldhat\u00e1ron kereszt\u00fcl \u00e9rkezett Szlov\u00e9ni\u00e1ba.<br \/>\n    A magyar-horv\u00e1t z\u00f6ldhat\u00e1r m\u00falt h\u00e9t p\u00e9ntek \u00e9jf\u00e9li lez\u00e1r\u00e1sa \u00f3ta a horv\u00e1t korm\u00e1ny vonatokon \u00e9s buszokon a szlov\u00e9n hat\u00e1rra sz\u00e1ll\u00edtja a migr\u00e1nsokat, \u00e9s nem ir\u00e1ny\u00edtja t\u00f6bb\u00e9 \u0151ket a horv\u00e1t-magyar hat\u00e1rra. Szlov\u00e9ni\u00e1ban az\u00f3ta 56 499 illeg\u00e1lis bev\u00e1ndorl\u00f3t regisztr\u00e1ltak.(MTI)<\/p>\n","protected":false},"excerpt":{"rendered":"<p>Nem cs\u00f6kken a Horv\u00e1torsz\u00e1gba \u00e9rkez\u0151 migr\u00e1nsok sz\u00e1ma, az opatovaci ideiglenes s\u00e1tort\u00e1borba tov\u00e1bbra is f\u0151leg a horv\u00e1t-szerb hat\u00e1rter\u00fcletr\u0151l, Bapska k\u00f6rzet\u00e9b\u0151l \u00e9rkeznek illeg\u00e1lis hat\u00e1rs\u00e9rt\u0151k &#8211; \u00edrta az Index.hr horv\u00e1t h\u00edroldal szombaton.<\/p>\n","protected":false},"author":1,"featured_media":0,"comment_status":"open","ping_status":"closed","sticky":false,"template":"","format":"standard","meta":[],"categories":[12],"tags":[],"_links":{"self":[{"href":"https:\/\/gazdasagportal.hu\/index.php\/wp-json\/wp\/v2\/posts\/69426"}],"collection":[{"href":"https:\/\/gazdasagportal.hu\/index.php\/wp-json\/wp\/v2\/posts"}],"about":[{"href":"https:\/\/gazdasagportal.hu\/index.php\/wp-json\/wp\/v2\/types\/post"}],"author":[{"embeddable":true,"href":"https:\/\/gazdasagportal.hu\/index.php\/wp-json\/wp\/v2\/users\/1"}],"replies":[{"embeddable":true,"href":"https:\/\/gazdasagportal.hu\/index.php\/wp-json\/wp\/v2\/comments?post=69426"}],"version-history":[{"count":1,"href":"https:\/\/gazdasagportal.hu\/index.php\/wp-json\/wp\/v2\/posts\/69426\/revisions"}],"predecessor-version":[{"id":69427,"href":"https:\/\/gazdasagportal.hu\/index.php\/wp-json\/wp\/v2\/posts\/69426\/revisions\/69427"}],"wp:attachment":[{"href":"https:\/\/gazdasagportal.hu\/index.php\/wp-json\/wp\/v2\/media?parent=69426"}],"wp:term":[{"taxonomy":"category","embeddable":true,"href":"https:\/\/gazdasagportal.hu\/index.php\/wp-json\/wp\/v2\/categories?post=69426"},{"taxonomy":"post_tag","embeddable":true,"href":"https:\/\/gazdasagportal.hu\/index.php\/wp-json\/wp\/v2\/tags?post=69426"}],"curies":[{"name":"wp","href":"https:\/\/api.w.org\/{rel}","templated":true}]}}