{"id":69424,"date":"2015-10-24T05:24:49","date_gmt":"2015-10-24T03:24:49","guid":{"rendered":"http:\/\/gazdasagportal.hu\/?p=69424"},"modified":"2015-10-23T21:47:37","modified_gmt":"2015-10-23T19:47:37","slug":"a-francia-rendorseg-felszamolta-az-utolso-nagy-parizsi-migranstabort","status":"publish","type":"post","link":"https:\/\/gazdasagportal.hu\/index.php\/a-francia-rendorseg-felszamolta-az-utolso-nagy-parizsi-migranstabort\/","title":{"rendered":"A francia rend\u0151rs\u00e9g felsz\u00e1molta az utols\u00f3 nagy p\u00e1rizsi migr\u00e1nst\u00e1bort"},"content":{"rendered":"<p><strong>Ki\u00fcr\u00edtette p\u00e9nteken a francia rend\u0151rs\u00e9g azt a szan\u00e1l\u00e1sra \u00edt\u00e9lt p\u00e1rizsi gimn\u00e1ziumot, ahol ny\u00e1r \u00f3ta t\u00f6bb mint h\u00e9tsz\u00e1z migr\u00e1ns \u00e9lt elfogadhatatlan higi\u00e9niai k\u00f6r\u00fclm\u00e9nyek k\u00f6z\u00f6tt. Az embereket \u00e1tmeneti sz\u00e1ll\u00e1sokon helyezt\u00e9k el.<\/strong><!--more--><\/p>\n<div class=\"ads-in-post1\"><div id=\"gazdasagportal.hu_fullbanner_wideboard\"><\/div>\r\n<\/div>\n<p>    A jelent\u0151s rend\u0151ri jelenl\u00e9ttel v\u00e9grehajtott ki\u00fcr\u00edt\u00e9sn\u00e9l nem t\u00f6rt\u00e9nt incidens, az emberek nyugodtan t\u00e1voztak, miut\u00e1n el\u0151z\u0151 nap \u00e9rtes\u00edtett\u00e9k \u0151ket arr\u00f3l, hogy felsz\u00e1molj\u00e1k az illeg\u00e1lis t\u00e1borhelyet. Sokan \u00f6nk\u00e9nt, csomagjaikkal a kez\u00fckben hagyt\u00e1k el a helyet, ahol a bev\u00e1ndorl\u00e1si hivatal munkat\u00e1rsai \u00e9s szoci\u00e1lis munk\u00e1sok is seg\u00edtett\u00e9k a hat\u00f3s\u00e1gok munk\u00e1j\u00e1t.<br \/>\n    Az \u00e9p\u00fclet el\u0151tt 26 busz \u00e1llt a migr\u00e1nsok rendelkez\u00e9s\u00e9re. Azokkal sz\u00e1ll\u00edtott\u00e1k \u0151ket 12 befogad\u00f3k\u00f6zpontba, ahol mintegy 900 helyet k\u00e9sz\u00edtettek el\u0151 a sz\u00e1mukra.<br \/>\n    A szan\u00e1l\u00e1sra \u00edt\u00e9lt volt gimn\u00e1ziumba j\u00falius 31-\u00e9n k\u00f6lt\u00f6z\u00f6tt be n\u00e9h\u00e1ny migr\u00e1ns, akiknek sz\u00e1ma gyorsan kezdett n\u00f6vekedni: augusztus elej\u00e9n m\u00e1r sz\u00e1zan voltak, szeptemberben pedig h\u00e9tsz\u00e1zan, t\u00f6bbs\u00e9g\u00e9ben szud\u00e1ni, afg\u00e1n \u00e9s eritreai \u00e1llampolg\u00e1r, f\u0151leg f\u00e9rfiak. A t\u00e1borban \u00e9l\u0151 n\u00e9h\u00e1ny n\u0151t a p\u00e1rizsi \u00f6nkorm\u00e1nyzat fokozatosan helyezte el az elm\u00falt hetekben k\u00fcl\u00f6nb\u00f6z\u0151 sz\u00e1ll\u00e1shelyeken.<br \/>\n    A Jean Quarr\u00e9 gimn\u00e1zium ki\u00fcr\u00edt\u00e9s\u00e9t szeptember 26-\u00e1n rendelte el a b\u00edr\u00f3s\u00e1g. A n\u00e9gyemeletes beton\u00e9p\u00fclet P\u00e1rizs \u00e9szaki, XIX. ker\u00fclet\u00e9ben, egy kis zs\u00e1kutc\u00e1ban tal\u00e1lhat\u00f3.<br \/>\n    &#8222;Nem aludtunk eg\u00e9sz \u00e9jjel, el akarunk innen menni&#8221; &#8211; mondta franci\u00e1ul egy fiatal migr\u00e1ns a Le Monde c\u00edm\u0171 napilapnak. Egy \u00f6nk\u00e9ntes seg\u00edt\u0151 szerint ami\u00f3ta a hat\u00f3s\u00e1gok bejelentett\u00e9k a ki\u00fcr\u00edt\u00e9st \u00e9s az emberek elhelyez\u00e9s\u00e9t, a migr\u00e1nsok nagyon izgatottak.<br \/>\n    Jean-Francois Carenco p\u00e1rizsi prefektus elmondta, hogy a hat\u00f3s\u00e1sok mindenkit elhelyeznek \u00e9s mindenki eset\u00e9vel k\u00fcl\u00f6n foglalkoznak. A ki\u00fcr\u00edt\u00e9st a humanit\u00e1rius s\u00fcrg\u0151ss\u00e9gi \u00e1llapottal indokolta, szerinte &#8222;nem norm\u00e1lis, hogy a k\u00f6zt\u00e1rsas\u00e1g ilyen k\u00f6r\u00fclm\u00e9nyek k\u00f6z\u00f6tt hagyjon \u00e9lni embereket&#8221;. Elmond\u00e1sa szerint ezeknek a migr\u00e1nsoknak a 98 sz\u00e1zal\u00e9ka mened\u00e9kk\u00e9relmet k\u00edv\u00e1n beny\u00fajtani.<br \/>\n    &#8222;Szem\u00e9lyi pap\u00edrokat mindenkinek. Kevesebb rend\u0151rt, t\u00f6bb okiratot!&#8221; &#8211; kiab\u00e1lta n\u00e9h\u00e1ny migr\u00e1ns, miel\u0151tt besz\u00e1llt a buszba, amely elsz\u00e1ll\u00edtotta \u0151ket.<br \/>\n    Ez volt az utols\u00f3 nagy illeg\u00e1lis migr\u00e1nst\u00e1bor a francia f\u0151v\u00e1rosban. J\u00faniusban egy metr\u00f3meg\u00e1ll\u00f3 k\u00f6zel\u00e9ben, szeptember k\u00f6zep\u00e9n pedig az Austerlitz rakparton sz\u00e1moltak fel a hat\u00f3s\u00e1gok illeg\u00e1lis s\u00e1tort\u00e1borokat. Az ezeken a helyeken \u00e9l\u0151 2200 embert befogad\u00f3k\u00f6zpontokban helyezt\u00e9k el.<br \/>\n    A gimn\u00e1ziumban kialakult menek\u00fcltt\u00e1bor felsz\u00e1mol\u00e1s\u00e1t hetek \u00f3ta k\u00e9sz\u00edtette el\u0151 az \u00e1llam, miut\u00e1n egyre t\u00f6bb ember \u00e9lt elviselhetetlen k\u00f6r\u00fclm\u00e9nyek k\u00f6z\u00f6tt az egykori tantermekben kialak\u00edtott h\u00e1l\u00f3termekben. Az \u00e9p\u00fcletet egy seg\u00edt\u0151 egyes\u00fclet tal\u00e1lta az utc\u00e1n \u00e9l\u0151 migr\u00e1nsoknak, s a k\u00f6rny\u00e9ken \u00e9l\u0151k szolidarit\u00e1sa ellen\u00e9re, akik ell\u00e1tt\u00e1k az embereket, fesz\u00fclts\u00e9g alakult ki az emberek k\u00f6z\u00f6tt, gyakoriak voltak a vereked\u00e9sek.(MTI)<\/p>\n","protected":false},"excerpt":{"rendered":"<p>Ki\u00fcr\u00edtette p\u00e9nteken a francia rend\u0151rs\u00e9g azt a szan\u00e1l\u00e1sra \u00edt\u00e9lt p\u00e1rizsi gimn\u00e1ziumot, ahol ny\u00e1r \u00f3ta t\u00f6bb mint h\u00e9tsz\u00e1z migr\u00e1ns \u00e9lt elfogadhatatlan higi\u00e9niai k\u00f6r\u00fclm\u00e9nyek k\u00f6z\u00f6tt. Az embereket \u00e1tmeneti sz\u00e1ll\u00e1sokon helyezt\u00e9k el.<\/p>\n","protected":false},"author":1,"featured_media":0,"comment_status":"open","ping_status":"closed","sticky":false,"template":"","format":"standard","meta":[],"categories":[12],"tags":[],"_links":{"self":[{"href":"https:\/\/gazdasagportal.hu\/index.php\/wp-json\/wp\/v2\/posts\/69424"}],"collection":[{"href":"https:\/\/gazdasagportal.hu\/index.php\/wp-json\/wp\/v2\/posts"}],"about":[{"href":"https:\/\/gazdasagportal.hu\/index.php\/wp-json\/wp\/v2\/types\/post"}],"author":[{"embeddable":true,"href":"https:\/\/gazdasagportal.hu\/index.php\/wp-json\/wp\/v2\/users\/1"}],"replies":[{"embeddable":true,"href":"https:\/\/gazdasagportal.hu\/index.php\/wp-json\/wp\/v2\/comments?post=69424"}],"version-history":[{"count":1,"href":"https:\/\/gazdasagportal.hu\/index.php\/wp-json\/wp\/v2\/posts\/69424\/revisions"}],"predecessor-version":[{"id":69425,"href":"https:\/\/gazdasagportal.hu\/index.php\/wp-json\/wp\/v2\/posts\/69424\/revisions\/69425"}],"wp:attachment":[{"href":"https:\/\/gazdasagportal.hu\/index.php\/wp-json\/wp\/v2\/media?parent=69424"}],"wp:term":[{"taxonomy":"category","embeddable":true,"href":"https:\/\/gazdasagportal.hu\/index.php\/wp-json\/wp\/v2\/categories?post=69424"},{"taxonomy":"post_tag","embeddable":true,"href":"https:\/\/gazdasagportal.hu\/index.php\/wp-json\/wp\/v2\/tags?post=69424"}],"curies":[{"name":"wp","href":"https:\/\/api.w.org\/{rel}","templated":true}]}}