{"id":69422,"date":"2015-10-24T05:44:51","date_gmt":"2015-10-24T03:44:51","guid":{"rendered":"http:\/\/gazdasagportal.hu\/?p=69422"},"modified":"2015-10-23T21:46:11","modified_gmt":"2015-10-23T19:46:11","slug":"osztrak-kulugyminiszter-a-keritesek-biztosithatjak-a-hatarok-vedelmet","status":"publish","type":"post","link":"https:\/\/gazdasagportal.hu\/index.php\/osztrak-kulugyminiszter-a-keritesek-biztosithatjak-a-hatarok-vedelmet\/","title":{"rendered":"Osztr\u00e1k k\u00fcl\u00fcgyminiszter: a ker\u00edt\u00e9sek biztos\u00edthatj\u00e1k a hat\u00e1rok v\u00e9delm\u00e9t"},"content":{"rendered":"<p><strong>A ker\u00edt\u00e9sek biztos\u00edthatj\u00e1k a hat\u00e1rok v\u00e9delm\u00e9t &#8211; mondta Sebastian Kurz osztr\u00e1k k\u00fcl\u00fcgyminiszter az \u00d61 osztr\u00e1k k\u00f6zszolg\u00e1lati r\u00e1di\u00f3 p\u00e9nteki m\u0171sor\u00e1ban. Kurz \u00fagy v\u00e9lte: a k\u00e9rd\u00e9s az, hogy az egyes orsz\u00e1gok akarnak-e ker\u00edt\u00e9st \u00e9p\u00edteni vagy nem. <\/strong><!--more--><\/p>\n<div class=\"ads-in-post1\"><div id=\"gazdasagportal.hu_fullbanner_wideboard\"><\/div>\r\n<\/div>\n<p>    A t\u00e1rcavezet\u0151 &#8211; mint arr\u00f3l a Die Presse c\u00edm\u0171 lap internetes oldal\u00e1n besz\u00e1molt &#8211; egy, a magyar-szerb hat\u00e1ron l\u00e9tes\u00edtett ker\u00edt\u00e9s hasznoss\u00e1g\u00e1t firtat\u00f3 \u00fajs\u00e1g\u00edr\u00f3i k\u00e9rd\u00e9sre v\u00e1laszolva kifejtette: ha igazak lenn\u00e9nek a ker\u00edt\u00e9sek hat\u00e9kony m\u0171k\u00f6d\u00e9s\u00e9t b\u00edr\u00e1l\u00f3 \u00e1ll\u00edt\u00e1sok, akkor nem funkcion\u00e1lna a hat\u00e1rv\u00e9delem a bolg\u00e1r-t\u00f6r\u00f6k valamint a spanyolorsz\u00e1gi hat\u00e1rszakaszokon, ahol m\u00e1r r\u00e9gen meg\u00e9p\u00fclt a ker\u00edt\u00e9s. &#8222;Az az \u00e1ll\u00edt\u00e1s, hogy a ker\u00edt\u00e9sek nem m\u0171k\u00f6dnek, egyszer\u0171en \u00e9s m\u00e9lyrehat\u00f3an hamis&#8221; &#8211; fogalmazott a miniszter.<br \/>\n    Kurz szerint Eur\u00f3p\u00e1nak nem kellene T\u00f6r\u00f6korsz\u00e1gt\u00f3l f\u00fcgg\u0151v\u00e9 tennie a menek\u00fcltv\u00e1ls\u00e1ggal kapcsolatos k\u00fczdelm\u00e9t. \u00c1lszent dolog, hogy Eur\u00f3pa nyitottnak mutatkozik a menek\u00fcltek el\u0151tt, azonban egy\u00fattal fizetni akar T\u00f6r\u00f6korsz\u00e1gnak az\u00e9rt, hogy tart\u00f3ztassa fel az embereket &#8211; mondta a miniszter \u00e9s \u00fagy v\u00e9lte: Eur\u00f3p\u00e1nak \u00f6n\u00e1ll\u00f3an kell megv\u00e9denie az uni\u00f3 k\u00fcls\u0151 hat\u00e1rait.<br \/>\n    Ausztria d\u00e9li hat\u00e1rr\u00e9sz\u00e9n l\u00e9v\u0151 Spielfeldn\u00e9l cs\u00fct\u00f6rt\u00f6k este hatezer menek\u00fclt \u00e9rkezett, p\u00e9nteken kora reggel m\u00e9g 1500-an voltak a gy\u0171jt\u0151\u00e1llom\u00e1son, holott a migr\u00e1nsokat sz\u00e1ll\u00edt\u00f3 buszok eg\u00e9sz \u00e9jszaka k\u00f6zlekedtek. Hatsz\u00e1z embert \u00e1tmenetileg a st\u00e1jerorsz\u00e1gi Wagna telep\u00fcl\u00e9s egy tornacsarnok\u00e1ban helyeztek el. Itt azonban vereked\u00e9s t\u00f6rt ki a menek\u00fcltek k\u00f6z\u00f6tt, a rend\u0151rs\u00e9gnek kellett k\u00f6zbeavatkoznia.<br \/>\n    Cs\u00fct\u00f6rt\u00f6k\u00f6n k\u00e9s\u0151 este 600 menek\u00fclt \u00e9rkezett a karintiai-szlov\u00e9n hat\u00e1rhoz. A migr\u00e1nsokat a Villach v\u00e1rosban tal\u00e1lhat\u00f3 sz\u00fcks\u00e9gsz\u00e1ll\u00e1sra vitt\u00e9k, a klagenfurti befogad\u00f3helyen 900 embert helyeztek el.<br \/>\n    Cs\u00fct\u00f6rt\u00f6k d\u00e9lut\u00e1n \u00fajraindult a Sentilj-Spielfeld-Leibnitz vonalon kor\u00e1bban le\u00e1llt vonatk\u00f6zleked\u00e9s. Azonban p\u00e9ntek d\u00e9lel\u0151tt a menek\u00fcltek ism\u00e9t a v\u00e1g\u00e1nyokon s\u00e9t\u00e1ltak, ez\u00e9rt az osztr\u00e1k vas\u00fatt\u00e1rsas\u00e1g (\u00d6BB) \u00fajra kil\u00e1t\u00e1sba helyezte a j\u00e1ratok le\u00e1ll\u00edt\u00e1s\u00e1t.<br \/>\n    Ausztri\u00e1ban t\u00f6bb mint n\u00e9gyezren t\u00f6lt\u00f6tt\u00e9k a cs\u00fct\u00f6rt\u00f6k \u00e9jszak\u00e1t seg\u00e9lyszervezetek \u00e1ltal biztos\u00edtott menek\u00fcltsz\u00e1ll\u00e1sokon, az \u00e1llami befogad\u00f3helyeknek ugyanis m\u00e1r nem volt szabad kapacit\u00e1suk.(MTI)<\/p>\n","protected":false},"excerpt":{"rendered":"<p>A ker\u00edt\u00e9sek biztos\u00edthatj\u00e1k a hat\u00e1rok v\u00e9delm\u00e9t &#8211; mondta Sebastian Kurz osztr\u00e1k k\u00fcl\u00fcgyminiszter az \u00d61 osztr\u00e1k k\u00f6zszolg\u00e1lati r\u00e1di\u00f3 p\u00e9nteki m\u0171sor\u00e1ban. Kurz \u00fagy v\u00e9lte: a k\u00e9rd\u00e9s az, hogy az egyes orsz\u00e1gok akarnak-e ker\u00edt\u00e9st \u00e9p\u00edteni vagy nem.<\/p>\n","protected":false},"author":1,"featured_media":0,"comment_status":"open","ping_status":"closed","sticky":false,"template":"","format":"standard","meta":[],"categories":[12],"tags":[],"_links":{"self":[{"href":"https:\/\/gazdasagportal.hu\/index.php\/wp-json\/wp\/v2\/posts\/69422"}],"collection":[{"href":"https:\/\/gazdasagportal.hu\/index.php\/wp-json\/wp\/v2\/posts"}],"about":[{"href":"https:\/\/gazdasagportal.hu\/index.php\/wp-json\/wp\/v2\/types\/post"}],"author":[{"embeddable":true,"href":"https:\/\/gazdasagportal.hu\/index.php\/wp-json\/wp\/v2\/users\/1"}],"replies":[{"embeddable":true,"href":"https:\/\/gazdasagportal.hu\/index.php\/wp-json\/wp\/v2\/comments?post=69422"}],"version-history":[{"count":1,"href":"https:\/\/gazdasagportal.hu\/index.php\/wp-json\/wp\/v2\/posts\/69422\/revisions"}],"predecessor-version":[{"id":69423,"href":"https:\/\/gazdasagportal.hu\/index.php\/wp-json\/wp\/v2\/posts\/69422\/revisions\/69423"}],"wp:attachment":[{"href":"https:\/\/gazdasagportal.hu\/index.php\/wp-json\/wp\/v2\/media?parent=69422"}],"wp:term":[{"taxonomy":"category","embeddable":true,"href":"https:\/\/gazdasagportal.hu\/index.php\/wp-json\/wp\/v2\/categories?post=69422"},{"taxonomy":"post_tag","embeddable":true,"href":"https:\/\/gazdasagportal.hu\/index.php\/wp-json\/wp\/v2\/tags?post=69422"}],"curies":[{"name":"wp","href":"https:\/\/api.w.org\/{rel}","templated":true}]}}