{"id":69420,"date":"2015-10-24T05:06:17","date_gmt":"2015-10-24T03:06:17","guid":{"rendered":"http:\/\/gazdasagportal.hu\/?p=69420"},"modified":"2015-10-23T21:27:01","modified_gmt":"2015-10-23T19:27:01","slug":"szlovenia-nem-zarja-ki-a-keritesepites-lehetoseget","status":"publish","type":"post","link":"https:\/\/gazdasagportal.hu\/index.php\/szlovenia-nem-zarja-ki-a-keritesepites-lehetoseget\/","title":{"rendered":"Szlov\u00e9nia nem z\u00e1rja ki a ker\u00edt\u00e9s\u00e9p\u00edt\u00e9s lehet\u0151s\u00e9g\u00e9t"},"content":{"rendered":"<p><strong>Szlov\u00e9nia nem z\u00e1rja ki a ker\u00edt\u00e9s\u00e9p\u00edt\u00e9s lehet\u0151s\u00e9g\u00e9t Horv\u00e1torsz\u00e1ggal k\u00f6z\u00f6s hat\u00e1r\u00e1n, amennyiben a horv\u00e1t hat\u00f3s\u00e1gok tov\u00e1bbra is ellen\u0151rz\u00e9s n\u00e9lk\u00fcl sz\u00e1ll\u00edtj\u00e1k a migr\u00e1nsokat a szlov\u00e9n z\u00f6ldhat\u00e1rra &#8211; mondta Miro Cerar szlov\u00e9n minisztereln\u00f6k a k\u00f6zszolg\u00e1lati telev\u00edzi\u00f3nak (RTV) adott interj\u00faj\u00e1ban.<\/strong><!--more--><\/p>\n<div class=\"ads-in-post1\"><div id=\"gazdasagportal.hu_fullbanner_wideboard\"><\/div>\r\n<\/div>\n<p>    A korm\u00e1nyf\u0151 az \u00e9jjeli interj\u00faban \u00e9lesen t\u00e1madta Horv\u00e1torsz\u00e1got \u00e9s azzal v\u00e1dolta meg, hogy nem kezeli &#8222;eur\u00f3pai m\u00f3don&#8221; a migr\u00e1ci\u00f3s v\u00e1ls\u00e1got.<br \/>\n    Cerar ez\u00e9rt nem z\u00e1rja ki annak lehet\u0151s\u00e9g\u00e9t sem, hogy ker\u00edt\u00e9st \u00e9p\u00edt a szlov\u00e9n-horv\u00e1t hat\u00e1ron.<br \/>\n    &#8222;Ez is egy opci\u00f3&#8221; &#8211; mondta, majd hozz\u00e1f\u0171zte: de a helyzetre el\u0151sz\u00f6r eur\u00f3pai megold\u00e1st pr\u00f3b\u00e1lnak tal\u00e1lni.<br \/>\n    A korm\u00e1nyf\u0151 \u00fagy v\u00e9li: ha N\u00e9metorsz\u00e1g \u00e9s Ausztria lez\u00e1rja hat\u00e1rait a migr\u00e1nsok el\u0151tt, Szlov\u00e9ni\u00e1nak sem lesz m\u00e1s v\u00e1laszt\u00e1sa, de hozz\u00e1tette, hogy egyel\u0151re nincs erre utal\u00f3 jel.<br \/>\n    Cerar b\u00edzik abban, hogy a v\u00e1s\u00e1rnap tartand\u00f3 EU-cs\u00facson siker\u00fcl valamilyen meg\u00e1llapod\u00e1st tal\u00e1lni a probl\u00e9m\u00e1ra.<br \/>\n    Zoran Milanovic horv\u00e1t korm\u00e1nyf\u0151 visszautas\u00edtotta a szlov\u00e9n b\u00edr\u00e1latokat, hogy Z\u00e1gr\u00e1b nem lenne szolid\u00e1ris \u00e9s nem tartan\u00e1 be \u00edg\u00e9reteit.<br \/>\n    Milanovic azt \u00fczente Szlov\u00e9ni\u00e1nak, tegye ugyanazt, mint Horv\u00e1torsz\u00e1g, Ljubljana sz\u00e1ll\u00edtsa az osztr\u00e1k hat\u00e1rra a migr\u00e1nsokat.<br \/>\n    A magyar-horv\u00e1t z\u00f6ldhat\u00e1r m\u00falt p\u00e9ntek \u00e9jf\u00e9li lez\u00e1r\u00e1sa ut\u00e1n Z\u00e1gr\u00e1b \u00e9letbe l\u00e9ptette a C-tervet, vagyis a szlov\u00e9n hat\u00e1rra sz\u00e1ll\u00edtja a migr\u00e1nsokat, \u00e9s nem ir\u00e1ny\u00edtja t\u00f6bbet \u0151ket a magyar hat\u00e1rra.<br \/>\n    Annak ellen\u00e9re, hogy Szlov\u00e9nia kijelentette, mind\u00f6ssze 2500 embert tud fogadni naponta, Horv\u00e1torsz\u00e1g ezt a k\u00e9r\u00e9s\u00e9t nem tartja tiszteletbe. M\u00e9g kor\u00e1bban csak a megbesz\u00e9lt hat\u00e1r\u00e1tkel\u0151 helyekre sz\u00e1ll\u00edtotta a migr\u00e1nsokat, jelen esetben az illeg\u00e1lis bev\u00e1ndorl\u00f3k t\u00f6bbs\u00e9g\u00e9t a z\u00f6ldhat\u00e1r fel\u00e9 ir\u00e1ny\u00edtja, t\u00f6bb ezret naponta.(MTI)<\/p>\n","protected":false},"excerpt":{"rendered":"<p>Szlov\u00e9nia nem z\u00e1rja ki a ker\u00edt\u00e9s\u00e9p\u00edt\u00e9s lehet\u0151s\u00e9g\u00e9t Horv\u00e1torsz\u00e1ggal k\u00f6z\u00f6s hat\u00e1r\u00e1n, amennyiben a horv\u00e1t hat\u00f3s\u00e1gok tov\u00e1bbra is ellen\u0151rz\u00e9s n\u00e9lk\u00fcl sz\u00e1ll\u00edtj\u00e1k a migr\u00e1nsokat a szlov\u00e9n z\u00f6ldhat\u00e1rra &#8211; mondta Miro Cerar szlov\u00e9n minisztereln\u00f6k a k\u00f6zszolg\u00e1lati telev\u00edzi\u00f3nak (RTV) adott interj\u00faj\u00e1ban.<\/p>\n","protected":false},"author":1,"featured_media":0,"comment_status":"open","ping_status":"closed","sticky":false,"template":"","format":"standard","meta":[],"categories":[12],"tags":[],"_links":{"self":[{"href":"https:\/\/gazdasagportal.hu\/index.php\/wp-json\/wp\/v2\/posts\/69420"}],"collection":[{"href":"https:\/\/gazdasagportal.hu\/index.php\/wp-json\/wp\/v2\/posts"}],"about":[{"href":"https:\/\/gazdasagportal.hu\/index.php\/wp-json\/wp\/v2\/types\/post"}],"author":[{"embeddable":true,"href":"https:\/\/gazdasagportal.hu\/index.php\/wp-json\/wp\/v2\/users\/1"}],"replies":[{"embeddable":true,"href":"https:\/\/gazdasagportal.hu\/index.php\/wp-json\/wp\/v2\/comments?post=69420"}],"version-history":[{"count":1,"href":"https:\/\/gazdasagportal.hu\/index.php\/wp-json\/wp\/v2\/posts\/69420\/revisions"}],"predecessor-version":[{"id":69421,"href":"https:\/\/gazdasagportal.hu\/index.php\/wp-json\/wp\/v2\/posts\/69420\/revisions\/69421"}],"wp:attachment":[{"href":"https:\/\/gazdasagportal.hu\/index.php\/wp-json\/wp\/v2\/media?parent=69420"}],"wp:term":[{"taxonomy":"category","embeddable":true,"href":"https:\/\/gazdasagportal.hu\/index.php\/wp-json\/wp\/v2\/categories?post=69420"},{"taxonomy":"post_tag","embeddable":true,"href":"https:\/\/gazdasagportal.hu\/index.php\/wp-json\/wp\/v2\/tags?post=69420"}],"curies":[{"name":"wp","href":"https:\/\/api.w.org\/{rel}","templated":true}]}}