{"id":69414,"date":"2015-10-24T04:22:06","date_gmt":"2015-10-24T02:22:06","guid":{"rendered":"http:\/\/gazdasagportal.hu\/?p=69414"},"modified":"2015-10-23T21:03:33","modified_gmt":"2015-10-23T19:03:33","slug":"vona-1956-a-horthy-rendszer-utolso-fellobbanasa-volt","status":"publish","type":"post","link":"https:\/\/gazdasagportal.hu\/index.php\/vona-1956-a-horthy-rendszer-utolso-fellobbanasa-volt\/","title":{"rendered":"Vona: 1956 a Horthy-rendszer utols\u00f3 fellobban\u00e1sa volt"},"content":{"rendered":"<p><strong>A Jobbik eln\u00f6ke szerint az 1956-os forradalom szabads\u00e1gharcosai a Horthy-rendszer hazaszeretet\u00e9b\u0151l vett\u00e9k az er\u0151t rem\u00e9nytelen harcv\u00e1llal\u00e1sukhoz.<\/strong><br \/>\n<!--more--><\/p>\n<div class=\"ads-in-post1\"><div id=\"gazdasagportal.hu_fullbanner_wideboard\"><\/div>\r\n<\/div>\n<p>    Vona G\u00e1bor p\u00e1rtja okt\u00f3ber 23-i \u00fcnnepi rendezv\u00e9ny\u00e9n, p\u00e9nteken a f\u0151v\u00e1rosi Corvin k\u00f6zben eg\u00e9sz Eur\u00f3pa m\u00e1sodik vil\u00e1gh\u00e1bor\u00fa ut\u00e1ni legdics\u0151bb tett\u00e9nek nevezte 1956-ot, amely szerinte \u00e9ppen att\u00f3l sz\u00e9p, hogy m\u00e1r fellobban\u00e1sa pillanat\u00e1ban rem\u00e9nytelen volt.<br \/>\n    Kifejtette: a rem\u00e9nytelen harcv\u00e1llal\u00e1sokb\u00f3l a magyarok mindig erk\u00f6lcsi gy\u0151ztesk\u00e9nt ker\u00fcltek ki a t\u00f6rt\u00e9nelemben, a K\u00e1rp\u00e1t-medenc\u00e9\u00e9rt kiontott v\u00e9rb\u0151l pedig k\u00e9s\u0151bb \u00e9let sarjadt. \u00c9ppen ez\u00e9rt a Corvin k\u00f6zben nem &#8222;hullaszagot, hanem a dics\u0151s\u00e9g illat\u00e1t&#8221; \u00e9rzi &#8211; f\u0171zte hozz\u00e1 az ellenz\u00e9ki politikus.<br \/>\n    A Jobbik eln\u00f6ke besz\u00e9de elej\u00e9n kijelentette, p\u00e1rtja tov\u00e1bbra is h\u0171 ahhoz az \u00f6r\u00f6ks\u00e9ghez, amelyet megalakul\u00e1sukkor Pongr\u00e1tz Gergely Corvin k\u00f6zi szabads\u00e1gharcost\u00f3l vehettek \u00e1t. Vona G\u00e1bor szerint ebben az\u00e9rt is k\u00f6nny\u0171 dolguk van, mert a Jobbik soraiban t\u00f6bb szabads\u00e1gharcos is tal\u00e1lhat\u00f3, akiket a XXI. sz\u00e1zad nemzetteremt\u0151, rendk\u00edv\u00fcli h\u0151seinek nevezett.<br \/>\n    Sz\u00f3lt arr\u00f3l is, hogy a f\u0151v\u00e1rosban harcol\u00f3 pesti sr\u00e1cok a Horthy-rendszer hazafiass\u00e1g\u00e1b\u00f3l mer\u00edtettek er\u0151t ahhoz, hogy ak\u00e1r \u00e9let\u00fcket is \u00e1ldozz\u00e1k haz\u00e1juk\u00e9rt.<br \/>\n    A Jobbik vezet\u0151je szerint &#8222;a k\u00f6zelg\u0151 h\u00e1bor\u00fas g\u00f3cok&#8221; miatt most is sz\u00fcks\u00e9g lenne hasonl\u00f3an friss, fiatalos \u00e9s \u00e9leter\u0151s hazafiass\u00e1gra, valamint arra, hogy a fiatals\u00e1g testben \u00e9s l\u00e9lekben meger\u0151s\u00f6dj\u00f6n. Az ellenz\u00e9ki politikus ezzel \u00f6sszef\u00fcgg\u00e9sben ism\u00e9telten felvetette az \u00f6nk\u00e9ntes sorkatonas\u00e1g fel\u00e1ll\u00edt\u00e1s\u00e1t. &#8222;Szak\u00e1llas n\u0151kkel&#8221; nem lehet megv\u00e9deni Eur\u00f3p\u00e1t &#8211; tette hozz\u00e1.<br \/>\n    Vona G\u00e1bor besz\u00e9de v\u00e9g\u00e9n kit\u00e9rt arra is, hogy szerinte jelenleg nemcsak fizikai, hanem erk\u00f6lcsi \u00e9rtelemben vett hat\u00e1rs\u00e9rt\u0151k is fenyegetik Magyarorsz\u00e1got. Ilyen, mor\u00e1lis \u00e9rtelemben vett hat\u00e1rs\u00e9rt\u0151nek nevezte &#8211; Gyurcs\u00e1ny Ferencre utalva &#8211; azokat, akik migr\u00e1nsokat fogadnak otthonukba, valamint &#8211; imm\u00e1ron a korm\u00e1nyoldalra c\u00e9lozva &#8211; azt is, aki a migr\u00e1nsv\u00e1ls\u00e1got kihaszn\u00e1lva &#8222;f\u00f6ldet, kaszin\u00f3t, t\u00e9v\u00e9t lop&#8221;.<br \/>\n    A Jobbik vezet\u0151j\u00e9t megel\u0151z\u0151en Mur\u00e1nyi Levente volt szabads\u00e1gharcos, a Jobbik kor\u00e1bbi orsz\u00e1ggy\u0171l\u00e9si k\u00e9pvisel\u0151je azt mondta, nem volt hi\u00e1ba al\u00f3 1956, hiszen b\u00e1r a forradalom elbukott, a kommunizmus k\u00e9s\u0151bbi sz\u00e9thull\u00e1s\u00e1hoz hozz\u00e1j\u00e1rultak.<br \/>\n    A Jobbik rendezv\u00e9ny\u00e9n t\u00f6bbek k\u00f6z\u00f6tt felsz\u00f3lalt Pongr\u00e1tz Gergely egyik testv\u00e9re \u00e9s fell\u00e9pett Gregor Bernadett sz\u00edn\u00e9szn\u0151 is.<br \/>\n    A Corvin k\u00f6zt teljesen megt\u00f6lt\u0151 hallgat\u00f3s\u00e1g nemzeti \u00e9s \u00e1rp\u00e1ds\u00e1vos lobog\u00f3kat, valamint jobbikos z\u00e1szl\u00f3kat lobogtatott.     A megeml\u00e9kez\u00e9s r\u00e9sztvev\u0151i a besz\u00e9dek ut\u00e1n f\u00e1kly\u00e1kat gy\u00fajtva a Magyar R\u00e1di\u00f3 kor\u00e1bbi, Br\u00f3dy S\u00e1ndor utcai sz\u00e9kh\u00e1za el\u00e9 vonultak, ahol a Jobbik rendezv\u00e9nye koncerttel \u00e9rt v\u00e9get.(MTI)<\/p>\n","protected":false},"excerpt":{"rendered":"<p>A Jobbik eln\u00f6ke szerint az 1956-os forradalom szabads\u00e1gharcosai a Horthy-rendszer hazaszeretet\u00e9b\u0151l vett\u00e9k az er\u0151t rem\u00e9nytelen harcv\u00e1llal\u00e1sukhoz.<\/p>\n","protected":false},"author":1,"featured_media":0,"comment_status":"open","ping_status":"closed","sticky":false,"template":"","format":"standard","meta":[],"categories":[4,18],"tags":[],"_links":{"self":[{"href":"https:\/\/gazdasagportal.hu\/index.php\/wp-json\/wp\/v2\/posts\/69414"}],"collection":[{"href":"https:\/\/gazdasagportal.hu\/index.php\/wp-json\/wp\/v2\/posts"}],"about":[{"href":"https:\/\/gazdasagportal.hu\/index.php\/wp-json\/wp\/v2\/types\/post"}],"author":[{"embeddable":true,"href":"https:\/\/gazdasagportal.hu\/index.php\/wp-json\/wp\/v2\/users\/1"}],"replies":[{"embeddable":true,"href":"https:\/\/gazdasagportal.hu\/index.php\/wp-json\/wp\/v2\/comments?post=69414"}],"version-history":[{"count":1,"href":"https:\/\/gazdasagportal.hu\/index.php\/wp-json\/wp\/v2\/posts\/69414\/revisions"}],"predecessor-version":[{"id":69415,"href":"https:\/\/gazdasagportal.hu\/index.php\/wp-json\/wp\/v2\/posts\/69414\/revisions\/69415"}],"wp:attachment":[{"href":"https:\/\/gazdasagportal.hu\/index.php\/wp-json\/wp\/v2\/media?parent=69414"}],"wp:term":[{"taxonomy":"category","embeddable":true,"href":"https:\/\/gazdasagportal.hu\/index.php\/wp-json\/wp\/v2\/categories?post=69414"},{"taxonomy":"post_tag","embeddable":true,"href":"https:\/\/gazdasagportal.hu\/index.php\/wp-json\/wp\/v2\/tags?post=69414"}],"curies":[{"name":"wp","href":"https:\/\/api.w.org\/{rel}","templated":true}]}}