{"id":69412,"date":"2015-10-24T04:00:49","date_gmt":"2015-10-24T02:00:49","guid":{"rendered":"http:\/\/gazdasagportal.hu\/?p=69412"},"modified":"2015-10-23T21:01:54","modified_gmt":"2015-10-23T19:01:54","slug":"tovabbra-is-kaotikus-a-helyzet-a-szloven-osztrak","status":"publish","type":"post","link":"https:\/\/gazdasagportal.hu\/index.php\/tovabbra-is-kaotikus-a-helyzet-a-szloven-osztrak\/","title":{"rendered":"Tov\u00e1bbra is kaotikus a helyzet a szlov\u00e9n-osztr\u00e1k"},"content":{"rendered":"<p><strong>Tov\u00e1bbra is kaotikus viszonyok voltak tapasztalhat\u00f3k a migr\u00e1ci\u00f3s kr\u00edzis miatt a Sentilj-Spielfeld szlov\u00e9n-osztr\u00e1k hat\u00e1r\u00e1tkel\u0151n\u00e9l p\u00e9ntek este.<\/strong><!--more--><\/p>\n<div class=\"ads-in-post1\"><div id=\"gazdasagportal.hu_fullbanner_wideboard\"><\/div>\r\n<\/div>\n    Az MTI helysz\u00ednen l\u00e9v\u0151 tud\u00f3s\u00edt\u00f3ja elmondta, sem a spielfeldi hat\u00e1r\u00e1tkel\u0151n\u00e9l, a senki f\u00f6ldj\u00e9n fel\u00e1ll\u00edtott tranzitt\u00e1bor, sem pedig az \u00e1llamhat\u00e1r nem t\u00f6lti be funkci\u00f3j\u00e1t, mindkett\u0151n kereszt\u00fcl ki-be j\u00e1rk\u00e1lnak a migr\u00e1nsok.<br \/>\n    Az MTI tud\u00f3s\u00edt\u00f3ja azt is l\u00e1tta, amint tov\u00e1bbra is ezrek gyalogolnak a 67-es f\u0151\u00faton Leibnitz ir\u00e1ny\u00e1ba, a menetet tov\u00e1bbra sem k\u00eds\u00e9rik az osztr\u00e1k hat\u00f3s\u00e1gok, csup\u00e1n a forgalom fenntart\u00e1s\u00e1ra \u00fcgyelnek.<br \/>\n    Ugyanakkor &#8211; annak ellen\u00e9re, hogy a hangosbesz\u00e9l\u0151k folyamatosan \u00edg\u00e9rik &#8211; nem l\u00e1tni olyan buszokat sem, amelyek a hat\u00e1r\u00e1tkel\u0151n v\u00e1rakoz\u00f3 migr\u00e1nsokat sz\u00e1ll\u00edtan\u00e1 Ausztria belseje fel\u00e9.<br \/>\n    Id\u0151k\u00f6zben a st\u00e1jer rend\u0151rs\u00e9g sz\u00f3viv\u0151je az MTI-t \u00fagy t\u00e1j\u00e9koztatta, hogy a leibnitzi p\u00e1lyaudavarra k\u00e9t k\u00fcl\u00f6nvonat \u00e9rkezik, amely elsz\u00e1ll\u00edtja a Spielfeldt\u0151l gyalogl\u00f3 menek\u00fclteket Grazba, majd onnan ausztriai befogad\u00f3\u00e1llom\u00e1sokra. Az MTI tud\u00f3s\u00edt\u00f3ja este f\u00e9l h\u00e9tkor a leibnitzi vas\u00fat\u00e1llom\u00e1son csup\u00e1n n\u00e9h\u00e1ny migr\u00e1nst l\u00e1tott.<br \/>\n(MTI)<\/p>\n","protected":false},"excerpt":{"rendered":"<p>Tov\u00e1bbra is kaotikus viszonyok voltak tapasztalhat\u00f3k a migr\u00e1ci\u00f3s kr\u00edzis miatt a Sentilj-Spielfeld szlov\u00e9n-osztr\u00e1k hat\u00e1r\u00e1tkel\u0151n\u00e9l p\u00e9ntek este.<\/p>\n","protected":false},"author":1,"featured_media":0,"comment_status":"open","ping_status":"closed","sticky":false,"template":"","format":"standard","meta":[],"categories":[12],"tags":[],"_links":{"self":[{"href":"https:\/\/gazdasagportal.hu\/index.php\/wp-json\/wp\/v2\/posts\/69412"}],"collection":[{"href":"https:\/\/gazdasagportal.hu\/index.php\/wp-json\/wp\/v2\/posts"}],"about":[{"href":"https:\/\/gazdasagportal.hu\/index.php\/wp-json\/wp\/v2\/types\/post"}],"author":[{"embeddable":true,"href":"https:\/\/gazdasagportal.hu\/index.php\/wp-json\/wp\/v2\/users\/1"}],"replies":[{"embeddable":true,"href":"https:\/\/gazdasagportal.hu\/index.php\/wp-json\/wp\/v2\/comments?post=69412"}],"version-history":[{"count":1,"href":"https:\/\/gazdasagportal.hu\/index.php\/wp-json\/wp\/v2\/posts\/69412\/revisions"}],"predecessor-version":[{"id":69413,"href":"https:\/\/gazdasagportal.hu\/index.php\/wp-json\/wp\/v2\/posts\/69412\/revisions\/69413"}],"wp:attachment":[{"href":"https:\/\/gazdasagportal.hu\/index.php\/wp-json\/wp\/v2\/media?parent=69412"}],"wp:term":[{"taxonomy":"category","embeddable":true,"href":"https:\/\/gazdasagportal.hu\/index.php\/wp-json\/wp\/v2\/categories?post=69412"},{"taxonomy":"post_tag","embeddable":true,"href":"https:\/\/gazdasagportal.hu\/index.php\/wp-json\/wp\/v2\/tags?post=69412"}],"curies":[{"name":"wp","href":"https:\/\/api.w.org\/{rel}","templated":true}]}}