{"id":69409,"date":"2015-10-23T19:45:20","date_gmt":"2015-10-23T17:45:20","guid":{"rendered":"http:\/\/gazdasagportal.hu\/?p=69409"},"modified":"2015-10-23T17:40:37","modified_gmt":"2015-10-23T15:40:37","slug":"ngm-allamtitkar-igazoljak-az-adatok-a-kormany-gazdasagpolitikajat","status":"publish","type":"post","link":"https:\/\/gazdasagportal.hu\/index.php\/ngm-allamtitkar-igazoljak-az-adatok-a-kormany-gazdasagpolitikajat\/","title":{"rendered":"NGM-\u00e1llamtitk\u00e1r: igazolj\u00e1k az adatok a korm\u00e1ny gazdas\u00e1gpolitik\u00e1j\u00e1t"},"content":{"rendered":"<p><strong>Igazolj\u00e1k a korm\u00e1ny gazdas\u00e1gpolitik\u00e1j\u00e1t az adatok, ezeket a nemzetk\u00f6zi szervezetek is elismerik &#8211; mondta Banai P\u00e9ter Ben\u0151, a Nemzetgazdas\u00e1gi Miniszt\u00e9rium (NGM) \u00e1llamh\u00e1ztart\u00e1s\u00e9rt felel\u0151s \u00e1llamtitk\u00e1ra cs\u00fct\u00f6rt\u00f6k\u00f6n az M1 aktu\u00e1lis csatorn\u00e1n, az Eurostat legfrissebb \u00f6sszes\u00edt\u00e9s\u00e9re reag\u00e1lva.<\/strong><!--more--><\/p>\n<div class=\"ads-in-post1\"><div id=\"gazdasagportal.hu_fullbanner_wideboard\"><\/div>\r\n<\/div>\n<p>    Az Eur\u00f3pai Uni\u00f3 statisztikai hivatal\u00e1nak szerd\u00e1n k\u00f6zz\u00e9tett \u00f6sszes\u00edt\u00e9se szerint a magyar \u00e1llamh\u00e1ztart\u00e1s GDP-ar\u00e1nyos deficitje, tavaly 2,5 sz\u00e1zal\u00e9k volt, csak\u00fagy, mint az el\u0151z\u0151 \u00e9vben. Az \u00e1llamad\u00f3ss\u00e1g ugyanakkor a GDP 76,8 sz\u00e1zal\u00e9k\u00e1r\u00f3l a brutt\u00f3 hazai \u00f6sszterm\u00e9k 76,2 sz\u00e1zal\u00e9k\u00e1ra cs\u00f6kkent.<br \/>\n    Az \u00e1llamtitk\u00e1r kiemelte: az el\u0151zetesen v\u00e1rt 2,6 sz\u00e1zal\u00e9kn\u00e1l is jobb lett a GDP-ar\u00e1nyos hi\u00e1ny.<br \/>\n    Az Eur\u00f3pai Uni\u00f3 28 tag\u00e1llam\u00e1b\u00f3l 14-n\u00e9l m\u00e9g mindig 3 sz\u00e1zal\u00e9k feletti a hi\u00e1ny, \u00e9s az \u00e1llamad\u00f3ss\u00e1g is 87 sz\u00e1zal\u00e9k k\u00f6r\u00fcl van uni\u00f3s \u00e1tlagban &#8211; h\u00edvta fel a figyelmet Banai P\u00e9ter Ben\u0151, hozz\u00e1t\u00e9ve, hogy ezekhez az adatokhoz k\u00e9pest is igen kedvez\u0151ek a magyar mutat\u00f3k.<br \/>\n    Az \u00e1llamtitk\u00e1r ugyanakkor hangs\u00falyozta, vannak m\u00e9g feladatok. Ezek k\u00f6z\u00f6tt eml\u00edtette p\u00e9ld\u00e1ul a k\u00e9pz\u00e9si rendszer jav\u00edt\u00e1s\u00e1t, a b\u00fcrokr\u00e1cia cs\u00f6kkent\u00e9s\u00e9t, az elj\u00e1r\u00e1sok egyszer\u0171s\u00edt\u00e9s\u00e9t \u00e9s a v\u00e1llakoz\u00f3i-\u00fczleti k\u00f6rnyezet seg\u00edt\u00e9s\u00e9t.(MTI)<\/p>\n","protected":false},"excerpt":{"rendered":"<p>Igazolj\u00e1k a korm\u00e1ny gazdas\u00e1gpolitik\u00e1j\u00e1t az adatok, ezeket a nemzetk\u00f6zi szervezetek is elismerik &#8211; mondta Banai P\u00e9ter Ben\u0151, a Nemzetgazdas\u00e1gi Miniszt\u00e9rium (NGM) \u00e1llamh\u00e1ztart\u00e1s\u00e9rt felel\u0151s \u00e1llamtitk\u00e1ra cs\u00fct\u00f6rt\u00f6k\u00f6n az M1 aktu\u00e1lis csatorn\u00e1n, az Eurostat legfrissebb \u00f6sszes\u00edt\u00e9s\u00e9re reag\u00e1lva.<\/p>\n","protected":false},"author":1,"featured_media":0,"comment_status":"open","ping_status":"closed","sticky":false,"template":"","format":"standard","meta":[],"categories":[19],"tags":[],"_links":{"self":[{"href":"https:\/\/gazdasagportal.hu\/index.php\/wp-json\/wp\/v2\/posts\/69409"}],"collection":[{"href":"https:\/\/gazdasagportal.hu\/index.php\/wp-json\/wp\/v2\/posts"}],"about":[{"href":"https:\/\/gazdasagportal.hu\/index.php\/wp-json\/wp\/v2\/types\/post"}],"author":[{"embeddable":true,"href":"https:\/\/gazdasagportal.hu\/index.php\/wp-json\/wp\/v2\/users\/1"}],"replies":[{"embeddable":true,"href":"https:\/\/gazdasagportal.hu\/index.php\/wp-json\/wp\/v2\/comments?post=69409"}],"version-history":[{"count":1,"href":"https:\/\/gazdasagportal.hu\/index.php\/wp-json\/wp\/v2\/posts\/69409\/revisions"}],"predecessor-version":[{"id":69410,"href":"https:\/\/gazdasagportal.hu\/index.php\/wp-json\/wp\/v2\/posts\/69409\/revisions\/69410"}],"wp:attachment":[{"href":"https:\/\/gazdasagportal.hu\/index.php\/wp-json\/wp\/v2\/media?parent=69409"}],"wp:term":[{"taxonomy":"category","embeddable":true,"href":"https:\/\/gazdasagportal.hu\/index.php\/wp-json\/wp\/v2\/categories?post=69409"},{"taxonomy":"post_tag","embeddable":true,"href":"https:\/\/gazdasagportal.hu\/index.php\/wp-json\/wp\/v2\/tags?post=69409"}],"curies":[{"name":"wp","href":"https:\/\/api.w.org\/{rel}","templated":true}]}}