{"id":69403,"date":"2015-10-23T14:09:34","date_gmt":"2015-10-23T12:09:34","guid":{"rendered":"http:\/\/gazdasagportal.hu\/?p=69403"},"modified":"2015-10-23T10:11:25","modified_gmt":"2015-10-23T08:11:25","slug":"magyar-szempontbol-nagy-a-tet-a-vasarnapi-ukrajnai-helyhatosagi-valasztasokon","status":"publish","type":"post","link":"https:\/\/gazdasagportal.hu\/index.php\/magyar-szempontbol-nagy-a-tet-a-vasarnapi-ukrajnai-helyhatosagi-valasztasokon\/","title":{"rendered":"Magyar szempontb\u00f3l nagy a t\u00e9t a vas\u00e1rnapi ukrajnai helyhat\u00f3s\u00e1gi v\u00e1laszt\u00e1sokon"},"content":{"rendered":"<p><strong>A k\u00e1rp\u00e1taljai magyars\u00e1g szempontj\u00e1b\u00f3l nagy a t\u00e9tje a vas\u00e1rnapi ukrajnai helyhat\u00f3s\u00e1gi v\u00e1laszt\u00e1soknak, ugyanis az eddigiekn\u00e9l sokkal rosszabb felt\u00e9telek mellett kell meg\u0151riznie poz\u00edci\u00f3it a helyi \u00f6nkorm\u00e1nyzatokban, j\u00f3llehet rem\u00e9nyre ad okot, hogy a voksol\u00e1s el\u0151tt \u00f6sszefogott a k\u00e9t meghat\u00e1roz\u00f3 ukrajnai magyar szervezet.<\/strong><!--more--><\/p>\n<div class=\"ads-in-post1\"><div id=\"gazdasagportal.hu_fullbanner_wideboard\"><\/div>\r\n<\/div>\n<p>    A f\u00fcggetlen Ukrajna t\u00f6rt\u00e9net\u00e9ben m\u00e9g nem fordult el\u0151, hogy k\u00e9t v\u00e1laszt\u00e1st azonos rendszer szerint tartottak volna. A jelenleg hat\u00e1lyos rendszer szerint a v\u00e1rosi, j\u00e1r\u00e1si \u00e9s megyei tan\u00e1csokba, azaz \u00f6nkorm\u00e1nyzatokba a k\u00e9pvisel\u0151k kiz\u00e1r\u00f3lag p\u00e1rtlist\u00e1kon juthatnak be. Egy\u00e9ni jel\u00f6ltek az eddigi gyakorlatnak megfelel\u0151en csak a k\u00f6zs\u00e9gek, nagyk\u00f6zs\u00e9gek \u00e9s j\u00e1r\u00e1si al\u00e1rendelts\u00e9g\u0171 v\u00e1rosok tan\u00e1csaiba \u00e9s a polg\u00e1rmesteri tiszts\u00e9gekbe v\u00e1laszthat\u00f3k.<br \/>\n    Jelent\u0151s m\u00e9rt\u00e9kben rontja a k\u00e1rp\u00e1taljai magyar v\u00e1laszt\u00f3k es\u00e9lyeit az \u00faj ukr\u00e1n v\u00e1laszt\u00f3jogi t\u00f6rv\u00e9ny bonyolults\u00e1ga \u00e9s az, hogy a megyei, j\u00e1r\u00e1si \u00e9s v\u00e1rosi tan\u00e1csokban a kor\u00e1bbi h\u00e1rom helyett \u00f6t sz\u00e1zal\u00e9kos bejut\u00e1si k\u00fcsz\u00f6b\u00f6t hat\u00e1roztak meg, ami sok helyen rendk\u00edv\u00fcl megnehez\u00edti, egyes esetekben lehetetlenn\u00e9 teszi magyar k\u00e9pvisel\u0151k megv\u00e1laszt\u00e1s\u00e1t. A legut\u00f3bbi ukrajnai \u00f6nkorm\u00e1nyzati v\u00e1laszt\u00e1sokon, amikor \u00f6sszesen 42 ezren szavaztak a k\u00fcl\u00f6n indul\u00f3 k\u00e9t magyar szervezet, a K\u00e1rp\u00e1taljai Magyar Kultur\u00e1lis Sz\u00f6vets\u00e9g \u00e9s az Ukrajnai Magyar Demokrata Sz\u00f6vets\u00e9g (UMDSZ) jel\u00f6ltjeire, azoknak alig siker\u00fclt \u00e1tl\u00e9pni\u00fck a h\u00e1rom sz\u00e1zal\u00e9kos bejut\u00e1si k\u00fcsz\u00f6b\u00f6t a K\u00e1rp\u00e1talja megyei tan\u00e1csban. Most m\u00e9g tov\u00e1bb cs\u00f6kkentheti a magyars\u00e1g v\u00e1laszt\u00e1si es\u00e9lyeit, hogy &#8211; a t\u00f6rt\u00e9nelmi egyh\u00e1zak becsl\u00e9se szerint &#8211; 20-30 ezer szavaz\u00e1sra jogosult k\u00e1rp\u00e1taljai magyar a katonai mozg\u00f3s\u00edt\u00e1s el\u0151l vagy munkav\u00e1llal\u00e1s c\u00e9lj\u00e1b\u00f3l k\u00fclf\u00f6ldre t\u00e1vozott. Magyar szempontb\u00f3l kedvez\u0151tlen helyzetet teremt, hogy a kor\u00e1bbi gyakorlatnak megfelel\u0151en az ukr\u00e1n p\u00e1rtok sok magyar jel\u00f6ltet ind\u00edtanak a list\u00e1ikon, ezzel szavazatokat vonva el a magyar p\u00e1rtokt\u00f3l.<br \/>\n    A vesz\u00e9lyeket felismerve szeptember elej\u00e9n &#8211; els\u0151 \u00edzben &#8211; v\u00e1laszt\u00e1si meg\u00e1llapod\u00e1st k\u00f6t\u00f6tt a KMKSZ \u00e9s az UMDSZ, aminek k\u00f6sz\u00f6nhet\u0151en azokon a helyeken, ahol egyik szervezetnek sincs es\u00e9lye arra, hogy k\u00fcl\u00f6n-k\u00fcl\u00f6n bejusson az \u00f6nkorm\u00e1nyzatokba, egy list\u00e1t ind\u00edtottak. A megyei list\u00e1t \u00edgy n\u00e9vleg a KMKSZ \u00e1ll\u00edtotta, de arra fele-fele ar\u00e1nyban mindk\u00e9t szervezet jel\u00f6ltjei felker\u00fcltek, m\u00edg Beregsz\u00e1sz v\u00e1rosban az UMDSZ \u00e1ll\u00edtotta a list\u00e1t, \u00e9s arra mindk\u00e9t szervezet parit\u00e1sos alapon adott jel\u00f6lteket. A k\u00e9t szervezet list\u00e1in a helyhat\u00f3s\u00e1gi v\u00e1laszt\u00e1sok minden szintj\u00e9n \u00f6sszesen 452 jel\u00f6lt szerepel, \u00e9s jel\u00f6lteket \u00e1ll\u00edtottak a megyei tan\u00e1cs k\u00e9pvisel\u0151inek megv\u00e1laszt\u00e1s\u00e1ra kijel\u00f6lt 64 k\u00f6rzetb\u0151l 53-ban, tov\u00e1bb\u00e1 az ungv\u00e1ri, munk\u00e1csi, beregsz\u00e1szi, nagysz\u0151l\u0151si, huszti, t\u00e9cs\u0151i \u00e9s rah\u00f3i j\u00e1r\u00e1si \u00e9s v\u00e1rosi tan\u00e1csok megv\u00e1laszt\u00e1s\u00e1ra kiszabott k\u00f6rzetek jelent\u0151s r\u00e9sz\u00e9ben.         A k\u00e9t magyar szervezet vezet\u0151i a v\u00e1laszt\u00e1si \u00f6sszefog\u00e1ssal kapcsolatban t\u00f6bbsz\u00f6r eml\u00e9keztettek arra, hogy a magyars\u00e1got \u00e9rint\u0151 k\u00e9rd\u00e9sekben nincs nagy v\u00e9lem\u00e9nyk\u00fcl\u00f6nbs\u00e9g k\u00f6z\u00f6tt\u00fck, ez\u00e9rt a j\u00f6v\u0151ben biztos\u00edtani tudj\u00e1k majd a hat\u00e9kony magyar \u00e9rdekk\u00e9pviseletet. A helyhat\u00f3s\u00e1gi v\u00e1laszt\u00e1sokon val\u00f3 j\u00f3 magyar szerepl\u00e9s rendk\u00edv\u00fcli fontoss\u00e1g\u00e1t hangs\u00falyozva r\u00e1mutattak: ha Ukrajn\u00e1ban v\u00e9grehajtj\u00e1k a hatalom tervezett decentraliz\u00e1ci\u00f3j\u00e1t, az \u00f6nkorm\u00e1nyzatok szerepe fel\u00e9rt\u00e9kel\u0151dik, hat\u00e1sk\u00f6r\u00fck jelent\u0151sen kib\u0151v\u00fcl \u00e9s fontos d\u00f6nt\u00e9sek helysz\u00edn\u00e9v\u00e9 v\u00e1lnak. Egyet\u00e9rt\u00e9s van k\u00f6z\u00f6tt\u00fck azt illet\u0151en is, hogy a magyar szervezetek k\u00e9pvisel\u0151inek ott kell lenni\u00fck a d\u00f6nt\u00e9shoz\u00f3 szervekben, hogy lehet\u0151s\u00e9g\u00fck legyen a k\u00e1rp\u00e1taljai magyar k\u00f6z\u00f6ss\u00e9g jogainak, \u00e9rdekeinek megv\u00e9d\u00e9s\u00e9re, c\u00e9ljainak megval\u00f3s\u00edt\u00e1s\u00e1ra.         A helyhat\u00f3s\u00e1gi v\u00e1laszt\u00e1s fontoss\u00e1g\u00e1ra val\u00f3 tekintettel a k\u00e1rp\u00e1taljai magyar vezet\u0151k arra buzd\u00edtj\u00e1k a v\u00e1laszt\u00e1sra jogosult k\u00e1rp\u00e1taljai magyarokat, hogy min\u00e9l t\u00f6bben menjenek el vas\u00e1rnap szavazni, s a voksaikat adj\u00e1k magyar p\u00e1rtokra \u00e9s azok jel\u00f6ltjeire. K\u00e9rik a k\u00fclf\u00f6ld\u00f6n tart\u00f3zkod\u00f3 k\u00e1rp\u00e1taljai magyar szavaz\u00f3kat, hogy ha tehetik, a v\u00e1laszt\u00e1s idej\u00e9re t\u00e9rjenek haza \u00e9s voksoljanak. Egy\u00fattal &#8211; Petro Porosenko eln\u00f6k napokban tett sajt\u00f3nyilatkozat\u00e1val \u00f6sszhangban &#8211; hat\u00e1rozottan c\u00e1folj\u00e1k azokat a r\u00e9mh\u00edreket, amelyek szerint vas\u00e1rnap katonai beh\u00edv\u00f3kat k\u00e9zbes\u00edten\u00e9nek a szavaz\u00f3k\u00f6r\u00f6kben az urn\u00e1khoz j\u00e1rul\u00f3 hadk\u00f6teles f\u00e9rfiaknak. Ezzel kapcsolatban eml\u00e9keztetnek arra, hogy jelenleg Ukrajn\u00e1ban nincs sem mozg\u00f3s\u00edt\u00e1s, sem pedig soroz\u00e1s.(MTI) <\/p>\n","protected":false},"excerpt":{"rendered":"<p>A k\u00e1rp\u00e1taljai magyars\u00e1g szempontj\u00e1b\u00f3l nagy a t\u00e9tje a vas\u00e1rnapi ukrajnai helyhat\u00f3s\u00e1gi v\u00e1laszt\u00e1soknak, ugyanis az eddigiekn\u00e9l sokkal rosszabb felt\u00e9telek mellett kell meg\u0151riznie poz\u00edci\u00f3it a helyi \u00f6nkorm\u00e1nyzatokban, j\u00f3llehet rem\u00e9nyre ad okot, hogy a voksol\u00e1s el\u0151tt \u00f6sszefogott a k\u00e9t meghat\u00e1roz\u00f3 ukrajnai magyar szervezet.<\/p>\n","protected":false},"author":1,"featured_media":0,"comment_status":"open","ping_status":"closed","sticky":false,"template":"","format":"standard","meta":[],"categories":[12],"tags":[],"_links":{"self":[{"href":"https:\/\/gazdasagportal.hu\/index.php\/wp-json\/wp\/v2\/posts\/69403"}],"collection":[{"href":"https:\/\/gazdasagportal.hu\/index.php\/wp-json\/wp\/v2\/posts"}],"about":[{"href":"https:\/\/gazdasagportal.hu\/index.php\/wp-json\/wp\/v2\/types\/post"}],"author":[{"embeddable":true,"href":"https:\/\/gazdasagportal.hu\/index.php\/wp-json\/wp\/v2\/users\/1"}],"replies":[{"embeddable":true,"href":"https:\/\/gazdasagportal.hu\/index.php\/wp-json\/wp\/v2\/comments?post=69403"}],"version-history":[{"count":1,"href":"https:\/\/gazdasagportal.hu\/index.php\/wp-json\/wp\/v2\/posts\/69403\/revisions"}],"predecessor-version":[{"id":69404,"href":"https:\/\/gazdasagportal.hu\/index.php\/wp-json\/wp\/v2\/posts\/69403\/revisions\/69404"}],"wp:attachment":[{"href":"https:\/\/gazdasagportal.hu\/index.php\/wp-json\/wp\/v2\/media?parent=69403"}],"wp:term":[{"taxonomy":"category","embeddable":true,"href":"https:\/\/gazdasagportal.hu\/index.php\/wp-json\/wp\/v2\/categories?post=69403"},{"taxonomy":"post_tag","embeddable":true,"href":"https:\/\/gazdasagportal.hu\/index.php\/wp-json\/wp\/v2\/tags?post=69403"}],"curies":[{"name":"wp","href":"https:\/\/api.w.org\/{rel}","templated":true}]}}