{"id":69399,"date":"2015-10-23T10:06:02","date_gmt":"2015-10-23T08:06:02","guid":{"rendered":"http:\/\/gazdasagportal.hu\/?p=69399"},"modified":"2015-10-23T10:06:02","modified_gmt":"2015-10-23T08:06:02","slug":"oktober-23-orszagszerte-tartanak-megemlekezeseket-a-nemzeti-unnepen","status":"publish","type":"post","link":"https:\/\/gazdasagportal.hu\/index.php\/oktober-23-orszagszerte-tartanak-megemlekezeseket-a-nemzeti-unnepen\/","title":{"rendered":"Okt\u00f3ber 23. &#8211; Orsz\u00e1gszerte tartanak megeml\u00e9kez\u00e9seket a nemzeti \u00fcnnepen"},"content":{"rendered":"<p><strong>Az 1956-os forradalom \u00e9s szabads\u00e1gharc 59. \u00e9vfordul\u00f3j\u00e1n sz\u00e1mos megeml\u00e9kez\u00e9st tartanak orsz\u00e1gszerte \u00e9s a f\u0151v\u00e1rosban; a nemzeti \u00fcnnepen d\u00e9lel\u0151tt 10 \u00f3rakor katonai tiszteletad\u00e1s mellett vonj\u00e1k fel Magyarorsz\u00e1g lobog\u00f3j\u00e1t.<\/strong><!--more--><\/p>\n<div class=\"ads-in-post1\"><div id=\"gazdasagportal.hu_fullbanner_wideboard\"><\/div>\r\n<\/div>\n<p>    A z\u00e1szl\u00f3felvon\u00e1son jelen lesz K\u00f6v\u00e9r L\u00e1szl\u00f3, az Orsz\u00e1ggy\u0171l\u00e9s eln\u00f6ke \u00e9s Benk\u0151 Tibor vez\u00e9rezredes, a Honv\u00e9d Vez\u00e9rkar f\u0151n\u00f6ke. Ezt k\u00f6vet\u0151en a Nemzeti T\u00e1ncegy\u00fcttes ad eml\u00e9km\u0171sort a Kossuth t\u00e9ren, ahol t\u00e1nch\u00e1zzal v\u00e1rj\u00e1k az \u00e9rdekl\u0151d\u0151ket, ingyenesen megtekinthet\u0151 a Parlamentben a Szent Korona; a Terror H\u00e1za M\u00fazeumban ingyenes l\u00e1togat\u00e1s, a Hadt\u00f6rt\u00e9neti Int\u00e9zet \u00e9s M\u00fazeumban csal\u00e1di nap lesz.<br \/>\n    A budapesti Fidesz a Magyar R\u00e1di\u00f3 Br\u00f3dy S\u00e1ndor utcai \u00e9p\u00fclet\u00e9hez szervez megeml\u00e9kez\u00e9st. A rendezv\u00e9ny sz\u00f3noka Varga Mih\u00e1ly nemzetgazdas\u00e1gi miniszter lesz.<br \/>\n    Harrach P\u00e9ter, a KDNP frakci\u00f3vezet\u0151je Szobon mond \u00fcnnepi besz\u00e9det.<br \/>\n    Az ellenz\u00e9ki p\u00e1rtok is sorra megeml\u00e9keznek a forradalom \u00e9vfordul\u00f3j\u00e1r\u00f3l.<br \/>\n    A Jobbik a Corvin k\u00f6zben \u00fcnnepel, a rendezv\u00e9ny keret\u00e9ben felsz\u00f3lal Vona G\u00e1bor p\u00e1rteln\u00f6k, valamint Mur\u00e1nyi Levente \u00e9s Pongr\u00e1tz Andr\u00e1s &#8217;56-os szabads\u00e1gharcosok. A megeml\u00e9kez\u00e9s ut\u00e1n f\u00e1kly\u00e1s felvonul\u00e1s indul a Magyar R\u00e1di\u00f3 kor\u00e1bbi, Br\u00f3dy S\u00e1ndor utcai sz\u00e9kh\u00e1z\u00e1hoz.<br \/>\n    Az LMP megeml\u00e9kez\u00e9s\u00e9n Sz\u00e9l Bernadett t\u00e1rseln\u00f6k \u00e9s Hajdu M\u00e1ria eml\u00e9kezetpolitikai szaksz\u00f3viv\u0151 mond \u00fcnnepi besz\u00e9det a II. ker\u00fcleti Mansfeld P\u00e9ter parkban.<br \/>\n    A Demokratikus Koal\u00edci\u00f3 eln\u00f6ks\u00e9ge koszor\u00fat helyez el a v\u00e1rosligeti 1956-os eml\u00e9km\u0171n\u00e9l.<br \/>\n    Szigetv\u00e1ri Viktor, az Egy\u00fctt eln\u00f6ke vir\u00e1got helyez el \u00e9s besz\u00e9det mond 1956 h\u0151seinek eml\u00e9k\u00e9re Nagy Imre minisztereln\u00f6k szobr\u00e1n\u00e1l a V\u00e9rtan\u00fak ter\u00e9n.<br \/>\n    A PM t\u00e1rseln\u00f6ke, Kar\u00e1csony Gergely okt\u00f3ber 23-a alkalm\u00e1b\u00f3l besz\u00e9det mond \u00e9s koszor\u00fat helyez el a Bib\u00f3 Istv\u00e1n-szoborn\u00e1l.<br \/>\n    A Magyar Liber\u00e1lis P\u00e1rt az \u00daj k\u00f6ztemet\u0151 301-es parcell\u00e1j\u00e1n\u00e1l eml\u00e9kezik a forradalom \u00e9vfordul\u00f3j\u00e1r\u00f3l.<br \/>\n    Vid\u00e9ken is sz\u00e1mos helyen tartanak megeml\u00e9kez\u00e9st, Kaposv\u00e1ron a forradalom \u00e9s szabads\u00e1gharc \u00e9vfordul\u00f3ja alkalm\u00e1b\u00f3l koszor\u00faz\u00e1s lesz Nagy Imre m\u00e1rt\u00edr minisztereln\u00f6k szobr\u00e1n\u00e1l, ahol besz\u00e9det mond M. Kiss S\u00e1ndor t\u00f6rt\u00e9n\u00e9sz.<br \/>\n    Debrecenben m\u00e1r reggel kezdet\u00e9t veszi az \u00fcnnepi m\u0171sor a v\u00e1ros szervez\u00e9s\u00e9ben az egyetemi templom el\u0151tti 56-os eml\u00e9km\u0171n\u00e9l. Besz\u00e9det mond K\u00f3sa Lajos Fidesz-frakci\u00f3vezet\u0151.<br \/>\n    Veszpr\u00e9mben, a Brusznyai-eml\u00e9km\u0171n\u00e9l Schmidt M\u00e1ria, a Terror H\u00e1za M\u00fazeum f\u0151igazgat\u00f3ja mond \u00fcnnepi besz\u00e9det.<br \/>\n    Kiskunmajs\u00e1n Lezs\u00e1k S\u00e1ndor, az Orsz\u00e1ggy\u0171l\u00e9s aleln\u00f6ke sz\u00f3lal fel, k\u00f6sz\u00f6nt\u0151t mond \u00c1brah\u00e1m-F\u00far\u00fas Andr\u00e1s polg\u00e1rmester.<br \/>\n    Az \u00fcnnep alkalm\u00e1b\u00f3l Giuseppe Verdi gy\u00e1szmis\u00e9je, a Requiem hangzik el p\u00e9nteken a budapesti Szent Istv\u00e1n-bazilik\u00e1ban. A hangverseny sz\u00f3list\u00e1i Szak\u00e1cs Ildik\u00f3 (szopr\u00e1n), Gion Zsuzsanna (mezzoszopr\u00e1n), Moln\u00e1r Andr\u00e1s (tenor) \u00e9s Kov\u00e1ts Kolos (basszus). Az esten k\u00f6zrem\u0171k\u00f6dik a Budapesti Ifj\u00fas\u00e1gi K\u00f3rus, a k\u00f6zelm\u00faltban alakult Etunam Kamarak\u00f3rus \u00e9s a Monarchia Szimfonikus Zenekar, vez\u00e9nyel Vir\u00e1gh Andr\u00e1s.<br \/>\n    Tov\u00e1bbra is megtekinthet\u0151 az 1956-os esem\u00e9nyeket bemutat\u00f3 villamoski\u00e1ll\u00edt\u00e1s \u00e9s install\u00e1ci\u00f3 a villamosmeg\u00e1ll\u00f3kban \u00e9s k\u00e9t nosztalgiaj\u00e1raton, a 2-es \u00e9s a 6-os villamos vonal\u00e1n. Meg\u00e1ll\u00f3k: M\u00f3ricz Zsigmond k\u00f6rt\u00e9r, Sz\u00e9na t\u00e9r, J\u00e1szai Mari t\u00e9r, Nyugati P\u00e1lyaudvar, Blaha Lujza t\u00e9r, 32-esek tere, Corvin negyed, Bor\u00e1ros t\u00e9r, Kossuth t\u00e9r, M\u00e1rcius 15. t\u00e9r.(MTI)<\/p>\n","protected":false},"excerpt":{"rendered":"<p>Az 1956-os forradalom \u00e9s szabads\u00e1gharc 59. \u00e9vfordul\u00f3j\u00e1n sz\u00e1mos megeml\u00e9kez\u00e9st tartanak orsz\u00e1gszerte \u00e9s a f\u0151v\u00e1rosban; a nemzeti \u00fcnnepen d\u00e9lel\u0151tt 10 \u00f3rakor katonai tiszteletad\u00e1s mellett vonj\u00e1k fel Magyarorsz\u00e1g lobog\u00f3j\u00e1t.<\/p>\n","protected":false},"author":1,"featured_media":0,"comment_status":"open","ping_status":"closed","sticky":false,"template":"","format":"standard","meta":[],"categories":[4,136],"tags":[],"_links":{"self":[{"href":"https:\/\/gazdasagportal.hu\/index.php\/wp-json\/wp\/v2\/posts\/69399"}],"collection":[{"href":"https:\/\/gazdasagportal.hu\/index.php\/wp-json\/wp\/v2\/posts"}],"about":[{"href":"https:\/\/gazdasagportal.hu\/index.php\/wp-json\/wp\/v2\/types\/post"}],"author":[{"embeddable":true,"href":"https:\/\/gazdasagportal.hu\/index.php\/wp-json\/wp\/v2\/users\/1"}],"replies":[{"embeddable":true,"href":"https:\/\/gazdasagportal.hu\/index.php\/wp-json\/wp\/v2\/comments?post=69399"}],"version-history":[{"count":1,"href":"https:\/\/gazdasagportal.hu\/index.php\/wp-json\/wp\/v2\/posts\/69399\/revisions"}],"predecessor-version":[{"id":69400,"href":"https:\/\/gazdasagportal.hu\/index.php\/wp-json\/wp\/v2\/posts\/69399\/revisions\/69400"}],"wp:attachment":[{"href":"https:\/\/gazdasagportal.hu\/index.php\/wp-json\/wp\/v2\/media?parent=69399"}],"wp:term":[{"taxonomy":"category","embeddable":true,"href":"https:\/\/gazdasagportal.hu\/index.php\/wp-json\/wp\/v2\/categories?post=69399"},{"taxonomy":"post_tag","embeddable":true,"href":"https:\/\/gazdasagportal.hu\/index.php\/wp-json\/wp\/v2\/tags?post=69399"}],"curies":[{"name":"wp","href":"https:\/\/api.w.org\/{rel}","templated":true}]}}