{"id":69396,"date":"2015-10-23T09:45:07","date_gmt":"2015-10-23T07:45:07","guid":{"rendered":"http:\/\/gazdasagportal.hu\/?p=69396"},"modified":"2015-10-23T10:04:05","modified_gmt":"2015-10-23T08:04:05","slug":"legalabb-negyven-halott-egy-buszbalesetben","status":"publish","type":"post","link":"https:\/\/gazdasagportal.hu\/index.php\/legalabb-negyven-halott-egy-buszbalesetben\/","title":{"rendered":"Legal\u00e1bb negyven halott egy buszbalesetben"},"content":{"rendered":"<p><strong>Legal\u00e1bb negyven halottja van egy aut\u00f3busz-balesetnek Franciaorsz\u00e1gban. A busz teheraut\u00f3val \u00fctk\u00f6z\u00f6tt Bordeaux k\u00f6zel\u00e9ben, Puisseguin v\u00e1rosa mellett p\u00e9nteken &#8211; k\u00f6z\u00f6lte a francia rend\u0151rs\u00e9g.<\/strong><!--more--><\/p>\n<div class=\"ads-in-post1\"><div id=\"gazdasagportal.hu_fullbanner_wideboard\"><\/div>\r\n<\/div>\n<p>    A buszon f\u0151k\u00e9nt id\u0151s emberek utaztak.<br \/>\n    A k\u00e9t j\u00e1rm\u0171 egy k\u00e9tszer egys\u00e1vos mell\u00e9k\u00faton rohant egym\u00e1sba. A rend\u0151rs\u00e9g k\u00f6zl\u00e9se szerint a j\u00e1rm\u0171 kigyulladt, ez\u00e9rt rendk\u00edv\u00fcl sok az \u00e1ldozat.<br \/>\n    Az aut\u00f3buszban 49-en utaztak, k\u00f6z\u00fcl\u00fck 41-en vesztett\u00e9k \u00e9let\u00fcket, s a kamion sof\u0151rje is meghalt a balesetben.<br \/>\n    N\u00e9h\u00e1ny embernek siker\u00fclt kimenek\u00fclnie az \u00e9g\u0151 buszb\u00f3l, de az nem ismeretes, mennyire s\u00e9r\u00fcltek meg. A francia h\u00edrtelev\u00edzi\u00f3k szerint csak h\u00e1rom ember \u00e9lte t\u00fal s\u00e9rtetlen\u00fcl a balesetet.<br \/>\n    A busz nem sokkal a baleset el\u0151tt, p\u00e9ntek kora reggel indult egy k\u00f6zeli telep\u00fcl\u00e9sr\u0151l, \u00e9s a d\u00e9l-franciaorsz\u00e1gi Landes megy\u00e9be vitte kir\u00e1ndulni a helyi id\u0151sek klubj\u00e1nak a tagjait.<br \/>\n    Szemtan\u00fak az I-t\u00e9l\u00e9 francia h\u00edrtelev\u00edzi\u00f3nak elmondt\u00e1k, hogy a baleset egy nagyon vesz\u00e9lyes kanyarban t\u00f6rt\u00e9nt.<br \/>\n    A helysz\u00ednre nagy er\u0151kkel vonultak ki a ment\u0151k \u00e9s a t\u0171zolt\u00f3k.<br \/>\n    Franciaorsz\u00e1gban 1982-ben nem volt ilyen s\u00falyos baleset.<br \/>\n    A g\u00f6r\u00f6gorsz\u00e1gi tart\u00f3zkod\u00e1son tart\u00f3zkod\u00f3 Francois Hollande \u00e1llamf\u0151 \u00e9s vezet\u0151 politikusok is kifejezt\u00e9k egy\u00fctt\u00e9rz\u00e9s\u00fcket.<br \/>\n    Bernard Cazeneuve bel\u00fcgyminiszter \u00e9s Alain Jupp\u00e9 volt k\u00fcl\u00fcgyminiszter, Bordeaux polg\u00e1rmestere jelezte, hogy elindult a helysz\u00ednre.(MTI)<\/p>\n","protected":false},"excerpt":{"rendered":"<p>Legal\u00e1bb negyven halottja van egy aut\u00f3busz-balesetnek Franciaorsz\u00e1gban. A busz teheraut\u00f3val \u00fctk\u00f6z\u00f6tt Bordeaux k\u00f6zel\u00e9ben, Puisseguin v\u00e1rosa mellett p\u00e9nteken &#8211; k\u00f6z\u00f6lte a francia rend\u0151rs\u00e9g.<\/p>\n","protected":false},"author":1,"featured_media":0,"comment_status":"open","ping_status":"closed","sticky":false,"template":"","format":"standard","meta":[],"categories":[12],"tags":[],"_links":{"self":[{"href":"https:\/\/gazdasagportal.hu\/index.php\/wp-json\/wp\/v2\/posts\/69396"}],"collection":[{"href":"https:\/\/gazdasagportal.hu\/index.php\/wp-json\/wp\/v2\/posts"}],"about":[{"href":"https:\/\/gazdasagportal.hu\/index.php\/wp-json\/wp\/v2\/types\/post"}],"author":[{"embeddable":true,"href":"https:\/\/gazdasagportal.hu\/index.php\/wp-json\/wp\/v2\/users\/1"}],"replies":[{"embeddable":true,"href":"https:\/\/gazdasagportal.hu\/index.php\/wp-json\/wp\/v2\/comments?post=69396"}],"version-history":[{"count":2,"href":"https:\/\/gazdasagportal.hu\/index.php\/wp-json\/wp\/v2\/posts\/69396\/revisions"}],"predecessor-version":[{"id":69398,"href":"https:\/\/gazdasagportal.hu\/index.php\/wp-json\/wp\/v2\/posts\/69396\/revisions\/69398"}],"wp:attachment":[{"href":"https:\/\/gazdasagportal.hu\/index.php\/wp-json\/wp\/v2\/media?parent=69396"}],"wp:term":[{"taxonomy":"category","embeddable":true,"href":"https:\/\/gazdasagportal.hu\/index.php\/wp-json\/wp\/v2\/categories?post=69396"},{"taxonomy":"post_tag","embeddable":true,"href":"https:\/\/gazdasagportal.hu\/index.php\/wp-json\/wp\/v2\/tags?post=69396"}],"curies":[{"name":"wp","href":"https:\/\/api.w.org\/{rel}","templated":true}]}}