{"id":69392,"date":"2015-10-23T04:24:47","date_gmt":"2015-10-23T02:24:47","guid":{"rendered":"http:\/\/gazdasagportal.hu\/?p=69392"},"modified":"2015-10-22T21:56:08","modified_gmt":"2015-10-22T19:56:08","slug":"osztrak-belugyminiszter-orarol-orara-valtozik-ausztria-befogadokepessege","status":"publish","type":"post","link":"https:\/\/gazdasagportal.hu\/index.php\/osztrak-belugyminiszter-orarol-orara-valtozik-ausztria-befogadokepessege\/","title":{"rendered":"Osztr\u00e1k bel\u00fcgyminiszter: \u00f3r\u00e1r\u00f3l \u00f3r\u00e1ra v\u00e1ltozik Ausztria befogad\u00f3k\u00e9pess\u00e9ge"},"content":{"rendered":"<p><strong>\u00d3r\u00e1r\u00f3l \u00f3r\u00e1ra v\u00e1ltozik Ausztria befogad\u00f3k\u00e9pess\u00e9ge &#8211; mondta cs\u00fct\u00f6rt\u00f6k d\u00e9lut\u00e1n Johanna Mikl-Leitner osztr\u00e1k bel\u00fcgyminiszter, aki arr\u00f3l is besz\u00e9lt, hogy a hat\u00f3s\u00e1gok els\u0151dleges c\u00e9lja a k\u00f6zbiztons\u00e1g \u00e9s a rend fenntart\u00e1sa Ausztri\u00e1ban.<\/strong><!--more--><\/p>\n<div class=\"ads-in-post1\"><div id=\"gazdasagportal.hu_fullbanner_wideboard\"><\/div>\r\n<\/div>\n<p>    A t\u00e1rcavezet\u0151 minderr\u0151l cs\u00fct\u00f6rt\u00f6k\u00f6n besz\u00e9lt a st\u00e1jerorsz\u00e1gi Spielfeld telep\u00fcl\u00e9s hat\u00e1r\u00e1tkel\u0151hely\u00e9n\u00e9l, ahol d\u00e9lut\u00e1n l\u00e1togat\u00e1st tett Gerald Klug v\u00e9delmi miniszterrel egy\u00fctt.<br \/>\n    Mikl-Leitner szerint a Spielfeldn\u00e9l kialakult helyzet j\u00f3l mutatja, hogy ha emberek ezrei N\u00e9metorsz\u00e1gba akarnak menni, akkor m\u00e9g rend\u0151ri int\u00e9zked\u00e9ssel sem tart\u00f3ztathat\u00f3k fel.<br \/>\n    A miniszter ugyanakkor nem utalt arra, hogy Spielfeld \u00e9s a szlov\u00e9niai Sentilj k\u00f6z\u00f6tt lez\u00e1rt\u00e1k volna a hat\u00e1r\u00e1tkel\u0151t.<br \/>\n    Johanna Mikl-Leitner hangs\u00falyozta: Ausztria befogad\u00f3k\u00e9pess\u00e9ge a n\u00e9metorsz\u00e1gi l\u00e9p\u00e9sekt\u0151l \u00e9s az osztr\u00e1k sz\u00e1ll\u00e1shelyek sz\u00e1m\u00e1t\u00f3l f\u00fcgg.<br \/>\n    A miniszter kiemelte: Eur\u00f3p\u00e1nak er\u0151dk\u00e9nt kell m\u0171k\u00f6dnie, hiszen most a k\u00fcls\u0151 uni\u00f3s hat\u00e1rok v\u00e9delme a legfontosabb, valamint az, hogy a regisztr\u00e1lt mened\u00e9kk\u00e9r\u0151ket sz\u00e9tossz\u00e1k Eur\u00f3p\u00e1ban, m\u00e9g azon orsz\u00e1gok k\u00f6z\u00f6tt is, amelyek kev\u00e9sb\u00e9 vonz\u00f3k a migr\u00e1nsoknak. En\u00e9lk\u00fcl nem lehet k\u00f6z\u00e9p t\u00e1von megoldani a helyzetet &#8211; hangs\u00falyozta a miniszter, akinek becsl\u00e9se szerint cs\u00fct\u00f6rt\u00f6k k\u00e9s\u0151 d\u00e9lut\u00e1nt\u00f3l tov\u00e1bbi 6-7 ezer menek\u00fclt \u00e9rkez\u00e9se v\u00e1rhat\u00f3 Ausztri\u00e1ba.<br \/>\n    Mikl-Leitner szerint a szlov\u00e9n \u00e9s az osztr\u00e1k hat\u00f3s\u00e1gok k\u00f6z\u00f6tti p\u00e1rbesz\u00e9d &#8222;nagyon j\u00f3l&#8221; m\u0171k\u00f6dik.<br \/>\n    Gerald Klug v\u00e9delmi miniszter cs\u00fct\u00f6rt\u00f6k\u00f6n elmondta: a katon\u00e1k addig seg\u00edtenek szolg\u00e1latukkal a migr\u00e1nsv\u00e1ls\u00e1g kezel\u00e9s\u00e9ben, ameddig sz\u00fcks\u00e9ges, azonban sz\u00e1m\u00edt\u00e1sai szerint ez egy hosszan elh\u00faz\u00f3d\u00f3 folyamat lesz. A t\u00e1rcavezet\u0151 t\u00e1j\u00e9koztat\u00e1sa szerint \u00f6tsz\u00e1zan teljes\u00edtenek szolg\u00e1latot a tartom\u00e1nyban, p\u00e9nteken pedig Burgenlandb\u00f3l vez\u00e9nyelnek m\u00e9g \u00e1t tov\u00e1bbi sz\u00e1z embert.<br \/>\n    Ausztri\u00e1ban jelenleg 1450 katona teljes\u00edt szolg\u00e1latot \u00e9s t\u00e1mogatja a rend\u0151rs\u00e9g munk\u00e1j\u00e1t. A korm\u00e1ny szeptemberi d\u00f6nt\u00e9s\u00e9nek \u00e9rtelm\u00e9ben \u00f6sszesen 2200 katona vethet\u0151 be erre a c\u00e9lra.<br \/>\n    A spielfeldi gy\u0171jt\u0151helyen k\u00e9s\u0151 d\u00e9lut\u00e1n csaknem k\u00e9tezer migr\u00e1ns v\u00e1rakozott, hogy elsz\u00e1ll\u00edts\u00e1k \u0151ket. A buszokra \u00f6tvenf\u0151s csoportokban engedik fel \u0151ket.(MTI)<\/p>\n","protected":false},"excerpt":{"rendered":"<p>\u00d3r\u00e1r\u00f3l \u00f3r\u00e1ra v\u00e1ltozik Ausztria befogad\u00f3k\u00e9pess\u00e9ge &#8211; mondta cs\u00fct\u00f6rt\u00f6k d\u00e9lut\u00e1n Johanna Mikl-Leitner osztr\u00e1k bel\u00fcgyminiszter, aki arr\u00f3l is besz\u00e9lt, hogy a hat\u00f3s\u00e1gok els\u0151dleges c\u00e9lja a k\u00f6zbiztons\u00e1g \u00e9s a rend fenntart\u00e1sa Ausztri\u00e1ban.<\/p>\n","protected":false},"author":1,"featured_media":0,"comment_status":"open","ping_status":"closed","sticky":false,"template":"","format":"standard","meta":[],"categories":[12],"tags":[],"_links":{"self":[{"href":"https:\/\/gazdasagportal.hu\/index.php\/wp-json\/wp\/v2\/posts\/69392"}],"collection":[{"href":"https:\/\/gazdasagportal.hu\/index.php\/wp-json\/wp\/v2\/posts"}],"about":[{"href":"https:\/\/gazdasagportal.hu\/index.php\/wp-json\/wp\/v2\/types\/post"}],"author":[{"embeddable":true,"href":"https:\/\/gazdasagportal.hu\/index.php\/wp-json\/wp\/v2\/users\/1"}],"replies":[{"embeddable":true,"href":"https:\/\/gazdasagportal.hu\/index.php\/wp-json\/wp\/v2\/comments?post=69392"}],"version-history":[{"count":1,"href":"https:\/\/gazdasagportal.hu\/index.php\/wp-json\/wp\/v2\/posts\/69392\/revisions"}],"predecessor-version":[{"id":69393,"href":"https:\/\/gazdasagportal.hu\/index.php\/wp-json\/wp\/v2\/posts\/69392\/revisions\/69393"}],"wp:attachment":[{"href":"https:\/\/gazdasagportal.hu\/index.php\/wp-json\/wp\/v2\/media?parent=69392"}],"wp:term":[{"taxonomy":"category","embeddable":true,"href":"https:\/\/gazdasagportal.hu\/index.php\/wp-json\/wp\/v2\/categories?post=69392"},{"taxonomy":"post_tag","embeddable":true,"href":"https:\/\/gazdasagportal.hu\/index.php\/wp-json\/wp\/v2\/tags?post=69392"}],"curies":[{"name":"wp","href":"https:\/\/api.w.org\/{rel}","templated":true}]}}