{"id":69388,"date":"2015-10-23T05:12:19","date_gmt":"2015-10-23T03:12:19","guid":{"rendered":"http:\/\/gazdasagportal.hu\/?p=69388"},"modified":"2015-10-22T21:53:13","modified_gmt":"2015-10-22T19:53:13","slug":"iszlam-allam-veszteseget-szenvedtek-tuszszabadito-amerikai-katonak-irakban","status":"publish","type":"post","link":"https:\/\/gazdasagportal.hu\/index.php\/iszlam-allam-veszteseget-szenvedtek-tuszszabadito-amerikai-katonak-irakban\/","title":{"rendered":"Iszl\u00e1m \u00c1llam &#8211; Vesztes\u00e9get szenvedtek t\u00faszszabad\u00edt\u00f3 amerikai katon\u00e1k Irakban"},"content":{"rendered":"<p><strong>\u00c9let\u00e9t vesztette az amerikai k\u00fcl\u00f6nleges m\u0171veleti er\u0151k egyik katon\u00e1ja egy \u00c9szak-Irakban v\u00e9grehajtott t\u00faszszabad\u00edt\u00f3 akci\u00f3 k\u00f6zben &#8211; k\u00f6z\u00f6lte cs\u00fct\u00f6rt\u00f6k\u00f6n a Pentagonra hivatkozva a CNN amerikai h\u00edrtelev\u00edzi\u00f3, amit n\u00e9v n\u00e9lk\u00fcl nyilatkoz\u00f3 hivatalos szem\u00e9lyek m\u00e1s sajt\u00f3szerveknek is meger\u0151s\u00edtettek.<\/strong><!--more--><\/p>\n<div class=\"ads-in-post1\"><div id=\"gazdasagportal.hu_fullbanner_wideboard\"><\/div>\r\n<\/div>\n<p>    Ez volt az Egyes\u00fclt \u00c1llamok els\u0151, Irakban elszenvedett sz\u00e1razf\u00f6ldi harci vesztes\u00e9ge az Iszl\u00e1m \u00c1llam (I\u00c1) terrorszervezet elleni harcban.<br \/>\n    Az I\u00c1 \u00e1ltal megsz\u00e1llt, Kirkukt\u00f3l nyugatra fekv\u0151 Havidzsa v\u00e1ros b\u00f6rt\u00f6ne ellen int\u00e9zett m\u0171veletben, a CNN szerint mintegy 70 kurd t\u00faszt siker\u00fclt kiszabad\u00edtani. Az akci\u00f3ban mintegy 30 amerikai kommand\u00f3s mellett a kurd \u00f6nv\u00e9delmi er\u0151k, a pesmerg\u00e1k is r\u00e9szt vettek.<br \/>\n    A m\u0171velet v\u00e9grehajt\u00e1s\u00e1t azt k\u00f6vet\u0151en rendelt\u00e9k el, hogy h\u00edrszerz\u00e9si forr\u00e1sok meger\u0151s\u00edtett\u00e9k: a kurd foglyokat hamarosan ki fogj\u00e1k v\u00e9gezni.<br \/>\n    Id\u0151k\u00f6zben a kurdiszt\u00e1ni auton\u00f3m ter\u00fclet biztons\u00e1gi tan\u00e1csa k\u00f6z\u00f6lte, hogy az \u0151 adataik szerint 69 t\u00faszt mentettek ki, de k\u00f6zt\u00fck nem voltak kurdok, \u00e9s a bevet\u00e9s sor\u00e1n t\u00f6bb mint 20 sz\u00e9ls\u0151s\u00e9ges vesztette \u00e9let\u00e9t, hatan pedig fogs\u00e1gba estek.(MTI)<\/p>\n","protected":false},"excerpt":{"rendered":"<p>\u00c9let\u00e9t vesztette az amerikai k\u00fcl\u00f6nleges m\u0171veleti er\u0151k egyik katon\u00e1ja egy \u00c9szak-Irakban v\u00e9grehajtott t\u00faszszabad\u00edt\u00f3 akci\u00f3 k\u00f6zben &#8211; k\u00f6z\u00f6lte cs\u00fct\u00f6rt\u00f6k\u00f6n a Pentagonra hivatkozva a CNN amerikai h\u00edrtelev\u00edzi\u00f3, amit n\u00e9v n\u00e9lk\u00fcl nyilatkoz\u00f3 hivatalos szem\u00e9lyek m\u00e1s sajt\u00f3szerveknek is meger\u0151s\u00edtettek.<\/p>\n","protected":false},"author":1,"featured_media":0,"comment_status":"open","ping_status":"closed","sticky":false,"template":"","format":"standard","meta":[],"categories":[16],"tags":[],"_links":{"self":[{"href":"https:\/\/gazdasagportal.hu\/index.php\/wp-json\/wp\/v2\/posts\/69388"}],"collection":[{"href":"https:\/\/gazdasagportal.hu\/index.php\/wp-json\/wp\/v2\/posts"}],"about":[{"href":"https:\/\/gazdasagportal.hu\/index.php\/wp-json\/wp\/v2\/types\/post"}],"author":[{"embeddable":true,"href":"https:\/\/gazdasagportal.hu\/index.php\/wp-json\/wp\/v2\/users\/1"}],"replies":[{"embeddable":true,"href":"https:\/\/gazdasagportal.hu\/index.php\/wp-json\/wp\/v2\/comments?post=69388"}],"version-history":[{"count":1,"href":"https:\/\/gazdasagportal.hu\/index.php\/wp-json\/wp\/v2\/posts\/69388\/revisions"}],"predecessor-version":[{"id":69389,"href":"https:\/\/gazdasagportal.hu\/index.php\/wp-json\/wp\/v2\/posts\/69388\/revisions\/69389"}],"wp:attachment":[{"href":"https:\/\/gazdasagportal.hu\/index.php\/wp-json\/wp\/v2\/media?parent=69388"}],"wp:term":[{"taxonomy":"category","embeddable":true,"href":"https:\/\/gazdasagportal.hu\/index.php\/wp-json\/wp\/v2\/categories?post=69388"},{"taxonomy":"post_tag","embeddable":true,"href":"https:\/\/gazdasagportal.hu\/index.php\/wp-json\/wp\/v2\/tags?post=69388"}],"curies":[{"name":"wp","href":"https:\/\/api.w.org\/{rel}","templated":true}]}}