{"id":69386,"date":"2015-10-23T04:50:29","date_gmt":"2015-10-23T02:50:29","guid":{"rendered":"http:\/\/gazdasagportal.hu\/?p=69386"},"modified":"2015-10-22T21:51:54","modified_gmt":"2015-10-22T19:51:54","slug":"fokozodik-a-feszultseg-az-osztrak-szloven-hataron","status":"publish","type":"post","link":"https:\/\/gazdasagportal.hu\/index.php\/fokozodik-a-feszultseg-az-osztrak-szloven-hataron\/","title":{"rendered":"Fokoz\u00f3dik a fesz\u00fclts\u00e9g az osztr\u00e1k-szlov\u00e9n hat\u00e1ron"},"content":{"rendered":"<p><strong>Fokoz\u00f3dik a fesz\u00fclts\u00e9g a Sentilj \u00e9s Spielfeld k\u00f6z\u00f6tti szlov\u00e9n-osztr\u00e1k hat\u00e1r\u00e1tkel\u0151 osztr\u00e1k oldal\u00e1n, miut\u00e1n a szlov\u00e9n hat\u00f3s\u00e1gok t\u00f6bb ezer \u00fajabb migr\u00e1nst engedtek \u00e1t cs\u00fct\u00f6rt\u00f6k este a k\u00e9t hat\u00e1r\u00e1tkel\u0151 k\u00f6z\u00f6tt, az \u00fagynevezett senki f\u00f6ldj\u00e9n kialak\u00edtott t\u00e1borba.<\/strong><!--more--><\/p>\n<div class=\"ads-in-post1\"><div id=\"gazdasagportal.hu_fullbanner_wideboard\"><\/div>\r\n<\/div>\n<p>    Az osztr\u00e1k rend\u0151r\u00f6k \u00e9s katon\u00e1k a spielfeldi hat\u00e1r\u00e1tkel\u0151 lez\u00e1r\u00e1s\u00e1val azt pr\u00f3b\u00e1lj\u00e1k megakad\u00e1lyozni, hogy a senki f\u00f6ldj\u00e9n, a szabad \u00e9g alatt t\u00e1boroz\u00f3 migr\u00e1nsok ellen\u0151rizetlen m\u00f3don \u00e1tmenjenek Ausztri\u00e1ba, illetve az id\u0151k\u00f6zben \u00fajra megtelt t\u00e1borb\u00f3l kit\u00f6rjenek az emberek, akik \u00fajra \u00e9s \u00fajra megpr\u00f3b\u00e1lnak kisz\u00f6kni. Ennek \u00e9rdek\u00e9ben folyamatosan er\u0151s\u00edtik \u00e9s \u0151rzik a t\u00e1bor ker\u00edt\u00e9s\u00e9t.<br \/>\n    Sentilj \u00e9s Spielfeld k\u00f6z\u00f6tt k\u00e9t \u00e1tkel\u0151 tal\u00e1lhat\u00f3. Az egyik az aut\u00f3p\u00e1ly\u00e1n, a m\u00e1sik pedig az ausztriai Leibnitz fel\u00e9 vezet\u0151 67-es f\u0151\u00faton egy v\u00f6lgykatlanban.<br \/>\n    Az ut\u00f3bbi, j\u00f3l v\u00e9dhet\u0151 hat\u00e1r\u00e1llom\u00e1st z\u00e1rta le az osztr\u00e1k hadsereg \u00e9s a rend\u0151rs\u00e9g, azt k\u00f6vet\u0151en, hogy t\u00f6bb ezer migr\u00e1ns kit\u00f6rt a Spielfeldn\u00e9l a k\u00e9t hat\u00e1r\u00e1tkel\u0151 k\u00f6z\u00f6tt, a senki f\u00f6ldj\u00e9n kialak\u00edtott tranzitt\u00e1borb\u00f3l, \u00e9s sokan gyalog elindultak a 67-es f\u0151\u00faton Leibnitz, vagyis Ausztria belseje fel\u00e9.<br \/>\n    Ek\u00f6zben &#8211; mint az MTI tud\u00f3s\u00edt\u00f3ja a helysz\u00ednen tapasztalta &#8211; a szomsz\u00e9dos, vagyis a szlov\u00e9n oldalon tal\u00e1lhat\u00f3 sentilji t\u00e1borba folyamatosan \u00e9rkeznek a migr\u00e1nsokkal teli buszok.<br \/>\n    A helyzet ann\u00e1l is ink\u00e1bb fesz\u00fclt, mert min\u00e9l ink\u00e1bb bes\u00f6t\u00e9tedik, ann\u00e1l hidegebb lesz, \u00e9s lassan csaknem fagypontig h\u0171l a leveg\u0151 &#8211; tapasztalta a helysz\u00ednen az MTI tud\u00f3s\u00edt\u00f3ja.<br \/>\n    A Graz fel\u00e9 vezet\u0151 aut\u00f3p\u00e1ly\u00e1n tal\u00e1lhat\u00f3 \u00e1tkel\u0151n egy\u00e9bk\u00e9nt \u00e1t lehet menni Ausztri\u00e1ba, \u00e1m t\u00f6bb kilom\u00e9teres kamionsor v\u00e1rakozik az \u00e1tl\u00e9p\u00e9sre, ugyanis az osztr\u00e1k hat\u00f3s\u00e1gok ellen\u0151rzik a forgalmat.(MTI)<\/p>\n","protected":false},"excerpt":{"rendered":"<p>Fokoz\u00f3dik a fesz\u00fclts\u00e9g a Sentilj \u00e9s Spielfeld k\u00f6z\u00f6tti szlov\u00e9n-osztr\u00e1k hat\u00e1r\u00e1tkel\u0151 osztr\u00e1k oldal\u00e1n, miut\u00e1n a szlov\u00e9n hat\u00f3s\u00e1gok t\u00f6bb ezer \u00fajabb migr\u00e1nst engedtek \u00e1t cs\u00fct\u00f6rt\u00f6k este a k\u00e9t hat\u00e1r\u00e1tkel\u0151 k\u00f6z\u00f6tt, az \u00fagynevezett senki f\u00f6ldj\u00e9n kialak\u00edtott t\u00e1borba.<\/p>\n","protected":false},"author":1,"featured_media":0,"comment_status":"open","ping_status":"closed","sticky":false,"template":"","format":"standard","meta":[],"categories":[12],"tags":[],"_links":{"self":[{"href":"https:\/\/gazdasagportal.hu\/index.php\/wp-json\/wp\/v2\/posts\/69386"}],"collection":[{"href":"https:\/\/gazdasagportal.hu\/index.php\/wp-json\/wp\/v2\/posts"}],"about":[{"href":"https:\/\/gazdasagportal.hu\/index.php\/wp-json\/wp\/v2\/types\/post"}],"author":[{"embeddable":true,"href":"https:\/\/gazdasagportal.hu\/index.php\/wp-json\/wp\/v2\/users\/1"}],"replies":[{"embeddable":true,"href":"https:\/\/gazdasagportal.hu\/index.php\/wp-json\/wp\/v2\/comments?post=69386"}],"version-history":[{"count":1,"href":"https:\/\/gazdasagportal.hu\/index.php\/wp-json\/wp\/v2\/posts\/69386\/revisions"}],"predecessor-version":[{"id":69387,"href":"https:\/\/gazdasagportal.hu\/index.php\/wp-json\/wp\/v2\/posts\/69386\/revisions\/69387"}],"wp:attachment":[{"href":"https:\/\/gazdasagportal.hu\/index.php\/wp-json\/wp\/v2\/media?parent=69386"}],"wp:term":[{"taxonomy":"category","embeddable":true,"href":"https:\/\/gazdasagportal.hu\/index.php\/wp-json\/wp\/v2\/categories?post=69386"},{"taxonomy":"post_tag","embeddable":true,"href":"https:\/\/gazdasagportal.hu\/index.php\/wp-json\/wp\/v2\/tags?post=69386"}],"curies":[{"name":"wp","href":"https:\/\/api.w.org\/{rel}","templated":true}]}}