{"id":69384,"date":"2015-10-22T21:50:05","date_gmt":"2015-10-22T19:50:05","guid":{"rendered":"http:\/\/gazdasagportal.hu\/?p=69384"},"modified":"2015-10-22T21:50:05","modified_gmt":"2015-10-22T19:50:05","slug":"kevesebb-dolgozot-ved-kollektiv-szerzodes-a-2008-as-valsag-ota","status":"publish","type":"post","link":"https:\/\/gazdasagportal.hu\/index.php\/kevesebb-dolgozot-ved-kollektiv-szerzodes-a-2008-as-valsag-ota\/","title":{"rendered":"Kevesebb dolgoz\u00f3t v\u00e9d kollekt\u00edv szerz\u0151d\u00e9s a 2008-as v\u00e1ls\u00e1g \u00f3ta"},"content":{"rendered":"<p><strong>Cs\u00f6kkent a kollekt\u00edv szerz\u0151d\u00e9sek hat\u00e1lya al\u00e1 es\u0151 munkav\u00e1llal\u00f3k ar\u00e1nya a vil\u00e1g 49 orsz\u00e1g\u00e1ra kiterjed\u0151 elemz\u00e9s szerint a 2008-as p\u00e9nz\u00fcgyi v\u00e1ls\u00e1g kirobban\u00e1sa \u00f3ta, de az egyes orsz\u00e1gok k\u00f6z\u00f6tt jelent\u0151s elt\u00e9r\u00e9s tapasztalhat\u00f3.<\/strong><!--more--><\/p>\n<div class=\"ads-in-post1\"><div id=\"gazdasagportal.hu_fullbanner_wideboard\"><\/div>\r\n<\/div>\n<p>    A Nemzetk\u00f6zi Munka\u00fcgyi Szervezet (ILO) legfrissebb, 48 orsz\u00e1gra kiterjed\u0151 tanulm\u00e1nya szerint \u00f6sszess\u00e9g\u00e9ben 4,6 sz\u00e1zal\u00e9kkal cs\u00f6kkent a kollekt\u00edv szerz\u0151d\u00e9sek \u00e1ltal v\u00e9dett munkav\u00e1llal\u00f3k ar\u00e1nya 2008 \u00e9s 2013 k\u00f6z\u00f6tt, mik\u00f6zben az \u00f6sszes alkalmazottak k\u00f6r\u00e9ben 2,3 sz\u00e1zal\u00e9kkal cs\u00f6kkent a szakszervezeti tagok ar\u00e1nya.<br \/>\n    Magyarorsz\u00e1gon a 2008-as v\u00e1ls\u00e1g el\u0151tti 35,9 sz\u00e1zal\u00e9kr\u00f3l 25 sz\u00e1zal\u00e9kra esett 2013-ra a kollekt\u00edv szerz\u0151d\u00e9ssel v\u00e9dett dolgoz\u00f3k \u00e9s 14,4 sz\u00e1zal\u00e9k\u00e1r\u00f3l 10,4 sz\u00e1zal\u00e9kra a szakszervezeti tagok ar\u00e1nya.<br \/>\n    A kollekt\u00edv szerz\u0151d\u00e9sek \u00e1ltal v\u00e9dett munkav\u00e1llal\u00f3k ar\u00e1nya az 1-2 sz\u00e1zal\u00e9kos v\u00e9glett\u0151l a csaknem 100 sz\u00e1zal\u00e9kos szintig terjed a vizsg\u00e1lt orsz\u00e1gokban, az el\u0151bbi kateg\u00f3ri\u00e1ba tartoznak olyan orsz\u00e1gok, mint p\u00e9ld\u00e1ul Eti\u00f3pia, Malajzia, a F\u00fcl\u00f6p-szigetek \u00e9s Peru, m\u00edg az ut\u00f3bbiba Franciaorsz\u00e1g, Belgium, Ausztria \u00e9s Uruguay.<br \/>\n    Azokban az orsz\u00e1gokban, amelyekben hat\u00e1rozott cs\u00f6kken\u00e9s volt megfigyelhet\u0151, alapvet\u0151en az \u00e1ltal\u00e1nos, nemzeti szint\u0171 meg\u00e1llapod\u00e1sok megsz\u0171n\u00e9se \u00e1ll a jelens\u00e9g h\u00e1tter\u00e9ben. A legnagyobb m\u00e9rt\u00e9k\u0171, \u00e1tlagosan 21 sz\u00e1zal\u00e9kos cs\u00f6kken\u00e9s a v\u00e1ls\u00e1g \u00e1ltal legink\u00e1bb s\u00fajtott orsz\u00e1gokban k\u00f6vetkezett be, k\u00f6zt\u00fck Cipruson, G\u00f6r\u00f6gorsz\u00e1gban, \u00cdrorsz\u00e1gban, Lettorsz\u00e1gban, Portug\u00e1li\u00e1ban \u00e9s Rom\u00e1ni\u00e1ban.<br \/>\n    Mik\u00f6zben sz\u00e1mos orsz\u00e1gban cs\u00f6kkent a kollekt\u00edv szerz\u0151d\u00e9sek hat\u00e1lya al\u00e1 es\u0151 munkav\u00e1llal\u00f3k ar\u00e1nya, t\u00edz orsz\u00e1gban n\u00f6vekedett \u00e9s er\u0151s\u00f6d\u00f6tt a kollekt\u00edv meg\u00e1llapod\u00e1sok rendszere. Finnorsz\u00e1gban p\u00e9ld\u00e1ul orsz\u00e1gos szint\u0171 \u00e1ltal\u00e1nos meg\u00e1llapod\u00e1st k\u00f6t\u00f6ttek a szoci\u00e1lis partnerek, m\u00edg Hollandi\u00e1ban \u00fajabb gazdas\u00e1gi \u00e1gazatokban terjedtek el a kollekt\u00edv szerz\u0151d\u00e9sek.<br \/>\n    Az orsz\u00e1gok egy kisebb csoportj\u00e1ban &#8211; Franciaorsz\u00e1g, Olaszorsz\u00e1g, Kanada, Ausztria \u00e9s Belgium &#8211; a kollekt\u00edv szerz\u0151d\u00e9sek kiterjedts\u00e9ge nem v\u00e1ltozott. Ezekben az orsz\u00e1gokban a kollekt\u00edv t\u00e1rgyal\u00e1sok a v\u00e1ls\u00e1g elleni k\u00fczdelemben kulcsfontoss\u00e1g\u00fa elemet k\u00e9peztek, ide\u00e9rtve a munkahelyek megment\u00e9s\u00e9t c\u00e9lz\u00f3 meg\u00e1llapod\u00e1sok t\u00e1rgyal\u00e1sok \u00fatj\u00e1n t\u00f6rt\u00e9n\u0151 kidolgoz\u00e1s\u00e1t.<br \/>\n    &#8222;A kollekt\u00edv t\u00e1rgyal\u00e1sok meghat\u00e1roz\u00f3 szerepet j\u00e1tszhatnak abban, hogy a gazdas\u00e1gi n\u00f6veked\u00e9st \u00e1tforgass\u00e1k a t\u00e1rsadalmi fejl\u0151d\u00e9sbe&#8221; &#8211; fogalmazott Philippe Marcadent, az ILO illet\u00e9kes vezet\u0151je, hozz\u00e1t\u00e9ve, hogy e c\u00e9l el\u00e9r\u00e9s\u00e9nek \u00e9rdek\u00e9ben f\u0151leg a korm\u00e1nyoknak kellene \u00e9len j\u00e1rniuk a kollekt\u00edv t\u00e1rgyal\u00e1sok \u00e9s a t\u00e1rsadalmi p\u00e1rbesz\u00e9d el\u0151mozd\u00edt\u00e1s\u00e1ban. Ez a kollekt\u00edv t\u00e1rgyal\u00e1sokat el\u0151seg\u00edt\u0151 speci\u00e1lis int\u00e9zked\u00e9seket, valamint olyan kedvez\u0151 jogi k\u00f6rnyezet garant\u00e1l\u00e1s\u00e1t felt\u00e9telezi, amely elismeri, v\u00e9delmezi \u00e9s meg\u0151rzi a szakszervezetek \u00e9s a munkaad\u00f3k jogait, hogy hallass\u00e1k hangjukat.(MTI)<\/p>\n","protected":false},"excerpt":{"rendered":"<p>Cs\u00f6kkent a kollekt\u00edv szerz\u0151d\u00e9sek hat\u00e1lya al\u00e1 es\u0151 munkav\u00e1llal\u00f3k ar\u00e1nya a vil\u00e1g 49 orsz\u00e1g\u00e1ra kiterjed\u0151 elemz\u00e9s szerint a 2008-as p\u00e9nz\u00fcgyi v\u00e1ls\u00e1g kirobban\u00e1sa \u00f3ta, de az egyes orsz\u00e1gok k\u00f6z\u00f6tt jelent\u0151s elt\u00e9r\u00e9s tapasztalhat\u00f3.<\/p>\n","protected":false},"author":1,"featured_media":0,"comment_status":"open","ping_status":"closed","sticky":false,"template":"","format":"standard","meta":[],"categories":[19],"tags":[],"_links":{"self":[{"href":"https:\/\/gazdasagportal.hu\/index.php\/wp-json\/wp\/v2\/posts\/69384"}],"collection":[{"href":"https:\/\/gazdasagportal.hu\/index.php\/wp-json\/wp\/v2\/posts"}],"about":[{"href":"https:\/\/gazdasagportal.hu\/index.php\/wp-json\/wp\/v2\/types\/post"}],"author":[{"embeddable":true,"href":"https:\/\/gazdasagportal.hu\/index.php\/wp-json\/wp\/v2\/users\/1"}],"replies":[{"embeddable":true,"href":"https:\/\/gazdasagportal.hu\/index.php\/wp-json\/wp\/v2\/comments?post=69384"}],"version-history":[{"count":1,"href":"https:\/\/gazdasagportal.hu\/index.php\/wp-json\/wp\/v2\/posts\/69384\/revisions"}],"predecessor-version":[{"id":69385,"href":"https:\/\/gazdasagportal.hu\/index.php\/wp-json\/wp\/v2\/posts\/69384\/revisions\/69385"}],"wp:attachment":[{"href":"https:\/\/gazdasagportal.hu\/index.php\/wp-json\/wp\/v2\/media?parent=69384"}],"wp:term":[{"taxonomy":"category","embeddable":true,"href":"https:\/\/gazdasagportal.hu\/index.php\/wp-json\/wp\/v2\/categories?post=69384"},{"taxonomy":"post_tag","embeddable":true,"href":"https:\/\/gazdasagportal.hu\/index.php\/wp-json\/wp\/v2\/tags?post=69384"}],"curies":[{"name":"wp","href":"https:\/\/api.w.org\/{rel}","templated":true}]}}