{"id":69382,"date":"2015-10-23T04:04:00","date_gmt":"2015-10-23T02:04:00","guid":{"rendered":"http:\/\/gazdasagportal.hu\/?p=69382"},"modified":"2015-10-22T21:48:45","modified_gmt":"2015-10-22T19:48:45","slug":"nemetorszag-ket-tuz-koze-szorult","status":"publish","type":"post","link":"https:\/\/gazdasagportal.hu\/index.php\/nemetorszag-ket-tuz-koze-szorult\/","title":{"rendered":"N\u00e9metorsz\u00e1g k\u00e9t t\u0171z k\u00f6z\u00e9 szorult"},"content":{"rendered":"<p><strong>A menek\u00fcltk\u00e9rd\u00e9sben N\u00e9metorsz\u00e1g \u00e9s Angela Merkel k\u00e9t t\u0171z k\u00f6z\u00e9 szorult &#8211; mondta a K\u00fcl\u00fcgyi \u00e9s K\u00fclgazdas\u00e1gi Int\u00e9zet szak\u00e9rt\u0151je az M1 aktu\u00e1lis csatorna cs\u00fct\u00f6rt\u00f6k esti m\u0171sor\u00e1ban.<\/strong><!--more--><\/p>\n<div class=\"ads-in-post1\"><div id=\"gazdasagportal.hu_fullbanner_wideboard\"><\/div>\r\n<\/div>\n<p>    Tam\u00e1si Anna szerint a n\u00e9met kancell\u00e1r komoly kritik\u00e1kat kap a p\u00e1rtsz\u00f6vets\u00e9geseit\u0151l, de igyekszik tov\u00e1bbra is egy korrekt k\u00fclpolitik\u00e1t megval\u00f3s\u00edtani. Angela Merkel tiszt\u00e1ban van azzal, hogy egy esetleges n\u00e9met hat\u00e1rz\u00e1r milyen nyom\u00e1st gyakorolna a nyugat-balk\u00e1ni orsz\u00e1gokra, destabiliz\u00e1ci\u00f3t okozva, ez\u00e9rt olyan javaslatokkal pr\u00f3b\u00e1lja kezelni a probl\u00e9m\u00e1t, amely az orsz\u00e1got kev\u00e9sb\u00e9 vonz\u00f3v\u00e1 teszi, illetve szorgalmazza az EU k\u00fcls\u0151 hat\u00e1rainak v\u00e9delm\u00e9t is.<br \/>\n    A szak\u00e9rt\u0151 szerint Angela Merkelnek komolyan kellene vennie a politikusait\u00f3l kapott kritik\u00e1kat.<br \/>\n    Tam\u00e1si Anna \u00fagy v\u00e9lte, a n\u00e9met kancell\u00e1r politik\u00e1j\u00e1ban folyamatosan \u00e9s fokozatosan v\u00e1ltja fel a politikai korrekts\u00e9get a politikai realizmus.(MTI)<\/p>\n","protected":false},"excerpt":{"rendered":"<p>A menek\u00fcltk\u00e9rd\u00e9sben N\u00e9metorsz\u00e1g \u00e9s Angela Merkel k\u00e9t t\u0171z k\u00f6z\u00e9 szorult &#8211; mondta a K\u00fcl\u00fcgyi \u00e9s K\u00fclgazdas\u00e1gi Int\u00e9zet szak\u00e9rt\u0151je az M1 aktu\u00e1lis csatorna cs\u00fct\u00f6rt\u00f6k esti m\u0171sor\u00e1ban.<\/p>\n","protected":false},"author":1,"featured_media":0,"comment_status":"open","ping_status":"closed","sticky":false,"template":"","format":"standard","meta":[],"categories":[12],"tags":[],"_links":{"self":[{"href":"https:\/\/gazdasagportal.hu\/index.php\/wp-json\/wp\/v2\/posts\/69382"}],"collection":[{"href":"https:\/\/gazdasagportal.hu\/index.php\/wp-json\/wp\/v2\/posts"}],"about":[{"href":"https:\/\/gazdasagportal.hu\/index.php\/wp-json\/wp\/v2\/types\/post"}],"author":[{"embeddable":true,"href":"https:\/\/gazdasagportal.hu\/index.php\/wp-json\/wp\/v2\/users\/1"}],"replies":[{"embeddable":true,"href":"https:\/\/gazdasagportal.hu\/index.php\/wp-json\/wp\/v2\/comments?post=69382"}],"version-history":[{"count":1,"href":"https:\/\/gazdasagportal.hu\/index.php\/wp-json\/wp\/v2\/posts\/69382\/revisions"}],"predecessor-version":[{"id":69383,"href":"https:\/\/gazdasagportal.hu\/index.php\/wp-json\/wp\/v2\/posts\/69382\/revisions\/69383"}],"wp:attachment":[{"href":"https:\/\/gazdasagportal.hu\/index.php\/wp-json\/wp\/v2\/media?parent=69382"}],"wp:term":[{"taxonomy":"category","embeddable":true,"href":"https:\/\/gazdasagportal.hu\/index.php\/wp-json\/wp\/v2\/categories?post=69382"},{"taxonomy":"post_tag","embeddable":true,"href":"https:\/\/gazdasagportal.hu\/index.php\/wp-json\/wp\/v2\/tags?post=69382"}],"curies":[{"name":"wp","href":"https:\/\/api.w.org\/{rel}","templated":true}]}}