{"id":69380,"date":"2015-10-23T02:46:52","date_gmt":"2015-10-23T00:46:52","guid":{"rendered":"http:\/\/gazdasagportal.hu\/?p=69380"},"modified":"2015-10-22T21:47:41","modified_gmt":"2015-10-22T19:47:41","slug":"fidesz-gyurcsany-ferenc-a-bevandorlok-magyarorszagat-akarja","status":"publish","type":"post","link":"https:\/\/gazdasagportal.hu\/index.php\/fidesz-gyurcsany-ferenc-a-bevandorlok-magyarorszagat-akarja\/","title":{"rendered":"Fidesz: Gyurcs\u00e1ny Ferenc a bev\u00e1ndorl\u00f3k Magyarorsz\u00e1g\u00e1t akarja"},"content":{"rendered":"<p><strong>A Fidesz szerint Gyurcs\u00e1ny Ferenc, a Demokratikus Koal\u00edci\u00f3 (DK) eln\u00f6ke a bev\u00e1ndorl\u00f3k Magyarorsz\u00e1g\u00e1t akarja.<\/strong><!--more--><\/p>\n<div class=\"ads-in-post1\"><div id=\"gazdasagportal.hu_fullbanner_wideboard\"><\/div>\r\n<\/div>\n<p>    A nagyobbik korm\u00e1nyp\u00e1rt frakci\u00f3ja az MTI-hez cs\u00fct\u00f6rt\u00f6k\u00f6n eljuttatott k\u00f6zlem\u00e9ny\u00e9ben a DK eln\u00f6k\u00e9nek a p\u00e1rt alap\u00edt\u00e1s\u00e1nak negyedik \u00e9vfordul\u00f3j\u00e1n elmondott szavaira reag\u00e1lt.<br \/>\n    Gyurcs\u00e1ny Ferenc a Sokak Magyarorsz\u00e1ga c\u00edm\u0171 r\u00f6piratot ismertetve azt mondta: \u00fajra kell teremteni a j\u00f6v\u0151 Magyarorsz\u00e1g\u00e1nak v\u00edzi\u00f3j\u00e1t hordoz\u00f3, korm\u00e1nyz\u00f3k\u00e9pes, demokratikus, polg\u00e1ri magyar baloldalt.<br \/>\n    A Fidesz k\u00f6zlem\u00e9ny\u00e9ben hangs\u00falyozta: &#8222;a magyarok nem k\u00e9rnek t\u00f6bbet a Gyurcs\u00e1ny-korszakb\u00f3l&#8221;, pl\u00e1ne nem egy olyan Magyarorsz\u00e1gb\u00f3l, ahov\u00e1 &#8211; ha Gyurcs\u00e1ny Ferencen \u00e9s a baloldalon m\u00falik -, minden bev\u00e1ndorl\u00f3t beengedn\u00e9nek.<br \/>\n    &#8222;Gyurcs\u00e1ny Ferenc, ahogy korm\u00e1nyz\u00e1sa alatt is tette, most is a magyar emberek \u00e9rdekei ellen dolgozik. Br\u00fcsszel fizetett b\u00e1bjak\u00e9nt a kapuk kinyit\u00e1s\u00e1t, a bev\u00e1ndorl\u00f3k befogad\u00e1s\u00e1t, eloszt\u00e1s\u00e1t, Magyarorsz\u00e1g nemzeti \u00e9rdekeinek felad\u00e1s\u00e1t k\u00f6veteli&#8221; &#8211; olvashat\u00f3 a k\u00f6zlem\u00e9nyben.<br \/>\n    A Fidesz meg\u00edt\u00e9l\u00e9se szerint a DK eln\u00f6ke &#8222;a hatalom \u00e9s a bev\u00e1ndorl\u00f3k szavazatainak rem\u00e9ny\u00e9ben&#8221; k\u00e9pes vesz\u00e9lyeztetni a magyar emberek biztons\u00e1g\u00e1t, meg\u00e9lhet\u00e9s\u00e9t, munkahelyeit.(MTI)<\/p>\n","protected":false},"excerpt":{"rendered":"<p>A Fidesz szerint Gyurcs\u00e1ny Ferenc, a Demokratikus Koal\u00edci\u00f3 (DK) eln\u00f6ke a bev\u00e1ndorl\u00f3k Magyarorsz\u00e1g\u00e1t akarja.<\/p>\n","protected":false},"author":1,"featured_media":0,"comment_status":"open","ping_status":"closed","sticky":false,"template":"","format":"standard","meta":[],"categories":[4,18],"tags":[],"_links":{"self":[{"href":"https:\/\/gazdasagportal.hu\/index.php\/wp-json\/wp\/v2\/posts\/69380"}],"collection":[{"href":"https:\/\/gazdasagportal.hu\/index.php\/wp-json\/wp\/v2\/posts"}],"about":[{"href":"https:\/\/gazdasagportal.hu\/index.php\/wp-json\/wp\/v2\/types\/post"}],"author":[{"embeddable":true,"href":"https:\/\/gazdasagportal.hu\/index.php\/wp-json\/wp\/v2\/users\/1"}],"replies":[{"embeddable":true,"href":"https:\/\/gazdasagportal.hu\/index.php\/wp-json\/wp\/v2\/comments?post=69380"}],"version-history":[{"count":1,"href":"https:\/\/gazdasagportal.hu\/index.php\/wp-json\/wp\/v2\/posts\/69380\/revisions"}],"predecessor-version":[{"id":69381,"href":"https:\/\/gazdasagportal.hu\/index.php\/wp-json\/wp\/v2\/posts\/69380\/revisions\/69381"}],"wp:attachment":[{"href":"https:\/\/gazdasagportal.hu\/index.php\/wp-json\/wp\/v2\/media?parent=69380"}],"wp:term":[{"taxonomy":"category","embeddable":true,"href":"https:\/\/gazdasagportal.hu\/index.php\/wp-json\/wp\/v2\/categories?post=69380"},{"taxonomy":"post_tag","embeddable":true,"href":"https:\/\/gazdasagportal.hu\/index.php\/wp-json\/wp\/v2\/tags?post=69380"}],"curies":[{"name":"wp","href":"https:\/\/api.w.org\/{rel}","templated":true}]}}