{"id":69378,"date":"2015-10-22T19:57:59","date_gmt":"2015-10-22T17:57:59","guid":{"rendered":"http:\/\/gazdasagportal.hu\/?p=69378"},"modified":"2015-10-22T17:18:46","modified_gmt":"2015-10-22T15:18:46","slug":"vilagkiallitas-gazdag-programsorozattal-zar-az-expo-magyar-pavilonja","status":"publish","type":"post","link":"https:\/\/gazdasagportal.hu\/index.php\/vilagkiallitas-gazdag-programsorozattal-zar-az-expo-magyar-pavilonja\/","title":{"rendered":"Vil\u00e1gki\u00e1ll\u00edt\u00e1s &#8211; Gazdag programsorozattal z\u00e1r az expo magyar pavilonja"},"content":{"rendered":"<p><strong>T\u00f6bbek k\u00f6z\u00f6tt Houdini-ki\u00e1ll\u00edt\u00e1s, operettsl\u00e1gerek, jazz \u00e9s cig\u00e1nyzene, valamint magyar borok \u00e9s tal\u00e1lm\u00e1nyok v\u00e1rj\u00e1k az okt\u00f3ber 31-\u00e9n z\u00e1r\u00f3 Mil\u00e1n\u00f3i Vil\u00e1gki\u00e1ll\u00edt\u00e1s utols\u00f3 napjaiban a magyar pavilon l\u00e1togat\u00f3it.<br \/>\n<\/strong><!--more--><\/p>\n<div class=\"ads-in-post1\"><div id=\"gazdasagportal.hu_fullbanner_wideboard\"><\/div>\r\n<\/div>\n    Az \u00c9letkert pavilonban cs\u00fct\u00f6rt\u00f6kt\u0151l egy h\u00e9ten \u00e1t ki\u00e1ll\u00edt\u00e1s id\u00e9zi fel a magyar sz\u00e1rmaz\u00e1s\u00fa szabadul\u00f3m\u0171v\u00e9sz, Harry Houdini eml\u00e9k\u00e9t, majd okt\u00f3ber 29-\u00e9n vil\u00e1gh\u00edr\u0171 el\u0151dje tisztelet\u00e9re David Merlini mutat be k\u00fcl\u00f6nleges szabadul\u00f3show-t az expo Auditorium\u00e1ban, amely a vil\u00e1gki\u00e1ll\u00edt\u00e1s hivatalos z\u00e1r\u00f3esem\u00e9nye is egyben &#8211; k\u00f6z\u00f6lt\u00e9k az MTI-vel cs\u00fct\u00f6rt\u00f6k\u00f6n a szervez\u0151k.<br \/>\n    Szombat a magyar operett napja lesz, amelynek sor\u00e1n olyan neves m\u0171v\u00e9szek l\u00e9pnek fel a pavilonban, mint ifj. S\u00e1nta Ferenc, Frank\u00f3 T\u00fcnde, Vad\u00e1sz Zsolt, V\u00e1g\u00f3 Zsuzsi \u00e9s Laki P\u00e9ter. Napk\u00f6zben az expo l\u00e1togat\u00f3i operett-t\u00f6rt\u00e9neti el\u0151ad\u00e1sokat hallhatnak \u00e9l\u0151zenei k\u00eds\u00e9rettel, az esti m\u0171sor pedig a sz\u00e1z \u00e9ve sz\u00fcletett Cs\u00e1rd\u00e1skir\u00e1lyn\u0151nek \u00e1ll\u00edt eml\u00e9ket.<br \/>\n    Vas\u00e1rnap csal\u00e1di napot tart az \u00c9letkert pavilon, majd okt\u00f3ber 26-\u00e1n a vizek, borok \u00e9s hungarikumok napja lesz: ekkor sz\u0151l\u0151r\u0151l, sz\u00fcretr\u0151l sz\u00f3l\u00f3 opera\u00e1ri\u00e1k, operettr\u00e9szletek, n\u00e9pszer\u0171 sl\u00e1gerek \u00e9s n\u00f3t\u00e1k kapnak helyet a programban, \u00e9s k\u00fcl\u00f6nleges bork\u00f3stol\u00f3k mellett a Balaton Bor\u00e1t is bemutatj\u00e1k a l\u00e1togat\u00f3knak.<br \/>\n    M\u00e1snap a magyarorsz\u00e1gi cig\u00e1ny kult\u00fara ker\u00fcl el\u0151t\u00e9rbe: ifj. S\u00e1nta Ferenc \u00e9s zenekara mellett fell\u00e9p Balogh K\u00e1lm\u00e1n cimbalomm\u0171v\u00e9sz \u00e9s zenekara, valamint Szakcsi Lakatos B\u00e9la \u00e9s Kathy Horv\u00e1th Lajos. Okt\u00f3ber 28-\u00e1n a pavilon j\u00e1t\u00e9kos \u00e9s sz\u00f3rakoztat\u00f3 m\u00f3don mutatja be a magyar tal\u00e1lm\u00e1nyokat, innovat\u00edv technol\u00f3gi\u00e1t, k\u00fcl\u00f6n\u00f6sen az expo tematik\u00e1j\u00e1hoz, a fenntarthat\u00f3s\u00e1ghoz \u00e9s a k\u00f6rnyezetv\u00e9delemhez k\u00f6t\u0151d\u0151 m\u00f3dszereket.<br \/>\n    Okt\u00f3ber 29-\u00e9n \u00e9s 30-\u00e1n a jazz \u00e9s jam napj\u00e1t tartj\u00e1k: a hangulat\u00e9rt Fekete-Kov\u00e1cs Korn\u00e9l egy\u00fcttese lesz felel\u0151s, akik a k\u00e9t nap alatt a jazz t\u00f6rt\u00e9net\u00e9nek \u00e9s m\u0171faj\u00e1nak t\u00f6bbf\u00e9le oldal\u00e1t is megismertetik a nagyk\u00f6z\u00f6ns\u00e9ggel. A vil\u00e1gki\u00e1ll\u00edt\u00e1s utols\u00f3 napj\u00e1nak k\u00f6z\u00e9ppontj\u00e1ban a pavilon legn\u00e9pszer\u0171bbnek bizonyult t\u00e1rgya, a Bog\u00e1nyi-zongora \u00e1ll majd, amelyen utolj\u00e1ra m\u00e9g b\u00e1rki j\u00e1tszhat, majd a Mil\u00e1n\u00f3i Expo magyar programj\u00e1t a Budapest B\u00e1r koncertje z\u00e1rja.<br \/>\n    A magyar szervez\u0151k nagyszab\u00e1s\u00fa zongoramaratonnal kedveskednek a mil\u00e1n\u00f3i k\u00f6z\u00f6ns\u00e9gnek is az Expo in citt\u00e1 (Exp\u00f3 a v\u00e1rosban) programegy\u00fcttes keret\u00e9ben okt\u00f3ber 25-26-\u00e1n. A mil\u00e1n\u00f3i d\u00f3m mellett fel\u00e1ll\u00edtott \u00fcvegkupol\u00e1ban a Bog\u00e1nyi-zongor\u00e1\u00e9 lesz a f\u0151szerep, melyet sz\u00e1mos magyar m\u0171v\u00e9sz sz\u00f3laltat majd meg, m\u00e1sok mellett Bog\u00e1nyi Gergely, Szokolay Bal\u00e1zs, Balog J\u00f3zsef, Szilasi Alex \u00e9s a Bart\u00f3k B\u00e9la Konzervat\u00f3rium hallgat\u00f3i.(MTI)<\/p>\n","protected":false},"excerpt":{"rendered":"<p>T\u00f6bbek k\u00f6z\u00f6tt Houdini-ki\u00e1ll\u00edt\u00e1s, operettsl\u00e1gerek, jazz \u00e9s cig\u00e1nyzene, valamint magyar borok \u00e9s tal\u00e1lm\u00e1nyok v\u00e1rj\u00e1k az okt\u00f3ber 31-\u00e9n z\u00e1r\u00f3 Mil\u00e1n\u00f3i Vil\u00e1gki\u00e1ll\u00edt\u00e1s utols\u00f3 napjaiban a magyar pavilon l\u00e1togat\u00f3it.<\/p>\n","protected":false},"author":1,"featured_media":0,"comment_status":"open","ping_status":"closed","sticky":false,"template":"","format":"standard","meta":[],"categories":[19],"tags":[],"_links":{"self":[{"href":"https:\/\/gazdasagportal.hu\/index.php\/wp-json\/wp\/v2\/posts\/69378"}],"collection":[{"href":"https:\/\/gazdasagportal.hu\/index.php\/wp-json\/wp\/v2\/posts"}],"about":[{"href":"https:\/\/gazdasagportal.hu\/index.php\/wp-json\/wp\/v2\/types\/post"}],"author":[{"embeddable":true,"href":"https:\/\/gazdasagportal.hu\/index.php\/wp-json\/wp\/v2\/users\/1"}],"replies":[{"embeddable":true,"href":"https:\/\/gazdasagportal.hu\/index.php\/wp-json\/wp\/v2\/comments?post=69378"}],"version-history":[{"count":1,"href":"https:\/\/gazdasagportal.hu\/index.php\/wp-json\/wp\/v2\/posts\/69378\/revisions"}],"predecessor-version":[{"id":69379,"href":"https:\/\/gazdasagportal.hu\/index.php\/wp-json\/wp\/v2\/posts\/69378\/revisions\/69379"}],"wp:attachment":[{"href":"https:\/\/gazdasagportal.hu\/index.php\/wp-json\/wp\/v2\/media?parent=69378"}],"wp:term":[{"taxonomy":"category","embeddable":true,"href":"https:\/\/gazdasagportal.hu\/index.php\/wp-json\/wp\/v2\/categories?post=69378"},{"taxonomy":"post_tag","embeddable":true,"href":"https:\/\/gazdasagportal.hu\/index.php\/wp-json\/wp\/v2\/tags?post=69378"}],"curies":[{"name":"wp","href":"https:\/\/api.w.org\/{rel}","templated":true}]}}