{"id":69374,"date":"2015-10-22T18:35:53","date_gmt":"2015-10-22T16:35:53","guid":{"rendered":"http:\/\/gazdasagportal.hu\/?p=69374"},"modified":"2015-10-22T17:16:39","modified_gmt":"2015-10-22T15:16:39","slug":"csokkent-az-allaskeresok-szama-szeptemberben","status":"publish","type":"post","link":"https:\/\/gazdasagportal.hu\/index.php\/csokkent-az-allaskeresok-szama-szeptemberben\/","title":{"rendered":"Cs\u00f6kkent az \u00e1ll\u00e1skeres\u0151k sz\u00e1ma szeptemberben"},"content":{"rendered":"<p><strong>T\u00f6bb mint 10 sz\u00e1zal\u00e9kkal cs\u00f6kkent az \u00e1ll\u00e1skeres\u0151k sz\u00e1ma az elm\u00falt egy \u00e9v alatt, a Nemzeti Foglalkoztat\u00e1si Szolg\u00e1lat (NFSZ) nyilv\u00e1ntart\u00e1s\u00e1ban a szeptemberi z\u00e1r\u00f3napon 341,7 ezer \u00e1ll\u00e1skeres\u0151 szerepelt, csaknem 40 ezerrel kevesebb, mint 2014 szeptember\u00e9ben.<\/strong><!--more--><\/p>\n<div class=\"ads-in-post1\"><div id=\"gazdasagportal.hu_fullbanner_wideboard\"><\/div>\r\n<\/div>\n<p>    Az NFSZ honlapj\u00e1n k\u00f6z\u00f6lte, hogy az elm\u00falt t\u00edz \u00e9v szeptemberi h\u00f3napjait vizsg\u00e1lva sosem volt m\u00e9g ilyen alacsony az \u00e1ll\u00e1skeres\u0151k sz\u00e1ma.<br \/>\n    Szeptemberben a nyilv\u00e1ntartott \u00e1ll\u00e1skeres\u0151k ar\u00e1nya a gazdas\u00e1gilag akt\u00edv n\u00e9pess\u00e9ghez viszony\u00edtva 7,7 sz\u00e1zal\u00e9k volt, a munkav\u00e1llal\u00e1si kor\u00fa n\u00e9pess\u00e9ghez m\u00e9rt relat\u00edv r\u00e1ta pedig 4,9 sz\u00e1zal\u00e9k.<br \/>\n    A m\u00falt h\u00f3napban \u00f6sszesen 59,5 ezer \u00e1ll\u00e1skeres\u0151 k\u00e9rte nyilv\u00e1ntart\u00e1sba v\u00e9tel\u00e9t a kirendelts\u00e9geken, 10,9 sz\u00e1zal\u00e9kuk els\u0151 alkalommal regisztr\u00e1lt. Az \u00faj bel\u00e9p\u0151k sz\u00e1ma egy \u00e9v alatt 5,8 sz\u00e1zal\u00e9kkal esett vissza.<br \/>\n    Az \u00e1ll\u00e1skeres\u0151k 29 sz\u00e1zal\u00e9ka &#8211; \u00f6sszesen 100,1 ezer ember &#8211; tart\u00f3san, vagyis t\u00f6bb mint egy \u00e9ve keresett m\u00e1r munk\u00e1t, ami 3,3 sz\u00e1zal\u00e9kponttal jobb ar\u00e1ny az egy \u00e9vvel kor\u00e1bbin\u00e1l.<br \/>\n    A m\u00falt h\u00f3napban 44,9 ezer, az \u00f6sszes \u00e1ll\u00e1skeres\u0151 13,1 sz\u00e1zal\u00e9ka p\u00e1lyakezd\u0151 volt.<br \/>\n    Az NFSZ adatai szerint szeptemberben 165,2 ezer \u00e1ll\u00e1skeres\u0151 volt jogosult p\u00e9nzbeli ell\u00e1t\u00e1sra, 32,5 sz\u00e1zal\u00e9kuk \u00e1ll\u00e1skeres\u00e9si ell\u00e1t\u00e1sban, a t\u00f6bbiek szoci\u00e1lis jelleg\u0171 t\u00e1mogat\u00e1sban r\u00e9szes\u00fcltek. Az \u00e1ll\u00e1skeres\u0151k t\u00f6bb mint fele (51,7 sz\u00e1zal\u00e9k) semmilyen p\u00e9nzbeli t\u00e1mogat\u00e1st nem kapott.<br \/>\n    A foglalkoztat\u00f3k \u00f6sszesen 67,8 ezer \u00fcres \u00e1ll\u00e1shelyet jelentettek be a m\u00falt h\u00f3napban, ezek 72 sz\u00e1zal\u00e9k\u00e1hoz ig\u00e9nyeltek t\u00e1mogat\u00e1st. Az \u00fajonnan bejelentett t\u00e1mogatott \u00e1ll\u00e1shelyek sz\u00e1ma 49,3 ezer volt, amelynek t\u00falnyom\u00f3 r\u00e9sze a k\u00f6zfoglalkoztat\u00e1shoz tartozott.<br \/>\n    Szeptemberben a foglalkoztat\u00f3k 847 munkav\u00e1llal\u00f3t bocs\u00e1tottak el csoportos l\u00e9tsz\u00e1mle\u00e9p\u00edt\u00e9s sor\u00e1n, k\u00f6z\u00fcl\u00fck t\u00f6bb mint 200 embert a f\u0151v\u00e1rosb\u00f3l \u00e9s Hajd\u00fa-Bihar megy\u00e9b\u0151l k\u00fcldtek el.<br \/>\n    A Nemzetk\u00f6zi Munka\u00fcgyi Szervezet (ILO) \u00e1ltal haszn\u00e1lt defin\u00edci\u00f3 szerinti 15-74 \u00e9ves munkan\u00e9lk\u00fcliek sz\u00e1ma a 2015 j\u00fanius-augusztusi g\u00f6rd\u00fcl\u0151 negyed\u00e9vben 303,8 ezer volt, ez 6,7 sz\u00e1zal\u00e9kos munkan\u00e9lk\u00fclis\u00e9gi r\u00e1t\u00e1t eredm\u00e9nyezett. A munkan\u00e9lk\u00fclis\u00e9gi r\u00e1ta az el\u0151z\u0151 \u00e9v azonos id\u0151szak\u00e1hoz k\u00e9pest 1,0 sz\u00e1zal\u00e9kponttal volt alacsonyabb.(MTI)<\/p>\n","protected":false},"excerpt":{"rendered":"<p>T\u00f6bb mint 10 sz\u00e1zal\u00e9kkal cs\u00f6kkent az \u00e1ll\u00e1skeres\u0151k sz\u00e1ma az elm\u00falt egy \u00e9v alatt, a Nemzeti Foglalkoztat\u00e1si Szolg\u00e1lat (NFSZ) nyilv\u00e1ntart\u00e1s\u00e1ban a szeptemberi z\u00e1r\u00f3napon 341,7 ezer \u00e1ll\u00e1skeres\u0151 szerepelt, csaknem 40 ezerrel kevesebb, mint 2014 szeptember\u00e9ben.<\/p>\n","protected":false},"author":1,"featured_media":0,"comment_status":"open","ping_status":"closed","sticky":false,"template":"","format":"standard","meta":[],"categories":[19],"tags":[],"_links":{"self":[{"href":"https:\/\/gazdasagportal.hu\/index.php\/wp-json\/wp\/v2\/posts\/69374"}],"collection":[{"href":"https:\/\/gazdasagportal.hu\/index.php\/wp-json\/wp\/v2\/posts"}],"about":[{"href":"https:\/\/gazdasagportal.hu\/index.php\/wp-json\/wp\/v2\/types\/post"}],"author":[{"embeddable":true,"href":"https:\/\/gazdasagportal.hu\/index.php\/wp-json\/wp\/v2\/users\/1"}],"replies":[{"embeddable":true,"href":"https:\/\/gazdasagportal.hu\/index.php\/wp-json\/wp\/v2\/comments?post=69374"}],"version-history":[{"count":1,"href":"https:\/\/gazdasagportal.hu\/index.php\/wp-json\/wp\/v2\/posts\/69374\/revisions"}],"predecessor-version":[{"id":69375,"href":"https:\/\/gazdasagportal.hu\/index.php\/wp-json\/wp\/v2\/posts\/69374\/revisions\/69375"}],"wp:attachment":[{"href":"https:\/\/gazdasagportal.hu\/index.php\/wp-json\/wp\/v2\/media?parent=69374"}],"wp:term":[{"taxonomy":"category","embeddable":true,"href":"https:\/\/gazdasagportal.hu\/index.php\/wp-json\/wp\/v2\/categories?post=69374"},{"taxonomy":"post_tag","embeddable":true,"href":"https:\/\/gazdasagportal.hu\/index.php\/wp-json\/wp\/v2\/tags?post=69374"}],"curies":[{"name":"wp","href":"https:\/\/api.w.org\/{rel}","templated":true}]}}