{"id":69368,"date":"2015-10-22T16:40:13","date_gmt":"2015-10-22T14:40:13","guid":{"rendered":"http:\/\/gazdasagportal.hu\/?p=69368"},"modified":"2015-10-22T16:40:13","modified_gmt":"2015-10-22T14:40:13","slug":"migransok-szazai-bolyonganak-ausztriaban-a-b67-es-uton","status":"publish","type":"post","link":"https:\/\/gazdasagportal.hu\/index.php\/migransok-szazai-bolyonganak-ausztriaban-a-b67-es-uton\/","title":{"rendered":"Migr\u00e1nsok sz\u00e1zai bolyonganak Ausztri\u00e1ban, a B67-es \u00faton"},"content":{"rendered":"<p><strong>Migr\u00e1nsok sz\u00e1zai bolyonganak Ausztria d\u00e9li r\u00e9sz\u00e9n, a Leibnitzet a szlov\u00e9niai Sentilj v\u00e1rossal is \u00f6sszek\u00f6t\u0151 B67-es \u00faton &#8211; jelentette az osztr\u00e1k sajt\u00f3 cs\u00fct\u00f6rt\u00f6k\u00f6n.<\/strong><!--more--><\/p>\n<div class=\"ads-in-post1\"><div id=\"gazdasagportal.hu_fullbanner_wideboard\"><\/div>\r\n<\/div>\n<p>    Az osztr\u00e1k hat\u00f3s\u00e1gok nem hivatalos becsl\u00e9se szerint Ausztria d\u00e9li hat\u00e1rszakasz\u00e1n l\u00e9v\u0151 Spielfeld \u00e1tkel\u0151n\u00e9l jelenleg 3-4000 migr\u00e1ns tart\u00f3zkodik, a Leibnitzet Sentilj v\u00e1rossal \u00f6sszek\u00f6t\u0151 B67-es \u00faton pedig migr\u00e1nsok sz\u00e1zai bolyonganak.<br \/>\n    Helysz\u00edni besz\u00e1mol\u00f3 szerint a menek\u00fcltek azt mondj\u00e1k, hogy N\u00e9metorsz\u00e1gba akarnak menni, \u00e9s k\u00e9rdezgetik, hogy milyen messze van \u00e9s mennyi id\u0151 alatt \u00e9rhetnek oda. A tolm\u00e1csok pr\u00f3b\u00e1lj\u00e1k nekik angolul elmagyar\u00e1zni, hogy N\u00e9metorsz\u00e1g onnan t\u00f6bb sz\u00e1z kilom\u00e9terre tal\u00e1lhat\u00f3 \u00e9s t\u00f6bb napba vagy ak\u00e1r egy h\u00e9tbe telhet, m\u00edg gyalog el\u00e9rnek od\u00e1ig. Az embereket legal\u00e1bb harminc taxi v\u00e1rta d\u00e9lel\u0151tt, azonban a spielfeldi gy\u0171jt\u0151helyn\u00e9l t\u00f6bb busz is \u00e1llt, hogy elsz\u00e1ll\u00edtsa \u0151ket.<br \/>\n    Az osztr\u00e1k vas\u00fatt\u00e1rsas\u00e1g (\u00d6BB) k\u00f6zl\u00e9se szerint a Sentilj-Spielfeld-Leibnitz vonalon bizonytalan id\u0151re le\u00e1llt a vonatk\u00f6zleked\u00e9s cs\u00fct\u00f6rt\u00f6k d\u00e9lel\u0151tt, mert a menek\u00fcltek a s\u00edneken gyalogolnak. A t\u00e1rsas\u00e1g p\u00f3tl\u00f3buszokat ind\u00edtott.<br \/>\n    Hermann Sch\u00fctzenh\u00f6fer st\u00e1jerorsz\u00e1gi tartom\u00e1nyi vezet\u0151 b\u00edr\u00e1lta a jelenlegi \u00e1llapotokat, \u00e9s hangs\u00falyozta, hogy a hat\u00e1rok biztos\u00edt\u00e1sa az \u00e1llam feladata lenne. Sch\u00fctzenh\u00f6fer elmondta: a tartom\u00e1nyi szervek hetek \u00f3ta mindent pr\u00f3b\u00e1lnak megtenni, azonban az uni\u00f3 k\u00fcls\u0151 hat\u00e1rainak v\u00e9delme \u00e9s a regisztr\u00e1ci\u00f3s pontok, az \u00fagynevezett hot spotok fel\u00e1ll\u00edt\u00e1sa n\u00e9lk\u00fcl nem lesznek urai a helyzetnek. Sch\u00fctzenh\u00f6fer egy\u00fattal tarthatatlannak nevezte a Spielfeldn\u00e9l kialakult helyeztet, \u00e9s Johanna Mikl-Leitner bel\u00fcgyminisztert arra k\u00e9rte, hogy er\u0151s\u00edtse meg a rend\u0151ri jelenl\u00e9tet a r\u00e9gi\u00f3ban, amire a t\u00e1rcavezet\u0151t\u0151l \u00edg\u00e9retet is kapott.<br \/>\n    A st\u00e1jerorsz\u00e1gi rend\u0151rs\u00e9g sz\u00f3viv\u0151je elmondta: \u00faj befogad\u00f3z\u00f3n\u00e1kat akarnak l\u00e9trehozni, ezzel is elker\u00fclve azt, hogy a (mened\u00e9kk\u00e9r\u0151ket N\u00e9metorsz\u00e1gba sz\u00e1ll\u00edt\u00f3) buszokra \u00f6tven helyett h\u00e1romsz\u00e1z ember pr\u00f3b\u00e1ljon meg felsz\u00e1llni. Fritz Grundnig egy\u00fattal a lakoss\u00e1got is pr\u00f3b\u00e1lta megnyugtatni, hangs\u00falyozva, nincs h\u00edr arr\u00f3l, hogy b\u0171n\u00f6z\u0151k lenn\u00e9nek a menek\u00fcltek k\u00f6z\u00f6tt, hiszen a boltokban mindent kifizettek, \u00e9s lop\u00e1sokr\u00f3l m\u00e9g nem \u00e9rkezett bejelent\u00e9s.<br \/>\n    Johanna Mikl-Leitner bel\u00fcgyminiszter a Kronen Zeitung c\u00edm\u0171 osztr\u00e1k lapban cs\u00fct\u00f6rt\u00f6k\u00f6n megjelent nyilatkozat\u00e1ban \u00fagy v\u00e9lte, k\u00e9tezer emberrel kell megemelni a rend\u0151ri \u00e1llom\u00e1nyt. A politikus hozz\u00e1tette: hetek \u00f3ta tart\u00f3 kem\u00e9ny munka ut\u00e1n az osztr\u00e1k rend\u0151rs\u00e9g teljes\u00edt\u0151k\u00e9pess\u00e9ge hat\u00e1r\u00e1ra jutott, \u00e9s az \u00e1llom\u00e1nyn\u00f6vel\u00e9sre az\u00e9rt van sz\u00fcks\u00e9g, hogy garant\u00e1lni tudj\u00e1k az orsz\u00e1g biztons\u00e1g\u00e1t. Mikl-Leitner arr\u00f3l is besz\u00e9lt, hogy a helyzet j\u00f6v\u0151re s\u00falyosbodni fog, a hat\u00f3s\u00e1goknak \u00faj kih\u00edv\u00e1sokkal kell szemben\u00e9zni\u00fck.<br \/>\n    A lap id\u00e9zett egy rend\u0151ri vezet\u0151t, aki szerint jelenleg 28 ezer rend\u0151r teljes\u00edt szolg\u00e1latot Ausztri\u00e1ban, szeptemberben a rend\u0151r\u00f6k 420 ezer munka\u00f3r\u00e1t dolgoztak, ennek csaknem a fele t\u00fal\u00f3ra volt.<br \/>\n    A kancell\u00e1riahivatal cs\u00fct\u00f6rt\u00f6k\u00f6n kiadott k\u00f6zlem\u00e9ny\u00e9ben t\u00e1mogatta a rend\u0151rs\u00e9gi \u00e1llom\u00e1ny n\u00f6vel\u00e9s\u00e9re vonatkoz\u00f3 bel\u00fcgyminiszteri javaslatot. Az illet\u00e9kes \u00e1llamtitk\u00e1r eml\u00e9keztetett: id\u00e9n m\u00e1r 250 emberrel emelt\u00e9k a szolg\u00e1latot teljes\u00edt\u0151k sz\u00e1m\u00e1t, 2016 \u00e9s 2018 k\u00f6z\u00f6tt tov\u00e1bbi 250 munkat\u00e1rs felv\u00e9tel\u00e9t ir\u00e1nyozt\u00e1k el\u0151. T\u00e1j\u00e9koztat\u00e1sa szerint \u00f6sszesen csaknem h\u00e1romsz\u00e1z emberrel emelik tov\u00e1bb\u00e1 a menek\u00fclt\u00fcgyi hivatal dolgoz\u00f3inak sz\u00e1m\u00e1t is.(MTI)<\/p>\n","protected":false},"excerpt":{"rendered":"<p>Migr\u00e1nsok sz\u00e1zai bolyonganak Ausztria d\u00e9li r\u00e9sz\u00e9n, a Leibnitzet a szlov\u00e9niai Sentilj v\u00e1rossal is \u00f6sszek\u00f6t\u0151 B67-es \u00faton &#8211; jelentette az osztr\u00e1k sajt\u00f3 cs\u00fct\u00f6rt\u00f6k\u00f6n.<\/p>\n","protected":false},"author":1,"featured_media":0,"comment_status":"open","ping_status":"closed","sticky":false,"template":"","format":"standard","meta":[],"categories":[12],"tags":[],"_links":{"self":[{"href":"https:\/\/gazdasagportal.hu\/index.php\/wp-json\/wp\/v2\/posts\/69368"}],"collection":[{"href":"https:\/\/gazdasagportal.hu\/index.php\/wp-json\/wp\/v2\/posts"}],"about":[{"href":"https:\/\/gazdasagportal.hu\/index.php\/wp-json\/wp\/v2\/types\/post"}],"author":[{"embeddable":true,"href":"https:\/\/gazdasagportal.hu\/index.php\/wp-json\/wp\/v2\/users\/1"}],"replies":[{"embeddable":true,"href":"https:\/\/gazdasagportal.hu\/index.php\/wp-json\/wp\/v2\/comments?post=69368"}],"version-history":[{"count":1,"href":"https:\/\/gazdasagportal.hu\/index.php\/wp-json\/wp\/v2\/posts\/69368\/revisions"}],"predecessor-version":[{"id":69369,"href":"https:\/\/gazdasagportal.hu\/index.php\/wp-json\/wp\/v2\/posts\/69368\/revisions\/69369"}],"wp:attachment":[{"href":"https:\/\/gazdasagportal.hu\/index.php\/wp-json\/wp\/v2\/media?parent=69368"}],"wp:term":[{"taxonomy":"category","embeddable":true,"href":"https:\/\/gazdasagportal.hu\/index.php\/wp-json\/wp\/v2\/categories?post=69368"},{"taxonomy":"post_tag","embeddable":true,"href":"https:\/\/gazdasagportal.hu\/index.php\/wp-json\/wp\/v2\/tags?post=69368"}],"curies":[{"name":"wp","href":"https:\/\/api.w.org\/{rel}","templated":true}]}}