{"id":69364,"date":"2015-10-22T15:38:56","date_gmt":"2015-10-22T13:38:56","guid":{"rendered":"http:\/\/gazdasagportal.hu\/?p=69364"},"modified":"2015-10-22T15:38:56","modified_gmt":"2015-10-22T13:38:56","slug":"jobban-no-a-gazdasag-a-vartnal-a-horvat-nemzeti-bank-szerint","status":"publish","type":"post","link":"https:\/\/gazdasagportal.hu\/index.php\/jobban-no-a-gazdasag-a-vartnal-a-horvat-nemzeti-bank-szerint\/","title":{"rendered":"Jobban n\u0151 a gazdas\u00e1g a v\u00e1rtn\u00e1l a horv\u00e1t nemzeti bank szerint"},"content":{"rendered":"<p><strong>A horv\u00e1t nemzeti bank 0,5 sz\u00e1zal\u00e9kr\u00f3l 1,2 sz\u00e1zal\u00e9kra jav\u00edtotta gazdas\u00e1gi n\u00f6veked\u00e9si el\u0151rejelz\u00e9s\u00e9t 2015-ben, j\u00f6v\u0151re pedig 1,5 sz\u00e1zal\u00e9kos n\u00f6veked\u00e9st j\u00f3sol.<\/strong><br \/>\n<div class=\"ads-in-post1\"><div id=\"gazdasagportal.hu_fullbanner_wideboard\"><\/div>\r\n<\/div>\n<p>    Boris Vujcic jegybankeln\u00f6k cs\u00fct\u00f6rt\u00f6k\u00f6n egy Rovinjban tartott f\u00f3rumon kijelentette: a javul\u00e1s legink\u00e1bb az export n\u00f6veked\u00e9s\u00e9nek \u00e9s a kiv\u00e1l\u00f3 turisztikai szezonnak k\u00f6sz\u00f6nhet\u0151.<br \/>\n    &#8222;Hat \u00e9v recesszi\u00f3 ut\u00e1n a horv\u00e1t gazdas\u00e1g v\u00e9gre javul&#8221; &#8211; fogalmazott a jegybank eln\u00f6ke, hozz\u00e1t\u00e9ve, hogy n\u0151tt a brutt\u00f3 hazai term\u00e9k (GDP), a fogyaszt\u00e1s \u00e9s foglalkoztatottak sz\u00e1ma is, de k\u00fclf\u00f6ld\u00f6n m\u00e9g mindig kock\u00e1zatos orsz\u00e1gnak tartj\u00e1k Horv\u00e1torsz\u00e1got, ami\u00e9rt t\u00fal magas az \u00e1llamad\u00f3s\u00e1g, \u00e9s gyeng\u00e9k a n\u00f6veked\u00e9si kil\u00e1t\u00e1sok.<br \/>\n    A probl\u00e9ma szerinte a defl\u00e1ci\u00f3ban keresend\u0151, ennek oka pedig az energiahordoz\u00f3k, k\u00f6zt\u00fck az olaj \u00e1r\u00e1nak cs\u00f6kken\u00e9se. Vucic \u00fagy v\u00e9li: j\u00f6v\u0151re felgyorsul az infl\u00e1ci\u00f3, amely \u00e1tlagban el\u00e9ri majd az 1,1 sz\u00e1zal\u00e9kot.<br \/>\n    A jegybank eln\u00f6ke szerint a legnagyobb gazdas\u00e1gi kock\u00e1zatot tov\u00e1bbra is az \u00e1llamad\u00f3s\u00e1g jelenti, amely 2008-\u00f3ta meg\u00e1ll\u00e1s n\u00e9lk\u00fcl n\u0151. &#8222;Emiatt komoly reformokat kellene bevezetni az orsz\u00e1gban, amelyek jobb \u00fczleti k\u00f6rnyezetet teremtenek, ugyanis fontos a k\u00fclf\u00f6ldi t\u0151ke bevon\u00e1sa&#8221; &#8211; hangs\u00falyozta.<br \/>\n    A reformok bevezet\u00e9s\u00e9hez ak\u00e1r t\u00edz \u00e9vre is sz\u00fcks\u00e9g lehet, ami sokkal hosszabb id\u0151, mint amennyiben a politikusok egy-egy v\u00e1laszt\u00e1si ciklus alatt gondolkodni tudnak &#8211; sz\u00f6gezte le.<br \/>\n    November 8-\u00e1n Horv\u00e1torsz\u00e1gban parlamenti v\u00e1laszt\u00e1sok lesznek.<br \/>\n    A most lek\u00f6sz\u00f6n\u0151 szoci\u00e1ldemokrata korm\u00e1ny 2011-es v\u00e1laszt\u00e1si kamp\u00e1ny\u00e1ban gazdas\u00e1gi fellend\u00fcl\u00e9st \u00edg\u00e9rt az orsz\u00e1gnak, amelyet 2008 \u00f3ta v\u00e1ls\u00e1g s\u00fajtott, \u00e9s amely az\u00f3ta is az Eur\u00f3pai Uni\u00f3 szeg\u00e9nyebb orsz\u00e1gai k\u00f6z\u00e9 tartozik, \u00e9s a k\u00fcl\u00f6nb\u00f6z\u0151 gazdas\u00e1gi mutat\u00f3k alapj\u00e1n a legt\u00f6bb EU-ranglista v\u00e9g\u00e9n szerepel.<br \/>\n    Horv\u00e1torsz\u00e1g az id\u00e9n hivatalosan kil\u00e1balt a recesszi\u00f3b\u00f3l. A legt\u00f6bb programj\u00e1t azonban nem siker\u00fclt megval\u00f3s\u00edtania a korm\u00e1nynak. N\u00e9gy \u00e9v alatt ugyanis sz\u00e1mos reform bevezet\u00e9s\u00e9t\u0151l \u00e1llt el, ugyan\u00fagy, mint legnagyobb projektjeit\u0151l: az aut\u00f3p\u00e1lya-kezel\u0151 v\u00e1llalat koncesszi\u00f3j\u00e1t\u00f3l vagy az adriai olaj- \u00e9s g\u00e1zlel\u0151helyek felt\u00e1r\u00e1s\u00e1t\u00f3l, \u00e9s ek\u00f6zben n\u0151tt az \u00e1llamad\u00f3ss\u00e1g.<br \/>\n    A szoci\u00e1ldemokrat\u00e1k legnagyobb kih\u00edv\u00f3ja a jobbk\u00f6z\u00e9p Horv\u00e1t Demokratikus K\u00f6z\u00f6ss\u00e9g (HDZ). Gazdas\u00e1gi elemz\u0151k szerint mindk\u00e9t p\u00e1rt tele van \u00edg\u00e9retekkel, mik\u00f6zben a sz\u00fcks\u00e9ges reformok bevezet\u00e9s\u00e9r\u0151l egyik sem besz\u00e9l.(MTI)<\/p>\n","protected":false},"excerpt":{"rendered":"<p>A horv\u00e1t nemzeti bank 0,5 sz\u00e1zal\u00e9kr\u00f3l 1,2 sz\u00e1zal\u00e9kra jav\u00edtotta gazdas\u00e1gi n\u00f6veked\u00e9si el\u0151rejelz\u00e9s\u00e9t 2015-ben, j\u00f6v\u0151re pedig 1,5 sz\u00e1zal\u00e9kos n\u00f6veked\u00e9st j\u00f3sol. Boris Vujcic jegybankeln\u00f6k cs\u00fct\u00f6rt\u00f6k\u00f6n egy Rovinjban tartott f\u00f3rumon kijelentette: a javul\u00e1s legink\u00e1bb az export n\u00f6veked\u00e9s\u00e9nek \u00e9s a kiv\u00e1l\u00f3 turisztikai szezonnak k\u00f6sz\u00f6nhet\u0151. &#8222;Hat \u00e9v recesszi\u00f3 ut\u00e1n a horv\u00e1t gazdas\u00e1g v\u00e9gre javul&#8221; &#8211; fogalmazott a jegybank eln\u00f6ke, hozz\u00e1t\u00e9ve, &#8230;<\/p>\n","protected":false},"author":1,"featured_media":0,"comment_status":"open","ping_status":"closed","sticky":false,"template":"","format":"standard","meta":[],"categories":[246],"tags":[],"_links":{"self":[{"href":"https:\/\/gazdasagportal.hu\/index.php\/wp-json\/wp\/v2\/posts\/69364"}],"collection":[{"href":"https:\/\/gazdasagportal.hu\/index.php\/wp-json\/wp\/v2\/posts"}],"about":[{"href":"https:\/\/gazdasagportal.hu\/index.php\/wp-json\/wp\/v2\/types\/post"}],"author":[{"embeddable":true,"href":"https:\/\/gazdasagportal.hu\/index.php\/wp-json\/wp\/v2\/users\/1"}],"replies":[{"embeddable":true,"href":"https:\/\/gazdasagportal.hu\/index.php\/wp-json\/wp\/v2\/comments?post=69364"}],"version-history":[{"count":1,"href":"https:\/\/gazdasagportal.hu\/index.php\/wp-json\/wp\/v2\/posts\/69364\/revisions"}],"predecessor-version":[{"id":69365,"href":"https:\/\/gazdasagportal.hu\/index.php\/wp-json\/wp\/v2\/posts\/69364\/revisions\/69365"}],"wp:attachment":[{"href":"https:\/\/gazdasagportal.hu\/index.php\/wp-json\/wp\/v2\/media?parent=69364"}],"wp:term":[{"taxonomy":"category","embeddable":true,"href":"https:\/\/gazdasagportal.hu\/index.php\/wp-json\/wp\/v2\/categories?post=69364"},{"taxonomy":"post_tag","embeddable":true,"href":"https:\/\/gazdasagportal.hu\/index.php\/wp-json\/wp\/v2\/tags?post=69364"}],"curies":[{"name":"wp","href":"https:\/\/api.w.org\/{rel}","templated":true}]}}