{"id":69356,"date":"2015-10-22T13:20:33","date_gmt":"2015-10-22T11:20:33","guid":{"rendered":"http:\/\/gazdasagportal.hu\/?p=69356"},"modified":"2015-10-22T13:20:33","modified_gmt":"2015-10-22T11:20:33","slug":"az-imf-szerint-a-roman-allamhaztartasi-hiany-2016-ban-es-2017-ben-tullepi-a-javallott-szintet","status":"publish","type":"post","link":"https:\/\/gazdasagportal.hu\/index.php\/az-imf-szerint-a-roman-allamhaztartasi-hiany-2016-ban-es-2017-ben-tullepi-a-javallott-szintet\/","title":{"rendered":"Az IMF szerint a rom\u00e1n \u00e1llamh\u00e1ztart\u00e1si hi\u00e1ny 2016-ban \u00e9s 2017-ben t\u00fall\u00e9pi a javallott szintet"},"content":{"rendered":"<p><strong>A Nemzetk\u00f6zi Valutaalap (IMF) becsl\u00e9se szerint a rom\u00e1n \u00e1llamh\u00e1ztart\u00e1si hi\u00e1ny 2016-ban mintegy 3 sz\u00e1zal\u00e9k lesz, 2017-ben enn\u00e9l nagyobb, s \u00edgy meghaladja az \u00e1ltala javasolt GDP-ar\u00e1nyos 1,5 sz\u00e1zal\u00e9kot &#8211; der\u00fclt ki cs\u00fct\u00f6rt\u00f6k\u00f6n az IMF bukaresti k\u00fcld\u00f6tts\u00e9g\u00e9nek k\u00f6zlem\u00e9ny\u00e9b\u0151l.<\/strong><!--more--><\/p>\n<div class=\"ads-in-post1\"><div id=\"gazdasagportal.hu_fullbanner_wideboard\"><\/div>\r\n<\/div>\n<p>    Andrea Schaechter, az IMF bukaresti k\u00fcld\u00f6tts\u00e9g\u00e9nek vezet\u0151je \u00e1ltal jegyzett, cs\u00fct\u00f6rt\u00f6k\u00f6n a sajt\u00f3nak kiadott k\u00f6zlem\u00e9ny szerint az \u00e1llamh\u00e1ztart\u00e1si hi\u00e1ny a korm\u00e1ny \u00e1ltal meghirdetett b\u00e9remel\u00e9si \u00e9s ad\u00f3cs\u00f6kkent\u00e9si int\u00e9zked\u00e9sek miatt n\u0151 v\u00e1rhat\u00f3an az eml\u00edtett szintre. Az IMF szerint a korm\u00e1ny csak akkor tudja cs\u00f6kkenteni a deficitet, ha id\u0151k\u00f6zben, eddig meg nem jel\u00f6lt m\u00e1s forr\u00e1sokat tal\u00e1l, vagy nem k\u00f6lti el a k\u00f6zberuh\u00e1z\u00e1sokra sz\u00e1nt p\u00e9nzt.<br \/>\n    Az IMF meg\u00e1llap\u00edtotta, az idei k\u00f6lts\u00e9gvet\u00e9s \u00fagy van megtervezve, hogy a rom\u00e1n korm\u00e1ny tudja tartani a tervezett GDP-ar\u00e1nyos 1,9 sz\u00e1zal\u00e9kos \u00e1llamh\u00e1ztart\u00e1si hi\u00e1nyt.<br \/>\n    A washingtoni p\u00e9nzint\u00e9zet szerint nem lett volna sz\u00fcks\u00e9g az ad\u00f3cs\u00f6kkent\u00e9sre az idei 3,4 sz\u00e1zal\u00e9kos v\u00e1rhat\u00f3 gazdas\u00e1gi n\u00f6veked\u00e9s mellett, ugyanis az \u00e1llamh\u00e1ztart\u00e1si hi\u00e1ny n\u00f6veked\u00e9s\u00e9vel az \u00e1llamad\u00f3ss\u00e1g is emelkedni fog.<br \/>\n    Meg\u00e1llap\u00edtott\u00e1k: Rom\u00e1ni\u00e1nak az elm\u00falt id\u0151szakban jelent\u0151sen javultak a makrogazdas\u00e1gi mutat\u00f3i, de ezeket meg kell \u00f3vni, f\u0151k\u00e9nt az\u00e9rt, mert bizonytalan, hogyan n\u0151 a vil\u00e1g fejl\u0151d\u0151 orsz\u00e1gainak gazdas\u00e1ga.<br \/>\n    A p\u00e9nzint\u00e9zet szerint Rom\u00e1ni\u00e1nak meg kell \u0151riznie az ad\u00f3fegyelmet, \u00e9s ism\u00e9t k\u00f6telezetts\u00e9get kell v\u00e1llalnia a m\u00e1r kor\u00e1bban meg\u00edg\u00e9rt szerkezeti reformok v\u00e9grehajt\u00e1s\u00e1ra, f\u0151k\u00e9nt az \u00e1llami sz\u00e1ll\u00edt\u00e1si \u00e9s energiatermel\u0151 v\u00e1llalatok eset\u00e9ben. A k\u00f6zleked\u00e9si infrastrukt\u00fara jav\u00edt\u00e1sa is fontos a tart\u00f3s gazdas\u00e1gi n\u00f6veked\u00e9s biztos\u00edt\u00e1sa \u00e9rdek\u00e9ben &#8211; olvashat\u00f3 a k\u00f6zlem\u00e9nyben.<br \/>\n    Victor Ponta rom\u00e1n minisztereln\u00f6k cs\u00fct\u00f6rt\u00f6k\u00f6n egy k\u00f6z\u00f6ss\u00e9gi oldalon reag\u00e1lt az IMF k\u00f6zlem\u00e9ny\u00e9re. K\u00f6z\u00f6lte, hogy a felek nem \u00e9rtenek egyet a j\u00f6v\u0151 \u00e9vi \u00e1llamh\u00e1ztart\u00e1si hi\u00e1nyr\u00f3l, amelyet az IMF 2,9 sz\u00e1zal\u00e9kra, a rom\u00e1n korm\u00e1ny 2,5 sz\u00e1zal\u00e9kra becs\u00fcl. Ponta szerint ez a hi\u00e1ny azonban mindenk\u00e9ppen az Eur\u00f3pai Bizotts\u00e1g \u00e1ltal enged\u00e9lyezett 3 sz\u00e1zal\u00e9k alatt van, \u00e9s p\u00e9ldak\u00e9nt eml\u00edtette Spanyolorsz\u00e1got, amely nemr\u00e9g &#8222;j\u00f3val 3 sz\u00e1zal\u00e9k feletti&#8221; \u00e1llamh\u00e1ztart\u00e1si hi\u00e1nyt tartalmaz\u00f3 k\u00f6lts\u00e9gvet\u00e9st fogadott el 2016-ra.<br \/>\n    Ponta szerint az IMF nem \u00e9rt egyet a 9 sz\u00e1zal\u00e9kos kedvezm\u00e9nyes \u00e1ltal\u00e1nos forgalmi ad\u00f3nak (\u00e1fa) az \u00e9lelmiszerekre val\u00f3 kiterjeszt\u00e9s\u00e9vel, amit a korm\u00e1ny a ny\u00e1ron vezetett be. Emellett az \u00e1ltal\u00e1nos \u00e1fakulcs 20 sz\u00e1zal\u00e9kra cs\u00f6kkent\u00e9s\u00e9t is ellenzik a jelenlegi 24 sz\u00e1zal\u00e9kr\u00f3l, ami janu\u00e1rt\u00f3l l\u00e9p hat\u00e1lyba, valamint az eg\u00e9szs\u00e9g\u00fcgyben \u00e9s az oktat\u00e1sban dolgoz\u00f3k 25 sz\u00e1zal\u00e9kos b\u00e9remel\u00e9s\u00e9t is kifog\u00e1solj\u00e1k.<br \/>\n    A korm\u00e1nyf\u0151 szerint, ha az IMF kedv\u00e9re tenn\u00e9nek, akkor az \u00e1llamh\u00e1ztart\u00e1si hi\u00e1ny 1 sz\u00e1zal\u00e9kra cs\u00f6kkene, de ezzel szerinte Rom\u00e1nia visszaker\u00fclne a 2010-es szintre, amikor a nemzetk\u00f6zi gazdas\u00e1gi v\u00e1ls\u00e1g miatt Rom\u00e1ni\u00e1ban megszor\u00edt\u00f3 int\u00e9zked\u00e9seket vezettek be.<br \/>\n    Lesz\u00f6gezte, hogy szerinte a b\u00e9remel\u00e9si \u00e9s ad\u00f3cs\u00f6kkent\u00e9si int\u00e9zked\u00e9sek sz\u00fcks\u00e9gesek \u00e9s fenntarthat\u00f3k, \u00e9s csak \u00edgy \u0151rizheti meg Rom\u00e1nia gazdas\u00e1gi n\u00f6veked\u00e9s\u00e9nek jelenlegi \u00fctem\u00e9t, \u00edgy hozhat\u00f3k l\u00e9tre \u00faj munkahelyek, n\u00f6velhet\u0151 az export \u00e9s a k\u00fclf\u00f6ldi beruh\u00e1z\u00e1sok m\u00e9rt\u00e9ke.<br \/>\n    Az IMF bukaresti k\u00fcld\u00f6tts\u00e9ge egyhetes fel\u00fclvizsg\u00e1lati l\u00e1togat\u00e1son tart\u00f3zkodott Rom\u00e1ni\u00e1ban, miut\u00e1n szeptember v\u00e9g\u00e9n lej\u00e1rt a sorozatban harmadik hitelszerz\u0151d\u00e9s. Ez ut\u00f3bbit Rom\u00e1nia nem z\u00e1rta le sikeresen a felek k\u00f6z\u00f6tti n\u00e9zetelt\u00e9r\u00e9sek miatt.<br \/>\n    A legut\u00f3bbi k\u00e9t el\u0151vigy\u00e1zatoss\u00e1gi t\u00edpus\u00fa hitelkeretb\u0151l Rom\u00e1nia nem haszn\u00e1lt fel p\u00e9nzt, de a rom\u00e1n hat\u00f3s\u00e1gok \u00f3vatoss\u00e1gb\u00f3l sz\u00fcks\u00e9gesnek tartan\u00e1k egy \u00fajabb rugalmas hitel megk\u00f6t\u00e9s\u00e9t a washingtoni p\u00e9nzint\u00e9zettel, aminek megk\u00f6t\u00e9se egyre k\u00e9rd\u00e9sesebb a fenn\u00e1ll\u00f3 n\u00e9zetelt\u00e9r\u00e9sek miatt.(MTI)<\/p>\n","protected":false},"excerpt":{"rendered":"<p>A Nemzetk\u00f6zi Valutaalap (IMF) becsl\u00e9se szerint a rom\u00e1n \u00e1llamh\u00e1ztart\u00e1si hi\u00e1ny 2016-ban mintegy 3 sz\u00e1zal\u00e9k lesz, 2017-ben enn\u00e9l nagyobb, s \u00edgy meghaladja az \u00e1ltala javasolt GDP-ar\u00e1nyos 1,5 sz\u00e1zal\u00e9kot &#8211; der\u00fclt ki cs\u00fct\u00f6rt\u00f6k\u00f6n az IMF bukaresti k\u00fcld\u00f6tts\u00e9g\u00e9nek k\u00f6zlem\u00e9ny\u00e9b\u0151l.<\/p>\n","protected":false},"author":1,"featured_media":0,"comment_status":"open","ping_status":"closed","sticky":false,"template":"","format":"standard","meta":[],"categories":[246],"tags":[],"_links":{"self":[{"href":"https:\/\/gazdasagportal.hu\/index.php\/wp-json\/wp\/v2\/posts\/69356"}],"collection":[{"href":"https:\/\/gazdasagportal.hu\/index.php\/wp-json\/wp\/v2\/posts"}],"about":[{"href":"https:\/\/gazdasagportal.hu\/index.php\/wp-json\/wp\/v2\/types\/post"}],"author":[{"embeddable":true,"href":"https:\/\/gazdasagportal.hu\/index.php\/wp-json\/wp\/v2\/users\/1"}],"replies":[{"embeddable":true,"href":"https:\/\/gazdasagportal.hu\/index.php\/wp-json\/wp\/v2\/comments?post=69356"}],"version-history":[{"count":1,"href":"https:\/\/gazdasagportal.hu\/index.php\/wp-json\/wp\/v2\/posts\/69356\/revisions"}],"predecessor-version":[{"id":69357,"href":"https:\/\/gazdasagportal.hu\/index.php\/wp-json\/wp\/v2\/posts\/69356\/revisions\/69357"}],"wp:attachment":[{"href":"https:\/\/gazdasagportal.hu\/index.php\/wp-json\/wp\/v2\/media?parent=69356"}],"wp:term":[{"taxonomy":"category","embeddable":true,"href":"https:\/\/gazdasagportal.hu\/index.php\/wp-json\/wp\/v2\/categories?post=69356"},{"taxonomy":"post_tag","embeddable":true,"href":"https:\/\/gazdasagportal.hu\/index.php\/wp-json\/wp\/v2\/tags?post=69356"}],"curies":[{"name":"wp","href":"https:\/\/api.w.org\/{rel}","templated":true}]}}