{"id":69352,"date":"2015-10-22T11:44:45","date_gmt":"2015-10-22T09:44:45","guid":{"rendered":"http:\/\/gazdasagportal.hu\/?p=69352"},"modified":"2015-10-22T11:44:45","modified_gmt":"2015-10-22T09:44:45","slug":"vasarnapi-pihenonap-az-nvi-elnoke-elutasitotta-mindket-nepszavazasi-kerdest","status":"publish","type":"post","link":"https:\/\/gazdasagportal.hu\/index.php\/vasarnapi-pihenonap-az-nvi-elnoke-elutasitotta-mindket-nepszavazasi-kerdest\/","title":{"rendered":"Vas\u00e1rnapi pihen\u0151nap &#8211; Az NVI eln\u00f6ke elutas\u00edtotta mindk\u00e9t n\u00e9pszavaz\u00e1si k\u00e9rd\u00e9st"},"content":{"rendered":"<p><strong>Elutas\u00edtotta \u00e9s nem terjeszti a Nemzeti V\u00e1laszt\u00e1si Bizotts\u00e1g (NVB) el\u00e9 a Nemzeti V\u00e1laszt\u00e1si Iroda (NVI) eln\u00f6ke a vas\u00e1rnapi pihen\u0151nappal kapcsolatban beny\u00fajtott k\u00e9t n\u00e9pszavaz\u00e1si k\u00e9rd\u00e9s al\u00e1\u00edr\u00e1sgy\u0171jt\u0151 \u00edv\u00e9t, mivel azok nem feleltnek meg az el\u0151\u00edr\u00e1soknak &#8211; der\u00fcl ki az NVI eln\u00f6k\u00e9nek cs\u00fct\u00f6rt\u00f6ki hat\u00e1rozataib\u00f3l.<\/strong><!--more--><\/p>\n<div class=\"ads-in-post1\"><div id=\"gazdasagportal.hu_fullbanner_wideboard\"><\/div>\r\n<\/div>\n<p>    A K\u00faria kedden az NVB hat\u00e1rozatait helybenhagyva elutas\u00edtotta azokat a fel\u00fclvizsg\u00e1lati k\u00e9relmeket, amelyeket a vas\u00e1rnapi munkav\u00e9gz\u00e9s tilalm\u00e1ra vonatkoz\u00f3 n\u00e9pszavaz\u00e1si al\u00e1\u00edr\u00e1sgy\u0171jt\u0151 \u00edvek hiteles\u00edt\u00e9se \u00e9rdek\u00e9ben ny\u00fajtottak be. Ezut\u00e1n ny\u00edlt meg a lehet\u0151s\u00e9g \u00faj kezdem\u00e9nyez\u00e9sek beny\u00fajt\u00e1s\u00e1ra a t\u00e9m\u00e1ban, ezzel kedden ketten \u00e9ltek is.<br \/>\n    Az els\u0151k\u00e9nt \u00e9rkezett k\u00e9rd\u00e9s Simonn\u00e9 Gercs\u00e9nyi Gabriella mag\u00e1nszem\u00e9ly\u00e9, a m\u00e1sodik Harangoz\u00f3 Tam\u00e1s\u00e9, az MSZP frakci\u00f3vezet\u0151-helyettes\u00e9\u00e9, aki mag\u00e1nszem\u00e9lyk\u00e9nt ny\u00fajtott be kezdem\u00e9nyez\u00e9st.<br \/>\n    Simonn\u00e9 Gercs\u00e9nyi Gabriella k\u00e9rd\u00e9se \u00fagy sz\u00f3lt: &#8222;Egyet\u00e9rt-e \u00d6n azzal, hogy a kiskereskedelmi \u00fczletek vas\u00e1rnap z\u00e1rva tarthassanak?&#8221;<br \/>\n    Az NVI eln\u00f6k\u00e9nek a beny\u00fajt\u00e1s ut\u00e1n \u00f6t napja van arra, hogy formai szempontb\u00f3l megvizsg\u00e1lja a k\u00e9rd\u00e9st, \u00e9s ha az megfelel a jogszab\u00e1lyi el\u0151\u00edr\u00e1soknak, akkor azt az NVB el\u00e9 terjessze. P\u00e1lffy Ilona a formai vizsg\u00e1latot k\u00f6vet\u0151en az\u00e9rt utas\u00edtotta el ezt a kezdem\u00e9nyez\u00e9st, mert ahhoz nem volt beny\u00fajtva \u00fcres al\u00e1\u00edr\u00e1sgy\u0171jt\u0151 \u00edv, ez pedig elengedhetetlen felt\u00e9tele az \u00e9rv\u00e9nyes beny\u00fajt\u00e1snak.<br \/>\n    Harangoz\u00f3 Tam\u00e1s azt a k\u00e9rd\u00e9st ny\u00fajtotta be: &#8222;Egyet\u00e9rt-e \u00d6n azzal, hogy az Orsz\u00e1ggy\u0171l\u00e9s semmis\u00edtse meg a kiskereskedelmi szektorban t\u00f6rt\u00e9n\u0151 vas\u00e1rnapi munkav\u00e9gz\u00e9s tilalm\u00e1r\u00f3l sz\u00f3l\u00f3 2014. \u00e9vi CII. t\u00f6rv\u00e9nyt?&#8221;<br \/>\n    Az NVI eln\u00f6ke ezt a beadv\u00e1nyt is megvizsg\u00e1lta, \u00e9s a &#8222;p\u00e1rhuzamoss\u00e1gi morat\u00f3riumra&#8221; hivatkozva utas\u00edtotta el. A n\u00e9pszavaz\u00e1sr\u00f3l sz\u00f3l\u00f3 t\u00f6rv\u00e9ny szerint ugyanis egy k\u00e9rd\u00e9s beny\u00fajt\u00e1sa ut\u00e1n m\u00e1r nem ny\u00fajthat\u00f3 be azonos t\u00e1rgy\u00fa k\u00e9rd\u00e9s az el\u0151bbi hiteles\u00edt\u00e9s\u00e9t megtagad\u00f3 d\u00f6nt\u00e9s joger\u0151re emelked\u00e9s\u00e9ig, m\u00e1rpedig Harangoz\u00f3 Tam\u00e1s k\u00e9rd\u00e9s\u00e9t az NVI sz\u00e9kh\u00e1z\u00e1ban elhelyezett id\u0151b\u00e9lyegz\u0151 adatai szerint f\u00e9l perccel &#8222;megel\u0151zte&#8221; Simonn\u00e9 Gercs\u00e9nyi Gabriella azonos t\u00e9m\u00e1j\u00fa k\u00e9rd\u00e9se.<br \/>\n    A hat\u00e1rozatok ellen jogorvoslatnak nincs helye, de a szervez\u0151k a k\u00e9rd\u00e9st 15 napon bel\u00fcl ism\u00e9telten beny\u00fajthatj\u00e1k. Az ism\u00e9telten beny\u00fajtott k\u00e9rd\u00e9s hiteles\u00edt\u00e9s\u00e9t a Nemzeti V\u00e1laszt\u00e1si Bizotts\u00e1g napirendj\u00e9re kell t\u0171zni.(MTI)<\/p>\n","protected":false},"excerpt":{"rendered":"<p>Elutas\u00edtotta \u00e9s nem terjeszti a Nemzeti V\u00e1laszt\u00e1si Bizotts\u00e1g (NVB) el\u00e9 a Nemzeti V\u00e1laszt\u00e1si Iroda (NVI) eln\u00f6ke a vas\u00e1rnapi pihen\u0151nappal kapcsolatban beny\u00fajtott k\u00e9t n\u00e9pszavaz\u00e1si k\u00e9rd\u00e9s al\u00e1\u00edr\u00e1sgy\u0171jt\u0151 \u00edv\u00e9t, mivel azok nem feleltnek meg az el\u0151\u00edr\u00e1soknak &#8211; der\u00fcl ki az NVI eln\u00f6k\u00e9nek cs\u00fct\u00f6rt\u00f6ki hat\u00e1rozataib\u00f3l.<\/p>\n","protected":false},"author":1,"featured_media":0,"comment_status":"open","ping_status":"closed","sticky":false,"template":"","format":"standard","meta":[],"categories":[4],"tags":[],"_links":{"self":[{"href":"https:\/\/gazdasagportal.hu\/index.php\/wp-json\/wp\/v2\/posts\/69352"}],"collection":[{"href":"https:\/\/gazdasagportal.hu\/index.php\/wp-json\/wp\/v2\/posts"}],"about":[{"href":"https:\/\/gazdasagportal.hu\/index.php\/wp-json\/wp\/v2\/types\/post"}],"author":[{"embeddable":true,"href":"https:\/\/gazdasagportal.hu\/index.php\/wp-json\/wp\/v2\/users\/1"}],"replies":[{"embeddable":true,"href":"https:\/\/gazdasagportal.hu\/index.php\/wp-json\/wp\/v2\/comments?post=69352"}],"version-history":[{"count":1,"href":"https:\/\/gazdasagportal.hu\/index.php\/wp-json\/wp\/v2\/posts\/69352\/revisions"}],"predecessor-version":[{"id":69353,"href":"https:\/\/gazdasagportal.hu\/index.php\/wp-json\/wp\/v2\/posts\/69352\/revisions\/69353"}],"wp:attachment":[{"href":"https:\/\/gazdasagportal.hu\/index.php\/wp-json\/wp\/v2\/media?parent=69352"}],"wp:term":[{"taxonomy":"category","embeddable":true,"href":"https:\/\/gazdasagportal.hu\/index.php\/wp-json\/wp\/v2\/categories?post=69352"},{"taxonomy":"post_tag","embeddable":true,"href":"https:\/\/gazdasagportal.hu\/index.php\/wp-json\/wp\/v2\/tags?post=69352"}],"curies":[{"name":"wp","href":"https:\/\/api.w.org\/{rel}","templated":true}]}}