{"id":69338,"date":"2015-10-22T07:56:20","date_gmt":"2015-10-22T05:56:20","guid":{"rendered":"http:\/\/gazdasagportal.hu\/?p=69338"},"modified":"2015-10-22T07:17:30","modified_gmt":"2015-10-22T05:17:30","slug":"mol-ina-ugy-ugyvedje-szerint-semmilyen-eljaras-nem-indulhat-hernadi-zsolt-ellen-vesztegetes-ugyeben","status":"publish","type":"post","link":"https:\/\/gazdasagportal.hu\/index.php\/mol-ina-ugy-ugyvedje-szerint-semmilyen-eljaras-nem-indulhat-hernadi-zsolt-ellen-vesztegetes-ugyeben\/","title":{"rendered":"Mol-INA \u00fcgy &#8211; \u00dcgyv\u00e9dje szerint semmilyen elj\u00e1r\u00e1s nem indulhat Hern\u00e1di Zsolt ellen veszteget\u00e9s \u00fcgy\u00e9ben"},"content":{"rendered":"<p><strong>Ha egyszer egy \u00fcgyet, egy t\u00e9ny\u00e1ll\u00e1s alapj\u00e1n, egy hat\u00f3s\u00e1g elb\u00edr\u00e1lt, ugyanazon t\u00e9ny\u00e1ll\u00e1s alapj\u00e1n &#8211; \u00edgy p\u00e9ld\u00e1ul Hern\u00e1di Zsolt nemzetk\u00f6zi veszteget\u00e9s \u00fcgy\u00e9ben &#8211; nem lehet elj\u00e1r\u00e1st ind\u00edtani &#8211; mondta a Mol eln\u00f6k-vez\u00e9rigazgat\u00f3j\u00e1nak \u00fcgyv\u00e9dje az MTI-nek.<\/strong><!--more--><\/p>\n<div class=\"ads-in-post1\"><div id=\"gazdasagportal.hu_fullbanner_wideboard\"><\/div>\r\n<\/div>\n<p>    Zamecsnik P\u00e9ter kifejtette: a F\u0151v\u00e1rosi T\u00f6rv\u00e9nysz\u00e9k els\u0151 fokon csal\u00e1s \u00e9s h\u0171tlen kezel\u00e9s al\u00f3l felmentette Hern\u00e1di Zsoltot, a nemzetk\u00f6zi kapcsolatban elk\u00f6vetett veszteget\u00e9s miatt indult elj\u00e1r\u00e1st pedig megsz\u00fcntette. Az elj\u00e1r\u00e1s p\u00f3tmag\u00e1nv\u00e1d alapj\u00e1n zajlott, amit a Mol egyik r\u00e9szv\u00e9nyese &#8211; aki kor\u00e1bban alkalmazottja is volt a t\u00e1rsas\u00e1gnak &#8211; azt k\u00f6vet\u0151en ind\u00edtott, hogy a K\u00f6zponti Nyomoz\u00f3 F\u0151\u00fcgy\u00e9szs\u00e9g elutas\u00edtotta a feljelent\u00e9s\u00e9t, amit a Legf\u0151bb \u00dcgy\u00e9szs\u00e9g is j\u00f3v\u00e1hagyott.<br \/>\n    A F\u0151v\u00e1rosi \u00cdt\u00e9l\u0151t\u00e1bla m\u00e1sodfok\u00fa \u00edt\u00e9let\u00e9ben \u00fagy fogalmazott, hogy elj\u00e1r\u00e1sjogilag a p\u00f3tmag\u00e1nv\u00e1dra nem lett volna lehet\u0151s\u00e9g, mivel csak olyan b\u0171ncselekm\u00e9nyn\u00e9l van helye p\u00f3tmag\u00e1nv\u00e1dnak, amikor k\u00f6zvetlen\u00fcl \u00e9rv\u00e9nyes\u00fcl a s\u00e9rtettn\u00e9l bek\u00f6vetkezett k\u00e1r vagy s\u00e9relem. Ez\u00e9rt az elj\u00e1r\u00e1st megsz\u00fcntett\u00e9k &#8211; tette hozz\u00e1.<br \/>\n    2011 november\u00e9ben ebben az \u00fcgyben a K\u00f6zponti Nyomoz\u00f3 F\u0151\u00fcgy\u00e9szs\u00e9g r\u00e9szletesen meghallgatta Hern\u00e1di Zsoltot, dokumentumokat csatoltak be, \u00e9s 2012 janu\u00e1rj\u00e1ban a magyar \u00fcgy\u00e9szs\u00e9g azzal sz\u00fcntette meg az elj\u00e1r\u00e1st, hogy b\u0171ncselekm\u00e9ny nem t\u00f6rt\u00e9nt.<br \/>\n    2013-ban a magyar b\u00edr\u00f3s\u00e1g is \u00e1ll\u00e1sfoglalt az \u00fcgyben, megtagadta Hern\u00e1di Zsolt, a Mol Nyrt. eln\u00f6k-vez\u00e9rigazgat\u00f3j\u00e1nak \u00fcgy\u00e9ben a horv\u00e1t \u00fcgy\u00e9szs\u00e9g \u00e1ltal kibocs\u00e1tott eur\u00f3pai elfogat\u00f3parancs v\u00e9grehajt\u00e1s\u00e1t, mivel \u00e1ll\u00e1spontja szerint az elfogat\u00f3parancsot ugyanabban az \u00fcgyben adt\u00e1k ki, amely miatt kor\u00e1bban m\u00e1r a magyar \u00fcgy\u00e9szs\u00e9g is vizsg\u00e1l\u00f3dott, \u00e9s b\u0171ncselekm\u00e9ny hi\u00e1ny\u00e1ban az elj\u00e1r\u00e1st megsz\u00fcntette.<br \/>\n    Teh\u00e1t Hern\u00e1di Zsolt nemzetk\u00f6zi veszteget\u00e9ssel kapcsolatos \u00fcgy\u00e9ben m\u00e1r t\u00f6bbsz\u00f6r, t\u00f6bb hat\u00f3s\u00e1g is \u00e1ll\u00e1st foglalt &#8211; hangs\u00falyozta a jogi k\u00e9pvisel\u0151.<br \/>\n    Megjegyezte, hogy a horv\u00e1t b\u00edr\u00f3s\u00e1g munk\u00e1j\u00e1t min\u0151s\u00edti Ivo Sanader \u00fcgy\u00e9ben hozott alkotm\u00e1nyb\u00edr\u00f3s\u00e1gi d\u00f6nt\u00e9s, amely hat\u00e1lyon k\u00edv\u00fcl helyezte az els\u0151 \u00e9s m\u00e1sodfok\u00fa horv\u00e1t b\u00edr\u00f3s\u00e1g d\u00f6nt\u00e9s\u00e9t, mivel eur\u00f3pai norm\u00e1kat \u00e9s alap jogelveket s\u00e9rtettek, amelyek megengedhetetlenek.<br \/>\n    Emellett a Hern\u00e1di Zsolt elleni elj\u00e1r\u00e1sban t\u00f6bb h\u00f3napja nem tud arra v\u00e1laszolni a horv\u00e1t b\u00edr\u00f3s\u00e1g, hogy a gyan\u00fas\u00edtottnak joga van-e megkapni magyarul a nyomozati iratokat \u00e9s az \u0151t terhel\u0151 bizony\u00edt\u00e9kokat, pedig minden \u00e1llampolg\u00e1rnak joga van a saj\u00e1t anyanyelv\u00e9n megismerni az \u0151t \u00e9rint\u0151 b\u00fcntet\u0151 elj\u00e1r\u00e1s fontos dokumentumait &#8211; emelte ki Hern\u00e1di Zsolt \u00fcgyv\u00e9dje.(MTI)<\/p>\n","protected":false},"excerpt":{"rendered":"<p>Ha egyszer egy \u00fcgyet, egy t\u00e9ny\u00e1ll\u00e1s alapj\u00e1n, egy hat\u00f3s\u00e1g elb\u00edr\u00e1lt, ugyanazon t\u00e9ny\u00e1ll\u00e1s alapj\u00e1n &#8211; \u00edgy p\u00e9ld\u00e1ul Hern\u00e1di Zsolt nemzetk\u00f6zi veszteget\u00e9s \u00fcgy\u00e9ben &#8211; nem lehet elj\u00e1r\u00e1st ind\u00edtani &#8211; mondta a Mol eln\u00f6k-vez\u00e9rigazgat\u00f3j\u00e1nak \u00fcgyv\u00e9dje az MTI-nek.<\/p>\n","protected":false},"author":1,"featured_media":0,"comment_status":"open","ping_status":"closed","sticky":false,"template":"","format":"standard","meta":[],"categories":[19,140],"tags":[],"_links":{"self":[{"href":"https:\/\/gazdasagportal.hu\/index.php\/wp-json\/wp\/v2\/posts\/69338"}],"collection":[{"href":"https:\/\/gazdasagportal.hu\/index.php\/wp-json\/wp\/v2\/posts"}],"about":[{"href":"https:\/\/gazdasagportal.hu\/index.php\/wp-json\/wp\/v2\/types\/post"}],"author":[{"embeddable":true,"href":"https:\/\/gazdasagportal.hu\/index.php\/wp-json\/wp\/v2\/users\/1"}],"replies":[{"embeddable":true,"href":"https:\/\/gazdasagportal.hu\/index.php\/wp-json\/wp\/v2\/comments?post=69338"}],"version-history":[{"count":1,"href":"https:\/\/gazdasagportal.hu\/index.php\/wp-json\/wp\/v2\/posts\/69338\/revisions"}],"predecessor-version":[{"id":69339,"href":"https:\/\/gazdasagportal.hu\/index.php\/wp-json\/wp\/v2\/posts\/69338\/revisions\/69339"}],"wp:attachment":[{"href":"https:\/\/gazdasagportal.hu\/index.php\/wp-json\/wp\/v2\/media?parent=69338"}],"wp:term":[{"taxonomy":"category","embeddable":true,"href":"https:\/\/gazdasagportal.hu\/index.php\/wp-json\/wp\/v2\/categories?post=69338"},{"taxonomy":"post_tag","embeddable":true,"href":"https:\/\/gazdasagportal.hu\/index.php\/wp-json\/wp\/v2\/tags?post=69338"}],"curies":[{"name":"wp","href":"https:\/\/api.w.org\/{rel}","templated":true}]}}