{"id":69316,"date":"2015-10-21T14:44:27","date_gmt":"2015-10-21T12:44:27","guid":{"rendered":"http:\/\/gazdasagportal.hu\/?p=69316"},"modified":"2015-10-21T14:44:27","modified_gmt":"2015-10-21T12:44:27","slug":"uber-tobb-mint-600-ezer-utazas-a-mobilalkalmazas-segitsegevel-budapesten","status":"publish","type":"post","link":"https:\/\/gazdasagportal.hu\/index.php\/uber-tobb-mint-600-ezer-utazas-a-mobilalkalmazas-segitsegevel-budapesten\/","title":{"rendered":"Uber: t\u00f6bb mint 600 ezer utaz\u00e1s a mobilalkalmaz\u00e1s seg\u00edts\u00e9g\u00e9vel Budapesten"},"content":{"rendered":"<p><strong>Tavaly novemberi indul\u00e1sa \u00f3ta Budapesten t\u00f6bb mint 600 ezer utaz\u00e1st tettek meg az utaz\u00e1smegoszt\u00f3 szolg\u00e1ltat\u00e1s seg\u00edts\u00e9g\u00e9vel, a magyar f\u0151v\u00e1ros fejl\u0151d\u00e9se a felhaszn\u00e1l\u00f3k sz\u00e1m\u00e1nak gyors n\u00f6veked\u00e9se \u00e9s az aut\u00f3s partnerek k\u00f6r\u00e9nek b\u0151v\u00fcl\u00e9se szempontj\u00e1b\u00f3l is egyed\u00fcl\u00e1ll\u00f3 &#8211; k\u00f6z\u00f6lte az Uber az MTI-vel szerd\u00e1n.<\/strong><!--more--><\/p>\n<div class=\"ads-in-post1\"><div id=\"gazdasagportal.hu_fullbanner_wideboard\"><\/div>\r\n<\/div>\n<p>    T\u00e1j\u00e9koztat\u00e1suk szerint ezer aut\u00f3s partner \u00e9s 55 ezer utas regisztr\u00e1lt az Uber platformj\u00e1n Budapesten.<br \/>\n    A budapesti Uber-utaz\u00e1sok 30 sz\u00e1zal\u00e9ka metr\u00f3\u00e1llom\u00e1s k\u00f6zel\u00e9ben kezd\u0151dik vagy v\u00e9gz\u0151dik. Ez a felhaszn\u00e1l\u00e1si m\u00f3d hasonl\u00edt az aut\u00f3sok\u00e9ra, akik j\u00e1rm\u0171v\u00fcket a metr\u00f3\u00e1llom\u00e1sokn\u00e1l kialak\u00edtott P+R parkol\u00f3kban hagyj\u00e1k, \u00e9s a belv\u00e1rosba k\u00f6z\u00f6ss\u00e9gi k\u00f6zleked\u00e9ssel utaznak &#8211; h\u00edvta fel a figyelmet a technol\u00f3giai v\u00e1llalat.<br \/>\n    A f\u0151v\u00e1ros bels\u0151 \u00e9s k\u00fcls\u0151 ker\u00fcleteiben egyar\u00e1nt stabil a kereslet az utaz\u00e1sok ir\u00e1nt.<br \/>\n    Budapest az \u00e1tlagos \u00e9rkez\u00e9si id\u0151t tekintve sem marad el a vil\u00e1g t\u00f6bbi Uber-v\u00e1ros\u00e1nak \u00e1tlag\u00e1t\u00f3l. Az Uber indul\u00e1sa \u00f3ta a becs\u00fclt \u00e9rkez\u00e9si id\u0151 10 percr\u0151l 5 perc al\u00e1 cs\u00f6kkent, Budapesten ez a sz\u00e1m \u00e1tlagosan 4,5 perc &#8211; k\u00f6z\u00f6lt\u00e9k.<br \/>\n    A mobilalkalmaz\u00e1st jelenleg 61 orsz\u00e1gban, 330 v\u00e1rosban, naponta t\u00f6bb milli\u00f3 utaz\u00e1sn\u00e1l haszn\u00e1lj\u00e1k &#8211; \u00e1ll a t\u00e1j\u00e9koztat\u00e1sban.<br \/>\n    Az Uber k\u00f6z\u00f6ss\u00e9gi utaz\u00e1smegoszt\u00f3 szolg\u00e1ltat\u00e1s. A rendszerhez csatlakoz\u00f3 aut\u00f3sok \u00e9s utasok az okostelefonra let\u00f6lthet\u0151 alkalmaz\u00e1son kereszt\u00fcl tal\u00e1lhatnak egym\u00e1sra, \u00e9s a viteld\u00edj rendez\u00e9se is a rendszeren kereszt\u00fcl t\u00f6rt\u00e9nik.(MTI)<\/p>\n","protected":false},"excerpt":{"rendered":"<p>Tavaly novemberi indul\u00e1sa \u00f3ta Budapesten t\u00f6bb mint 600 ezer utaz\u00e1st tettek meg az utaz\u00e1smegoszt\u00f3 szolg\u00e1ltat\u00e1s seg\u00edts\u00e9g\u00e9vel, a magyar f\u0151v\u00e1ros fejl\u0151d\u00e9se a felhaszn\u00e1l\u00f3k sz\u00e1m\u00e1nak gyors n\u00f6veked\u00e9se \u00e9s az aut\u00f3s partnerek k\u00f6r\u00e9nek b\u0151v\u00fcl\u00e9se szempontj\u00e1b\u00f3l is egyed\u00fcl\u00e1ll\u00f3 &#8211; k\u00f6z\u00f6lte az Uber az MTI-vel szerd\u00e1n.<\/p>\n","protected":false},"author":1,"featured_media":0,"comment_status":"open","ping_status":"closed","sticky":false,"template":"","format":"standard","meta":[],"categories":[19],"tags":[],"_links":{"self":[{"href":"https:\/\/gazdasagportal.hu\/index.php\/wp-json\/wp\/v2\/posts\/69316"}],"collection":[{"href":"https:\/\/gazdasagportal.hu\/index.php\/wp-json\/wp\/v2\/posts"}],"about":[{"href":"https:\/\/gazdasagportal.hu\/index.php\/wp-json\/wp\/v2\/types\/post"}],"author":[{"embeddable":true,"href":"https:\/\/gazdasagportal.hu\/index.php\/wp-json\/wp\/v2\/users\/1"}],"replies":[{"embeddable":true,"href":"https:\/\/gazdasagportal.hu\/index.php\/wp-json\/wp\/v2\/comments?post=69316"}],"version-history":[{"count":1,"href":"https:\/\/gazdasagportal.hu\/index.php\/wp-json\/wp\/v2\/posts\/69316\/revisions"}],"predecessor-version":[{"id":69317,"href":"https:\/\/gazdasagportal.hu\/index.php\/wp-json\/wp\/v2\/posts\/69316\/revisions\/69317"}],"wp:attachment":[{"href":"https:\/\/gazdasagportal.hu\/index.php\/wp-json\/wp\/v2\/media?parent=69316"}],"wp:term":[{"taxonomy":"category","embeddable":true,"href":"https:\/\/gazdasagportal.hu\/index.php\/wp-json\/wp\/v2\/categories?post=69316"},{"taxonomy":"post_tag","embeddable":true,"href":"https:\/\/gazdasagportal.hu\/index.php\/wp-json\/wp\/v2\/tags?post=69316"}],"curies":[{"name":"wp","href":"https:\/\/api.w.org\/{rel}","templated":true}]}}