{"id":69148,"date":"2015-10-17T02:09:08","date_gmt":"2015-10-17T00:09:08","guid":{"rendered":"http:\/\/gazdasagportal.hu\/?p=69148"},"modified":"2015-10-16T21:18:34","modified_gmt":"2015-10-16T19:18:34","slug":"illegalis-bevandorlas-a-dk-eliteli-a-hatarzarat","status":"publish","type":"post","link":"https:\/\/gazdasagportal.hu\/index.php\/illegalis-bevandorlas-a-dk-eliteli-a-hatarzarat\/","title":{"rendered":"Illeg\u00e1lis bev\u00e1ndorl\u00e1s &#8211; A DK el\u00edt\u00e9li a hat\u00e1rz\u00e1rat"},"content":{"rendered":"<p><strong>A szerb hat\u00e1ron fel\u00e9p\u00edtett ker\u00edt\u00e9shez hasonl\u00f3an az imm\u00e1r az EU-n bel\u00fclre, a horv\u00e1t-magyar hat\u00e1rra tervezett teljes hat\u00e1rz\u00e1r \u00f6tlet\u00e9t is el\u00edt\u00e9li a Demokratikus Koal\u00edci\u00f3 (DK) &#8211; k\u00f6z\u00f6lte az ellenz\u00e9ki p\u00e1rt p\u00e9nteken az MTI-vel.<\/strong><!--more--><\/p>\n<div class=\"ads-in-post1\"><div id=\"gazdasagportal.hu_fullbanner_wideboard\"><\/div>\r\n<\/div>\n<p>    A DK eml\u00e9keztetett Ferenc p\u00e1pa k\u00e9t, az eur\u00f3pai migr\u00e1ci\u00f3val kapcsolatban elhangzott gondolat\u00e1ra. Az egyik szerint &#8222;el\u0151bb-ut\u00f3bb minden fal leomlik&#8221;, a m\u00e1sik szerint &#8222;a falak sohasem jelentenek megold\u00e1st, a hidak \u00e9p\u00edt\u00e9se viszont igen&#8221;.<br \/>\n    Szijj\u00e1rt\u00f3 P\u00e9ter k\u00fclgazdas\u00e1gi \u00e9s k\u00fcl\u00fcgyminiszter p\u00e9nteken sajt\u00f3t\u00e1j\u00e9koztat\u00f3n jelentette be, hogy \u00e9jf\u00e9lt\u0151l Magyarorsz\u00e1g lez\u00e1rja a magyar-horv\u00e1t z\u00f6ldhat\u00e1rt. K\u00f6z\u00f6lte: a hat\u00e1r\u00e1tkel\u0151helyek &#8211; szigor\u00edtott ellen\u0151rz\u00e9ssel &#8211; tov\u00e1bbra is m\u0171k\u00f6dnek a magyar-horv\u00e1t hat\u00e1ron.(MTI)<\/p>\n","protected":false},"excerpt":{"rendered":"<p>A szerb hat\u00e1ron fel\u00e9p\u00edtett ker\u00edt\u00e9shez hasonl\u00f3an az imm\u00e1r az EU-n bel\u00fclre, a horv\u00e1t-magyar hat\u00e1rra tervezett teljes hat\u00e1rz\u00e1r \u00f6tlet\u00e9t is el\u00edt\u00e9li a Demokratikus Koal\u00edci\u00f3 (DK) &#8211; k\u00f6z\u00f6lte az ellenz\u00e9ki p\u00e1rt p\u00e9nteken az MTI-vel.<\/p>\n","protected":false},"author":1,"featured_media":0,"comment_status":"open","ping_status":"closed","sticky":false,"template":"","format":"standard","meta":[],"categories":[4,18],"tags":[],"_links":{"self":[{"href":"https:\/\/gazdasagportal.hu\/index.php\/wp-json\/wp\/v2\/posts\/69148"}],"collection":[{"href":"https:\/\/gazdasagportal.hu\/index.php\/wp-json\/wp\/v2\/posts"}],"about":[{"href":"https:\/\/gazdasagportal.hu\/index.php\/wp-json\/wp\/v2\/types\/post"}],"author":[{"embeddable":true,"href":"https:\/\/gazdasagportal.hu\/index.php\/wp-json\/wp\/v2\/users\/1"}],"replies":[{"embeddable":true,"href":"https:\/\/gazdasagportal.hu\/index.php\/wp-json\/wp\/v2\/comments?post=69148"}],"version-history":[{"count":1,"href":"https:\/\/gazdasagportal.hu\/index.php\/wp-json\/wp\/v2\/posts\/69148\/revisions"}],"predecessor-version":[{"id":69149,"href":"https:\/\/gazdasagportal.hu\/index.php\/wp-json\/wp\/v2\/posts\/69148\/revisions\/69149"}],"wp:attachment":[{"href":"https:\/\/gazdasagportal.hu\/index.php\/wp-json\/wp\/v2\/media?parent=69148"}],"wp:term":[{"taxonomy":"category","embeddable":true,"href":"https:\/\/gazdasagportal.hu\/index.php\/wp-json\/wp\/v2\/categories?post=69148"},{"taxonomy":"post_tag","embeddable":true,"href":"https:\/\/gazdasagportal.hu\/index.php\/wp-json\/wp\/v2\/tags?post=69148"}],"curies":[{"name":"wp","href":"https:\/\/api.w.org\/{rel}","templated":true}]}}