{"id":69146,"date":"2015-10-17T04:04:31","date_gmt":"2015-10-17T02:04:31","guid":{"rendered":"http:\/\/gazdasagportal.hu\/?p=69146"},"modified":"2015-10-16T20:34:21","modified_gmt":"2015-10-16T18:34:21","slug":"forgalomkorlatozasok-lesznek-a-hetvegen-budapest-tobb-pontjan","status":"publish","type":"post","link":"https:\/\/gazdasagportal.hu\/index.php\/forgalomkorlatozasok-lesznek-a-hetvegen-budapest-tobb-pontjan\/","title":{"rendered":"Forgalomkorl\u00e1toz\u00e1sok lesznek a h\u00e9tv\u00e9g\u00e9n Budapest t\u00f6bb pontj\u00e1n"},"content":{"rendered":"<p><strong>Budapest t\u00f6bb pontj\u00e1n is forgalomkorl\u00e1toz\u00e1sokra, \u00e9s ezzel egy\u00fctt a k\u00f6z\u00f6ss\u00e9gi k\u00f6zleked\u00e9s menetrendj\u00e9nek v\u00e1ltoz\u00e1s\u00e1ra kell k\u00e9sz\u00fclni a h\u00e9tv\u00e9g\u00e9n.<\/strong><!--more--><\/p>\n<div class=\"ads-in-post1\"><div id=\"gazdasagportal.hu_fullbanner_wideboard\"><\/div>\r\n<\/div>\n<p>    A Budapesti K\u00f6zleked\u00e9si K\u00f6zpont (BKK) p\u00e9nteki, MTI-hez eljuttatott k\u00f6zlem\u00e9nye szerint szombat d\u00e9lben vonul\u00e1sos demonstr\u00e1ci\u00f3t tartanak a M\u00e1ty\u00e1s t\u00e9r-Dank\u00f3 utca-Magdolna utca-Sz\u0171z utca-Baross utca-Rig\u00f3 utca-J\u00f3zsef utca-Kr\u00fady Gyula utca-Miksz\u00e1th K\u00e1lm\u00e1n t\u00e9r-Szentkir\u00e1lyi utca-Br\u00f3dy S\u00e1ndor utca-Pollack Mih\u00e1ly t\u00e9r \u00fatvonalon, illetve 14 \u00e9s 15 \u00f3ra k\u00f6z\u00f6tt a Mad\u00e1ch t\u00e9r-K\u00e1roly k\u00f6r\u00fat-Astoria-R\u00e1k\u00f3czi \u00fat-Luther utca-II. J\u00e1nos P\u00e1l p\u00e1pa t\u00e9r \u00fatvonalon.<br \/>\n    A kor\u00e1bbiakt\u00f3l elt\u00e9r\u0151en a h\u00e9tv\u00e9g\u00e9n nem lesz v\u00e1g\u00e1nyz\u00e1r az 5-\u00f6s (szentendrei) H\u00c9V vonal\u00e1n a Batthy\u00e1ny t\u00e9r \u00e9s B\u00e9k\u00e1smegyer k\u00f6z\u00f6tt, de az Aquincum meg\u00e1ll\u00f3j\u00e1nak B\u00e9k\u00e1smegyer\/Szentendre ir\u00e1ny\u00fa peronja lez\u00e1rva marad, a szerelv\u00e9nyek itt nem \u00e1llnak meg.<br \/>\n    Szombaton a Sibrik Mikl\u00f3s \u00fati fel\u00fclj\u00e1r\u00f3n aszfaltoz\u00e1si munk\u00e1kat v\u00e9geznek, emiatt csak k\u00e9tszer egy s\u00e1von lehet haladni, vas\u00e1rnap pedig a h\u00edd pr\u00f3baterhel\u00e9s\u00e9t tartj\u00e1k reggel 5 \u00f3r\u00e1t\u00f3l h\u00e9tf\u0151 reggel f\u00e9l n\u00e9gyig, ez\u00e9rt a hidat teljesen lez\u00e1rj\u00e1k. A 68-as, a 85-\u00f6s, a 98-as, a 151-es, a 202E, a 909-es \u00e9s a 968-as aut\u00f3busz az els\u0151 j\u00e1rat indul\u00e1s\u00e1t\u00f3l m\u00f3dos\u00edtott \u00fatvonalon sz\u00e1ll\u00edtja az utasokat.<br \/>\n    A h\u00e9tv\u00e9g\u00e9n z\u00e1rva lesz a Margit h\u00edd budai h\u00eddf\u0151j\u00e9nek \u00c1rp\u00e1d fejedelem \u00fatja fel\u00e9 vezet\u0151 lehajt\u00f3ja a budai fon\u00f3d\u00f3 villamosh\u00e1l\u00f3zat v\u00e1g\u00e1ny\u00e9p\u00edt\u00e9si munk\u00e1i miatt. Erre az id\u0151szakra ideiglenesen k\u00e9tir\u00e1ny\u00fas\u00edtj\u00e1k a T\u00f6r\u00f6k utc\u00e1t, ez\u00e1ltal az aut\u00f3sok a Margit k\u00f6r\u00fat-T\u00f6r\u00f6k utca-\u00dcst\u00f6k\u00f6s utca-Margit h\u00eddi lehajt\u00f3 ker\u00fcl\u0151utat haszn\u00e1lhatj\u00e1k. Az \u00d3buda, illetve B\u00e9k\u00e1smegyer fel\u00e9 k\u00f6zleked\u0151 9-es, 26-os, 923-as \u00e9s 934-es busz az aut\u00f3soknak is javasolt terel\u0151\u00faton k\u00f6zlekedik.(MTI)<\/p>\n","protected":false},"excerpt":{"rendered":"<p>Budapest t\u00f6bb pontj\u00e1n is forgalomkorl\u00e1toz\u00e1sokra, \u00e9s ezzel egy\u00fctt a k\u00f6z\u00f6ss\u00e9gi k\u00f6zleked\u00e9s menetrendj\u00e9nek v\u00e1ltoz\u00e1s\u00e1ra kell k\u00e9sz\u00fclni a h\u00e9tv\u00e9g\u00e9n.<\/p>\n","protected":false},"author":1,"featured_media":0,"comment_status":"open","ping_status":"closed","sticky":false,"template":"","format":"standard","meta":[],"categories":[4],"tags":[],"_links":{"self":[{"href":"https:\/\/gazdasagportal.hu\/index.php\/wp-json\/wp\/v2\/posts\/69146"}],"collection":[{"href":"https:\/\/gazdasagportal.hu\/index.php\/wp-json\/wp\/v2\/posts"}],"about":[{"href":"https:\/\/gazdasagportal.hu\/index.php\/wp-json\/wp\/v2\/types\/post"}],"author":[{"embeddable":true,"href":"https:\/\/gazdasagportal.hu\/index.php\/wp-json\/wp\/v2\/users\/1"}],"replies":[{"embeddable":true,"href":"https:\/\/gazdasagportal.hu\/index.php\/wp-json\/wp\/v2\/comments?post=69146"}],"version-history":[{"count":1,"href":"https:\/\/gazdasagportal.hu\/index.php\/wp-json\/wp\/v2\/posts\/69146\/revisions"}],"predecessor-version":[{"id":69147,"href":"https:\/\/gazdasagportal.hu\/index.php\/wp-json\/wp\/v2\/posts\/69146\/revisions\/69147"}],"wp:attachment":[{"href":"https:\/\/gazdasagportal.hu\/index.php\/wp-json\/wp\/v2\/media?parent=69146"}],"wp:term":[{"taxonomy":"category","embeddable":true,"href":"https:\/\/gazdasagportal.hu\/index.php\/wp-json\/wp\/v2\/categories?post=69146"},{"taxonomy":"post_tag","embeddable":true,"href":"https:\/\/gazdasagportal.hu\/index.php\/wp-json\/wp\/v2\/tags?post=69146"}],"curies":[{"name":"wp","href":"https:\/\/api.w.org\/{rel}","templated":true}]}}