{"id":69144,"date":"2015-10-17T03:26:14","date_gmt":"2015-10-17T01:26:14","guid":{"rendered":"http:\/\/gazdasagportal.hu\/?p=69144"},"modified":"2015-10-16T20:27:32","modified_gmt":"2015-10-16T18:27:32","slug":"illegalis-bevandorlas-a-cdu-tobbsege-kiall-merkel-mellett","status":"publish","type":"post","link":"https:\/\/gazdasagportal.hu\/index.php\/illegalis-bevandorlas-a-cdu-tobbsege-kiall-merkel-mellett\/","title":{"rendered":"Illeg\u00e1lis bev\u00e1ndorl\u00e1s &#8211; A CDU t\u00f6bbs\u00e9ge ki\u00e1ll Merkel mellett"},"content":{"rendered":"<p><strong>A N\u00e9met Kereszt\u00e9nydemokrata Uni\u00f3 (CDU) t\u00f6bbs\u00e9ge ki\u00e1ll Angela Merkel p\u00e1rteln\u00f6k-kancell\u00e1r mellett, a n\u00e9met hat\u00e1rok pedig nincsenek nyitva &#8211; mondta Peter Altmaier n\u00e9met kancell\u00e1riaminiszter, a korm\u00e1ny menek\u00fclt\u00fcgyi koordin\u00e1tora egy p\u00e9nteki interj\u00faban. Ugyancsak p\u00e9nteken a Der Spiegel c\u00edm\u0171 h\u00edrmagazin azt \u00edrta, hogy 409 ezer mened\u00e9kk\u00e9r\u0151 \u00e9rkezett N\u00e9metorsz\u00e1gba a Magyarorsz\u00e1gr\u00f3l elindult mened\u00e9kk\u00e9r\u0151k beenged\u00e9s\u00e9r\u0151l szeptember 5-\u00e9re virrad\u00f3ra hozott d\u00f6nt\u00e9s \u00f3ta.<\/strong><!--more--><\/p>\n<div class=\"ads-in-post1\"><div id=\"gazdasagportal.hu_fullbanner_wideboard\"><\/div>\r\n<\/div>\n<p>    Peter Altmaier a Deutschlandfunk orsz\u00e1gos k\u00f6zszolg\u00e1lati r\u00e1di\u00f3ban sug\u00e1rzott interj\u00faban elmondta, hogy csaknem 40 \u00e9ve tagja a CDU-nak, \u00e9s eddigi tapasztalatai alapj\u00e1n nem t\u0171nik \u00fagy sz\u00e1m\u00e1ra, hogy a menek\u00fcltv\u00e1ls\u00e1g &#8222;f\u00f6lkavart&#8221; \u00e1llapotot id\u00e9zett volna el\u0151 a p\u00e1rtban. Hozz\u00e1tette, hogy &#8222;\u00e9les vit\u00e1k&#8221; ugyan zajlanak, de ez &#8222;egy ilyen t\u00e9m\u00e1ban norm\u00e1lis&#8221;.<br \/>\n    R\u00e1mutatott, hogy a konzervat\u00edv n\u00e9pp\u00e1rtban kor\u00e1bban is gyakran voltak vit\u00e1k a helyes politikai vonalvezet\u00e9sr\u0151l, \u00e9s felid\u00e9zte, hogy ny\u00e1ron a g\u00f6r\u00f6g ad\u00f3ss\u00e1gv\u00e1ls\u00e1g kezel\u00e9s\u00e9t szolg\u00e1l\u00f3 harmadik ment\u0151csomag \u00fcgy\u00e9ben a t\u00f6rv\u00e9nyhoz\u00e1s als\u00f3h\u00e1z\u00e1ban (Bundestag) csaknem hetvenen szavaztak a korm\u00e1ny ellen a CDU\/CSU p\u00e1rtsz\u00f6vets\u00e9g \u00e9s a koal\u00edci\u00f3s partner, a szoci\u00e1ldemokrata p\u00e1rt (SPD) k\u00e9pvisel\u0151i k\u00f6z\u00fcl.<br \/>\n    A korm\u00e1ny ennek ellen\u00e9re kitartott \u00e1ll\u00e1spontja mellett, amelyet a p\u00e1rt t\u00f6bbs\u00e9ge is t\u00e1mogatott &#8211; mondta az Angela Merkel bizalmas\u00e1nak sz\u00e1m\u00edt\u00f3 politikus. Hangs\u00falyozta, hogy meggy\u0151z\u0151d\u00e9se szerint a CDU t\u00f6bbs\u00e9ge a menek\u00fcltv\u00e1ls\u00e1g \u00fcgy\u00e9ben is kitart a kancell\u00e1r mellett.<br \/>\n    Peter Altmaier sikerk\u00e9nt \u00e9rt\u00e9kelte a p\u00e9ntek hajnalban v\u00e9get \u00e9rt br\u00fcsszeli uni\u00f3s cs\u00facs eredm\u00e9nyeit. Kiemelte, hogy az uni\u00f3s tagorsz\u00e1gok most el\u0151sz\u00f6r alak\u00edtottak ki k\u00f6z\u00f6s &#8222;t\u00e1rgyal\u00e1si alapot&#8221; a menek\u00fcltv\u00e1ls\u00e1gr\u00f3l T\u00f6r\u00f6korsz\u00e1ggal folytatand\u00f3 t\u00e1rgyal\u00e1sokhoz.<br \/>\n    Most az\u00e9rt kell dolgozni, hogy &#8222;emberhez m\u00e9lt\u00f3 kil\u00e1t\u00e1sok&#8221; ny\u00edljanak a T\u00f6r\u00f6korsz\u00e1gban \u00e9l\u0151 menek\u00fcltek el\u0151tt, \u00e9s ne k\u00e9nyszer\u00fcljenek arra, hogy elinduljanak az Eur\u00f3pai Uni\u00f3ba vezet\u0151 vesz\u00e9lyes \u00faton &#8211; fejtette ki a n\u00e9met kancell\u00e1riaminiszter.<br \/>\n    Arra a felvet\u00e9sre, hogy a k\u00f6vetkez\u0151 id\u0151szak tal\u00e1n ink\u00e1bb arr\u00f3l sz\u00f3lhat majd, hogy nyitva maradhatnak-e a hat\u00e1rok, Peter Altmaier azt mondta: &#8222;nek\u00fcnk nincsenek nyitott hat\u00e1raink&#8221;, &#8222;csak \u00e9ppen Eur\u00f3p\u00e1ban nem lehet ker\u00edt\u00e9seket \u00e9s falakat \u00e9p\u00edteni&#8221;.<br \/>\n    N\u00e9metorsz\u00e1g ellen\u0151rzi hat\u00e1rait, p\u00e9ld\u00e1ul az Ausztri\u00e1val k\u00f6z\u00f6s (bajororsz\u00e1gi) szakaszon &#8211; tette hozz\u00e1 a miniszter. R\u00e1mutatott: Horst Seehofer bajor minisztereln\u00f6k is elutas\u00edtja a hat\u00e1rker\u00edt\u00e9s gondolat\u00e1t, az uni\u00f3s cs\u00facs z\u00e1r\u00f3dokumentum\u00e1ban pedig nincs is sz\u00f3 ker\u00edt\u00e9sekr\u0151l.<br \/>\n    N\u00e9metorsz\u00e1g a &#8222;hat\u00e9kony hat\u00e1rv\u00e9delemben \u00e9rdekelt&#8221;, err\u0151l sz\u00f3l a koal\u00edci\u00f3ban az \u00fagynevezett rep\u00fcl\u0151t\u00e9ri elj\u00e1r\u00e1s kiterjeszt\u00e9s\u00e9r\u0151l &#8211; a tranzitz\u00f3n\u00e1k kialak\u00edt\u00e1s\u00e1r\u00f3l &#8211;  zajl\u00f3 vita is, de &#8222;ha valaki menek\u00fcl, ha valaki bajban van, annak seg\u00edt\u00fcnk \u00e9s nem fogjuk visszautas\u00edtani&#8221; a hat\u00e1rr\u00f3l &#8211; mondta Peter Altmaier.<br \/>\n    K\u00f6zben a Der Spiegel c\u00edm\u0171 hetilap a szombati &#8211; digit\u00e1lis form\u00e1tumban p\u00e9ntek este megjelent &#8211; sz\u00e1m\u00e1ban azt \u00edrta, hogy a Magyarorsz\u00e1gr\u00f3l elindult mened\u00e9kk\u00e9r\u0151k beenged\u00e9s\u00e9r\u0151l szeptember 5-\u00e9re virrad\u00f3ra hozott d\u00f6nt\u00e9s \u00f3ta eltelt 40 nap alatt, okt\u00f3ber 15-\u00e9ig a tartom\u00e1nyok 409 ezer \u00faj mened\u00e9kk\u00e9r\u0151 meg\u00e9rkez\u00e9s\u00e9t jelezt\u00e9k a sz\u00f6vets\u00e9gi bel\u00fcgyminiszt\u00e9riumnak.<br \/>\n    Ilyen sok mened\u00e9kk\u00e9r\u0151 40 nap alatt soha kor\u00e1bban nem \u00e9rkezett N\u00e9metorsz\u00e1gba. Sokhely\u00fctt m\u00e1r az emberek elhelyez\u00e9s\u00e9hez sz\u00fcks\u00e9ges legalapvet\u0151bb dolgokb\u00f3l is hi\u00e1ny van, p\u00e9ld\u00e1ul nincs el\u00e9g t\u00e1bori \u00e1gy, lak\u00f3kont\u00e9ner \u00e9s mobil WC, de n\u00e9met nyelvtan\u00e1r, szoci\u00e1lis munk\u00e1s \u00e9s a mened\u00e9kjogi k\u00e9relmekr\u0151l hozott hat\u00f3s\u00e1gi hat\u00e1rozatok ellen b\u00edr\u00f3s\u00e1gon beny\u00fajtott fellebbez\u00e9sek, jogorvoslati k\u00e9relmek elb\u00edr\u00e1l\u00e1s\u00e1hoz sincs el\u00e9g ember a k\u00f6zigazgat\u00e1si b\u00edr\u00f3s\u00e1gokon &#8211; \u00edrta a Der Spiegel. A lap r\u00e1mutatott, hogy a sz\u00f6vets\u00e9gi bev\u00e1ndorl\u00e1si \u00e9s menek\u00fclt\u00fcgyi hivatal (BAMF) elutas\u00edt\u00f3 hat\u00e1rozatainak nagyj\u00e1b\u00f3l 40 sz\u00e1zal\u00e9k\u00e1t megt\u00e1madj\u00e1k a k\u00e9relmez\u0151k.<br \/>\n    Legink\u00e1bb pedig egy koncepci\u00f3 hi\u00e1nyzik, amely \u00f6sszhangba hozza Angela Merkel k\u00e9t sokat hangoztatott kijelent\u00e9s\u00e9t: a &#8222;siker\u00fclni fog&#8221; bizakod\u00e1s\u00e1t azzal a megl\u00e1t\u00e1ssal, hogy &#8222;nem tudjuk lez\u00e1rni a hat\u00e1rokat&#8221;. Sokaknak ugyanis a befogad\u00e1s \u00faj kult\u00far\u00e1j\u00e1nak m\u00e1sodik h\u00f3napj\u00e1ban vil\u00e1goss\u00e1 v\u00e1lt, hogy N\u00e9metorsz\u00e1g csak akkor tud megbirk\u00f3zni a helyzettel, ha gyorsan cs\u00f6kken\u00e9snek indul az \u00fajonnan \u00e9rkez\u0151 mened\u00e9kk\u00e9r\u0151k sz\u00e1ma &#8211; \u00edrta a Der Spiegel.(MTI)<\/p>\n","protected":false},"excerpt":{"rendered":"<p>A N\u00e9met Kereszt\u00e9nydemokrata Uni\u00f3 (CDU) t\u00f6bbs\u00e9ge ki\u00e1ll Angela Merkel p\u00e1rteln\u00f6k-kancell\u00e1r mellett, a n\u00e9met hat\u00e1rok pedig nincsenek nyitva &#8211; mondta Peter Altmaier n\u00e9met kancell\u00e1riaminiszter, a korm\u00e1ny menek\u00fclt\u00fcgyi koordin\u00e1tora egy p\u00e9nteki interj\u00faban. Ugyancsak p\u00e9nteken a Der Spiegel c\u00edm\u0171 h\u00edrmagazin azt \u00edrta, hogy 409 ezer mened\u00e9kk\u00e9r\u0151 \u00e9rkezett N\u00e9metorsz\u00e1gba a Magyarorsz\u00e1gr\u00f3l elindult mened\u00e9kk\u00e9r\u0151k beenged\u00e9s\u00e9r\u0151l szeptember 5-\u00e9re virrad\u00f3ra hozott d\u00f6nt\u00e9s &#8230;<\/p>\n","protected":false},"author":1,"featured_media":0,"comment_status":"open","ping_status":"closed","sticky":false,"template":"","format":"standard","meta":[],"categories":[12],"tags":[],"_links":{"self":[{"href":"https:\/\/gazdasagportal.hu\/index.php\/wp-json\/wp\/v2\/posts\/69144"}],"collection":[{"href":"https:\/\/gazdasagportal.hu\/index.php\/wp-json\/wp\/v2\/posts"}],"about":[{"href":"https:\/\/gazdasagportal.hu\/index.php\/wp-json\/wp\/v2\/types\/post"}],"author":[{"embeddable":true,"href":"https:\/\/gazdasagportal.hu\/index.php\/wp-json\/wp\/v2\/users\/1"}],"replies":[{"embeddable":true,"href":"https:\/\/gazdasagportal.hu\/index.php\/wp-json\/wp\/v2\/comments?post=69144"}],"version-history":[{"count":1,"href":"https:\/\/gazdasagportal.hu\/index.php\/wp-json\/wp\/v2\/posts\/69144\/revisions"}],"predecessor-version":[{"id":69145,"href":"https:\/\/gazdasagportal.hu\/index.php\/wp-json\/wp\/v2\/posts\/69144\/revisions\/69145"}],"wp:attachment":[{"href":"https:\/\/gazdasagportal.hu\/index.php\/wp-json\/wp\/v2\/media?parent=69144"}],"wp:term":[{"taxonomy":"category","embeddable":true,"href":"https:\/\/gazdasagportal.hu\/index.php\/wp-json\/wp\/v2\/categories?post=69144"},{"taxonomy":"post_tag","embeddable":true,"href":"https:\/\/gazdasagportal.hu\/index.php\/wp-json\/wp\/v2\/tags?post=69144"}],"curies":[{"name":"wp","href":"https:\/\/api.w.org\/{rel}","templated":true}]}}