{"id":69142,"date":"2015-10-17T01:22:49","date_gmt":"2015-10-16T23:22:49","guid":{"rendered":"http:\/\/gazdasagportal.hu\/?p=69142"},"modified":"2015-10-16T20:25:57","modified_gmt":"2015-10-16T18:25:57","slug":"puposak-lehetnek-a-telefonfuggo-gyerekek","status":"publish","type":"post","link":"https:\/\/gazdasagportal.hu\/index.php\/puposak-lehetnek-a-telefonfuggo-gyerekek\/","title":{"rendered":"P\u00faposak lehetnek a telefonf\u00fcgg\u0151 gyerekek"},"content":{"rendered":"<p><strong>P\u00faposak lesznek, vagyis elg\u00f6rb\u00fcl a nyaka \u00e9s a h\u00e1tgerince azoknak a gyerekeknek, akik okostelefonjuk vagy m\u00e1s k\u00e9sz\u00fcl\u00e9kek monitorja el\u0151tt t\u00f6ltenek naponta t\u00f6bb \u00f3r\u00e1t egy ausztr\u00e1l gerincspecialista szerint.<br \/>\n<\/strong><!--more--><\/p>\n<div class=\"ads-in-post1\"><div id=\"gazdasagportal.hu_fullbanner_wideboard\"><\/div>\r\n<\/div>\n    Ak\u00e1r m\u00e1r a h\u00e9t\u00e9vesekn\u00e9l is kialakul az eg\u00e9szs\u00e9gtelen h\u00e1ti g\u00f6rb\u00fclet, amelyet a szakember telefonnyaknak nevez. A vesz\u00e9ly nagys\u00e1g\u00e1ra az esetek sz\u00e1m\u00e1nak n\u00f6veked\u00e9se h\u00edvja fel a figyelmet &#8211; mondta James Carter \u00faj-d\u00e9l-walesi gerincspecialista orvos a Daily Mail Australia k\u00e9rd\u00e9s\u00e9re.<br \/>\n    &#8222;Az ut\u00f3bbi k\u00e9t \u00e9vben kezd\u0151d\u00f6tt a n\u00f6veked\u00e9s, mindenekel\u0151tt kisiskol\u00e1sokn\u00e1l \u00e9s tizen\u00e9vesekn\u00e9l. Az\u00e9rt h\u00edvom telefonnyaknak, mert akkor alakul ki, amikor valaki hossz\u00fa ideig \u00fcl el\u0151rebuk\u00f3 fejjel, telefonj\u00e1ra vagy tabletj\u00e9re meredve. A norm\u00e1lis gerincg\u00f6rb\u00fclet ellent\u00e9te, p\u00fap alakul ki n\u00e1luk, ami gyakran id\u00e9z el\u0151 fej-, nyak-, v\u00e1ll- \u00e9s h\u00e1tf\u00e1j\u00e1st&#8221; &#8211; magyar\u00e1zta a szakember. Hozz\u00e1tette, minden m\u00e1sodik p\u00e1ciense, akin\u00e9l ezt a probl\u00e9m\u00e1t fedezi fel, gyerek vagy tin\u00e9dzser.<br \/>\n     Arra is felh\u00edvta a figyelmet, hogy a telefon miatt kialakul\u00f3 p\u00faposs\u00e1g nemcsak gerinck\u00e1rosod\u00e1shoz, de szorong\u00e1shoz \u00e9s depresszi\u00f3hoz is vezethet &#8211; id\u00e9zte a The Daily Telegraph online kiad\u00e1sa.<br \/>\n    A Channel 4 brit kereskedelmi t\u00e9v\u00e9csatorna h\u00edrport\u00e1lja sz\u00e1m\u00e1ra k\u00e9sz\u00edtett felm\u00e9r\u00e9s azt tal\u00e1lta, hogy a brit gyerekek \u00e1tlagosan majdnem napi h\u00e1rom \u00f3r\u00e1t t\u00f6ltenek k\u00e9sz\u00fcl\u00e9keik k\u00e9perny\u0151je el\u0151tt j\u00e1t\u00e9kkal, vide\u00f3kat n\u00e9zegetve vagy a k\u00f6z\u00f6ss\u00e9gi h\u00e1l\u00f3n.<br \/>\n    Carter azt tan\u00e1csolja, \u00e1gyon \u00fclve vagy fekve ne haszn\u00e1lj\u00e1k a k\u00e9sz\u00fcl\u00e9keket, \u00e9s a monitorokat emelj\u00e9k szemmagass\u00e1gig.(MTI)<br \/>\nhttp:\/\/www.telegraph.co.uk\/news\/health\/news\/11935291\/Children-becoming-hunchbacks-due-to-addiction-to-smart-phones.html<\/p>\n","protected":false},"excerpt":{"rendered":"<p>P\u00faposak lesznek, vagyis elg\u00f6rb\u00fcl a nyaka \u00e9s a h\u00e1tgerince azoknak a gyerekeknek, akik okostelefonjuk vagy m\u00e1s k\u00e9sz\u00fcl\u00e9kek monitorja el\u0151tt t\u00f6ltenek naponta t\u00f6bb \u00f3r\u00e1t egy ausztr\u00e1l gerincspecialista szerint.<\/p>\n","protected":false},"author":1,"featured_media":0,"comment_status":"open","ping_status":"closed","sticky":false,"template":"","format":"standard","meta":[],"categories":[4],"tags":[],"_links":{"self":[{"href":"https:\/\/gazdasagportal.hu\/index.php\/wp-json\/wp\/v2\/posts\/69142"}],"collection":[{"href":"https:\/\/gazdasagportal.hu\/index.php\/wp-json\/wp\/v2\/posts"}],"about":[{"href":"https:\/\/gazdasagportal.hu\/index.php\/wp-json\/wp\/v2\/types\/post"}],"author":[{"embeddable":true,"href":"https:\/\/gazdasagportal.hu\/index.php\/wp-json\/wp\/v2\/users\/1"}],"replies":[{"embeddable":true,"href":"https:\/\/gazdasagportal.hu\/index.php\/wp-json\/wp\/v2\/comments?post=69142"}],"version-history":[{"count":1,"href":"https:\/\/gazdasagportal.hu\/index.php\/wp-json\/wp\/v2\/posts\/69142\/revisions"}],"predecessor-version":[{"id":69143,"href":"https:\/\/gazdasagportal.hu\/index.php\/wp-json\/wp\/v2\/posts\/69142\/revisions\/69143"}],"wp:attachment":[{"href":"https:\/\/gazdasagportal.hu\/index.php\/wp-json\/wp\/v2\/media?parent=69142"}],"wp:term":[{"taxonomy":"category","embeddable":true,"href":"https:\/\/gazdasagportal.hu\/index.php\/wp-json\/wp\/v2\/categories?post=69142"},{"taxonomy":"post_tag","embeddable":true,"href":"https:\/\/gazdasagportal.hu\/index.php\/wp-json\/wp\/v2\/tags?post=69142"}],"curies":[{"name":"wp","href":"https:\/\/api.w.org\/{rel}","templated":true}]}}