{"id":69111,"date":"2015-10-16T13:29:35","date_gmt":"2015-10-16T11:29:35","guid":{"rendered":"http:\/\/gazdasagportal.hu\/?p=69111"},"modified":"2015-10-16T13:29:35","modified_gmt":"2015-10-16T11:29:35","slug":"ozonvizszeru-esozesek-es-arvizek-sujtjak-horvatorszagot","status":"publish","type":"post","link":"https:\/\/gazdasagportal.hu\/index.php\/ozonvizszeru-esozesek-es-arvizek-sujtjak-horvatorszagot\/","title":{"rendered":"\u00d6z\u00f6nv\u00edzszer\u0171 es\u0151z\u00e9sek \u00e9s \u00e1rvizek s\u00fajtj\u00e1k Horv\u00e1torsz\u00e1got"},"content":{"rendered":"<p><strong>\u00d6z\u00f6nv\u00edzszer\u0171 es\u0151z\u00e9sek \u00e9s ezek nyom\u00e1n \u00e1rvizek s\u00fajtj\u00e1k Horv\u00e1torsz\u00e1got &#8211; \u00edrta az Index.hr horv\u00e1t internetes port\u00e1l p\u00e9nteken.<\/strong><!--more--><\/p>\n<div class=\"ads-in-post1\"><div id=\"gazdasagportal.hu_fullbanner_wideboard\"><\/div>\r\n<\/div>\n<p>    Szinte sz\u00fcnet n\u00e9lk\u00fcl esik az es\u0151, a meteorol\u00f3gusok szerint a felh\u0151szakad\u00e1s a h\u00e9tv\u00e9g\u00e9n is folytat\u00f3dik. Az \u00edt\u00e9letid\u0151 els\u0151sorban az orsz\u00e1g k\u00f6z\u00e9ps\u0151 r\u00e9sz\u00e9n \u00e9s a tengerparton okozott s\u00falyos k\u00e1rokat, ahol r\u00f6vid id\u0151 alatt n\u00e9gyzetm\u00e9terenk\u00e9nt helyenk\u00e9nt 150 liternyi csapad\u00e9k is lehullott.<br \/>\n    Dubrovnikt\u00f3l Isztri\u00e1ig az es\u0151v\u00edz el\u00e1rasztotta az utakat, a v\u00e1rosk\u00f6zpontokat \u00e9s \u00e9p\u00fcleteket, a h\u00f6mp\u00f6lyg\u0151 v\u00edzt\u00f6meg darabokat szak\u00edtott le a j\u00e1rd\u00e1kb\u00f3l \u00e9s \u00fattestekb\u0151l, milli\u00f3s k\u00e1rokat okozva.<br \/>\n    A k\u00f6z\u00e9p-horv\u00e1torsz\u00e1gi K\u00e1rolyv\u00e1rosban (Karlovacon) \u00e1rv\u00edzk\u00e9sz\u00fclts\u00e9g van \u00e9rv\u00e9nyben. P\u00e9nteken tet\u0151z\u00f6tt a Kupa \u00e9s a Korana foly\u00f3, amelyek v\u00edzszintje tov\u00e1bb emelkedik. A g\u00e1t m\u00e9g tartja mag\u00e1t, de 300 \u00e9p\u00fclet \u00e9s 26 \u00fat van v\u00edz alatt a v\u00e1ros k\u00f6rzet\u00e9ben &#8211; \u00edrta a h\u00edrport\u00e1l.<br \/>\n    Tihomir Jakovina mez\u0151gazdas\u00e1gi miniszter k\u00e9t nappal kor\u00e1bban, amikor a v\u00e1rosban j\u00e1rt, kijelentette: nem lesz a 2014-es hasonl\u00f3 \u00e1rv\u00edz.<br \/>\n    A miniszter szerint n\u00e9gy \u00e9v alatt 105 milli\u00f3 kun\u00e1t (4,5 milli\u00e1rd forint) k\u00f6lt\u00f6tt a korm\u00e1ny K\u00e1rolyv\u00e1ros \u00e1rv\u00edzv\u00e9delm\u00e9re, ez\u00e9rt annak v\u00e9dettnek kell lennie az \u00e1rad\u00e1sokt\u00f3l.<br \/>\n    Horv\u00e1torsz\u00e1gban 2014-ben is s\u00falyos k\u00e1rokat okozott az \u00e1rv\u00edz, telep\u00fcl\u00e9seket \u00f6nt\u00f6tt el Szlav\u00f3ni\u00e1ban, a boszniai hat\u00e1r k\u00f6zel\u00e9ben, ahol m\u00e9g mindig tart az \u00fajj\u00e1\u00e9p\u00edt\u00e9s.(MTI)<\/p>\n","protected":false},"excerpt":{"rendered":"<p>\u00d6z\u00f6nv\u00edzszer\u0171 es\u0151z\u00e9sek \u00e9s ezek nyom\u00e1n \u00e1rvizek s\u00fajtj\u00e1k Horv\u00e1torsz\u00e1got &#8211; \u00edrta az Index.hr horv\u00e1t internetes port\u00e1l p\u00e9nteken.<\/p>\n","protected":false},"author":1,"featured_media":0,"comment_status":"open","ping_status":"closed","sticky":false,"template":"","format":"standard","meta":[],"categories":[12],"tags":[],"_links":{"self":[{"href":"https:\/\/gazdasagportal.hu\/index.php\/wp-json\/wp\/v2\/posts\/69111"}],"collection":[{"href":"https:\/\/gazdasagportal.hu\/index.php\/wp-json\/wp\/v2\/posts"}],"about":[{"href":"https:\/\/gazdasagportal.hu\/index.php\/wp-json\/wp\/v2\/types\/post"}],"author":[{"embeddable":true,"href":"https:\/\/gazdasagportal.hu\/index.php\/wp-json\/wp\/v2\/users\/1"}],"replies":[{"embeddable":true,"href":"https:\/\/gazdasagportal.hu\/index.php\/wp-json\/wp\/v2\/comments?post=69111"}],"version-history":[{"count":1,"href":"https:\/\/gazdasagportal.hu\/index.php\/wp-json\/wp\/v2\/posts\/69111\/revisions"}],"predecessor-version":[{"id":69112,"href":"https:\/\/gazdasagportal.hu\/index.php\/wp-json\/wp\/v2\/posts\/69111\/revisions\/69112"}],"wp:attachment":[{"href":"https:\/\/gazdasagportal.hu\/index.php\/wp-json\/wp\/v2\/media?parent=69111"}],"wp:term":[{"taxonomy":"category","embeddable":true,"href":"https:\/\/gazdasagportal.hu\/index.php\/wp-json\/wp\/v2\/categories?post=69111"},{"taxonomy":"post_tag","embeddable":true,"href":"https:\/\/gazdasagportal.hu\/index.php\/wp-json\/wp\/v2\/tags?post=69111"}],"curies":[{"name":"wp","href":"https:\/\/api.w.org\/{rel}","templated":true}]}}