{"id":69109,"date":"2015-10-16T12:16:16","date_gmt":"2015-10-16T10:16:16","guid":{"rendered":"http:\/\/gazdasagportal.hu\/?p=69109"},"modified":"2015-10-16T12:16:16","modified_gmt":"2015-10-16T10:16:16","slug":"katasztrofat-jelentene-a-merkel-altal-javasolt-allando-migranselosztasi-mechanizmus","status":"publish","type":"post","link":"https:\/\/gazdasagportal.hu\/index.php\/katasztrofat-jelentene-a-merkel-altal-javasolt-allando-migranselosztasi-mechanizmus\/","title":{"rendered":"Katasztr\u00f3f\u00e1t jelentene a Merkel \u00e1ltal javasolt \u00e1lland\u00f3 migr\u00e1nseloszt\u00e1si mechanizmus"},"content":{"rendered":"<p><strong>Katasztr\u00f3f\u00e1t jelentene Eur\u00f3p\u00e1nak, amennyiben elfogadn\u00e1 az Angela Merkel n\u00e9met kancell\u00e1r \u00e1ltal a migr\u00e1nsv\u00e1ls\u00e1g megold\u00e1s\u00e1ra javasolt \u00e1lland\u00f3 \u00e1thelyez\u00e9si mechanizmust, ehelyett Eur\u00f3pa k\u00fcls\u0151 hat\u00e1rainak v\u00e9delm\u00e9r\u0151l kell d\u00f6nt\u00e9st hozni &#8211; jelentette ki Grzegorz Schetyna lengyel k\u00fcl\u00fcgyminiszter p\u00e9nteken az RMF FM lengyel kereskedelmi r\u00e1di\u00f3nak nyilatkozva.<\/strong><!--more--><\/p>\n<div class=\"ads-in-post1\"><div id=\"gazdasagportal.hu_fullbanner_wideboard\"><\/div>\r\n<\/div>\n<p>    A lengyel k\u00fcl\u00fcgyi t\u00e1rca vezet\u0151je arra reag\u00e1lt, hogy az EU-cs\u00facstal\u00e1lkoz\u00f3n uni\u00f3s forr\u00e1sok szerint N\u00e9metorsz\u00e1g fesz\u00fclts\u00e9get okozott azzal, hogy megpr\u00f3b\u00e1lta a z\u00e1r\u00f3nyilatkozatba illeszteni az Eur\u00f3pai Bizotts\u00e1gnak a menek\u00fcltek \u00e1lland\u00f3 eloszt\u00e1si mechanizmus\u00e1val kapcsolatos javaslat\u00e1t.<br \/>\n    Schetyna kijelentette: Lengyelorsz\u00e1g &#8222;nem h\u00e1tr\u00e1l meg Angela Merkel el\u0151l&#8221;, \u00e9s Vars\u00f3 \u00e1ll\u00e1spontj\u00e1t az Eur\u00f3pai Uni\u00f3 tag\u00e1llamainak &#8222;hat\u00e1rozott t\u00f6bbs\u00e9ge&#8221; osztja. &#8222;Ez k\u00e9ptelens\u00e9g. Katasztr\u00f3f\u00e1t jelentene Eur\u00f3p\u00e1ra n\u00e9zve, ha most mi, eur\u00f3pai politikusok megmondan\u00e1nk, hogy tov\u00e1bb osztogatjuk a migr\u00e1nsokat, \u00e9s magunkra k\u00e9nyszer\u00edtj\u00fck a k\u00f6vetkez\u0151 menek\u00fclthull\u00e1mok \u00e1thelyez\u00e9s\u00e9t&#8221; &#8211; jelentette ki a lengyel k\u00fcl\u00fcgyminiszter. Hozz\u00e1tette: az EU-tagorsz\u00e1goknak a k\u00fcls\u0151 hat\u00e1rok v\u00e9delm\u00e9r\u0151l \u00e9s a menek\u00fcltek regisztr\u00e1ci\u00f3s k\u00f6zpontjair\u00f3l kell d\u00f6nt\u00e9st hozniuk, nem pedig eloszt\u00e1si mechanizmust kell bevezetni\u00fck.<br \/>\n    \u00dagy v\u00e9lte, hogy a n\u00e9met l\u00e9p\u00e9st belpolitikai t\u00e9nyez\u0151k befoly\u00e1solj\u00e1k. &#8222;A bev\u00e1ndorl\u00e1st illet\u0151en a n\u00e9met belpolitika nem a legjobb napjait \u00e9li, ez\u00e9rt t\u00f6rt\u00e9nnek pr\u00f3b\u00e1lkoz\u00e1sok jobb k\u00fcls\u0151 k\u00e9p, arculat kialak\u00edt\u00e1s\u00e1ra. Ennek semmi k\u00f6ze az eur\u00f3pai d\u00f6nt\u00e9sekhez&#8221; &#8211; sz\u00f6gezte le.<br \/>\n    Lengyelorsz\u00e1g elutas\u00edtja az \u00e1lland\u00f3 menek\u00fclteloszt\u00e1si mechanizmust. Ehelyett j\u00faniusban \u00f6nk\u00e9ntes alapon beleegyezett 2 ezer \u00e9szak-afrikai \u00e9s k\u00f6zel-keleti menek\u00fclt befogad\u00e1s\u00e1ba, az uni\u00f3s bel\u00fcgyminiszterek szeptemberi tan\u00e1cskoz\u00e1s\u00e1n pedig tov\u00e1bbi 4 \u00e9s f\u00e9l ezer migr\u00e1ns befogad\u00e1s\u00e1t v\u00e1llalta. Ewa Kopacz lengyel korm\u00e1nyf\u0151 cs\u00fct\u00f6rt\u00f6k\u00f6n c\u00e1folta a WSieci c\u00edm\u0171 lengyel konzervat\u00edv hetilap h\u00e9t eleji, az Eur\u00f3pai Bizotts\u00e1g egyik meg nem nevezett tiszts\u00e9gvisel\u0151j\u00e9re hivatkoz\u00f3 \u00e9rtes\u00fcl\u00e9s\u00e9t, miszerint a lengyel korm\u00e1ny &#8222;titokban&#8221; \u00f6sszesen 100 ezer migr\u00e1ns \u00e1tv\u00e1llal\u00e1s\u00e1t \u00edg\u00e9rte volna meg Br\u00fcsszelnek.<br \/>\n    A lengyel minisztereln\u00f6k p\u00e9ntek reggel meger\u0151s\u00edtette a lengyel sajt\u00f3 cs\u00fct\u00f6rt\u00f6k esti \u00e9rtes\u00fcl\u00e9seit, miszerint Csehorsz\u00e1g \u00e9s Szlov\u00e1kia ut\u00e1n Lengyelorsz\u00e1g is seg\u00edts\u00e9get k\u00fcld Magyarorsz\u00e1g d\u00e9li hat\u00e1r\u00e1nak v\u00e9delm\u00e9re. Ewa Kopacz k\u00f6z\u00f6lte: 70 hat\u00e1r\u0151r \u00e9s t\u00f6bb terepj\u00e1rm\u0171, ezen bel\u00fcl \u00f6t \u00e9jjell\u00e1t\u00f3 k\u00e9sz\u00fcl\u00e9kkel felszerelt kocsi k\u00e9sz\u00fcl Magyarorsz\u00e1gra. Emellett Lengyelorsz\u00e1g az uni\u00f3s hat\u00e1r\u0151rizeti \u00fcgyn\u00f6ks\u00e9g (Frontex) misszi\u00f3ja keret\u00e9ben Eur\u00f3pa d\u00e9li hat\u00e1r\u00e1nak v\u00e9delm\u00e9re tov\u00e1bbi 40 embert sz\u00e1n. Lengyelorsz\u00e1g eddig 40 hat\u00e1r\u0151rrel, 1 rep\u00fcl\u0151g\u00e9ppel \u00e9s 1 helikopterrel sz\u00e1llt be a Frontex misszi\u00f3j\u00e1ba, a helikoptert okt\u00f3ber elej\u00e9n a magyar-horv\u00e1t hat\u00e1r \u0151rizet\u00e9re ir\u00e1ny\u00edtott\u00e1k \u00e1t.(MTI)<\/p>\n","protected":false},"excerpt":{"rendered":"<p>Katasztr\u00f3f\u00e1t jelentene Eur\u00f3p\u00e1nak, amennyiben elfogadn\u00e1 az Angela Merkel n\u00e9met kancell\u00e1r \u00e1ltal a migr\u00e1nsv\u00e1ls\u00e1g megold\u00e1s\u00e1ra javasolt \u00e1lland\u00f3 \u00e1thelyez\u00e9si mechanizmust, ehelyett Eur\u00f3pa k\u00fcls\u0151 hat\u00e1rainak v\u00e9delm\u00e9r\u0151l kell d\u00f6nt\u00e9st hozni &#8211; jelentette ki Grzegorz Schetyna lengyel k\u00fcl\u00fcgyminiszter p\u00e9nteken az RMF FM lengyel kereskedelmi r\u00e1di\u00f3nak nyilatkozva.<\/p>\n","protected":false},"author":1,"featured_media":0,"comment_status":"open","ping_status":"closed","sticky":false,"template":"","format":"standard","meta":[],"categories":[12],"tags":[],"_links":{"self":[{"href":"https:\/\/gazdasagportal.hu\/index.php\/wp-json\/wp\/v2\/posts\/69109"}],"collection":[{"href":"https:\/\/gazdasagportal.hu\/index.php\/wp-json\/wp\/v2\/posts"}],"about":[{"href":"https:\/\/gazdasagportal.hu\/index.php\/wp-json\/wp\/v2\/types\/post"}],"author":[{"embeddable":true,"href":"https:\/\/gazdasagportal.hu\/index.php\/wp-json\/wp\/v2\/users\/1"}],"replies":[{"embeddable":true,"href":"https:\/\/gazdasagportal.hu\/index.php\/wp-json\/wp\/v2\/comments?post=69109"}],"version-history":[{"count":1,"href":"https:\/\/gazdasagportal.hu\/index.php\/wp-json\/wp\/v2\/posts\/69109\/revisions"}],"predecessor-version":[{"id":69110,"href":"https:\/\/gazdasagportal.hu\/index.php\/wp-json\/wp\/v2\/posts\/69109\/revisions\/69110"}],"wp:attachment":[{"href":"https:\/\/gazdasagportal.hu\/index.php\/wp-json\/wp\/v2\/media?parent=69109"}],"wp:term":[{"taxonomy":"category","embeddable":true,"href":"https:\/\/gazdasagportal.hu\/index.php\/wp-json\/wp\/v2\/categories?post=69109"},{"taxonomy":"post_tag","embeddable":true,"href":"https:\/\/gazdasagportal.hu\/index.php\/wp-json\/wp\/v2\/tags?post=69109"}],"curies":[{"name":"wp","href":"https:\/\/api.w.org\/{rel}","templated":true}]}}