{"id":69101,"date":"2015-10-16T10:54:22","date_gmt":"2015-10-16T08:54:22","guid":{"rendered":"http:\/\/gazdasagportal.hu\/?p=69101"},"modified":"2015-10-16T10:54:22","modified_gmt":"2015-10-16T08:54:22","slug":"ukran-valsag-kijev-ensz-bt-tagsaga-segit-visszaszerezni-a-megszallt-teruleteket","status":"publish","type":"post","link":"https:\/\/gazdasagportal.hu\/index.php\/ukran-valsag-kijev-ensz-bt-tagsaga-segit-visszaszerezni-a-megszallt-teruleteket\/","title":{"rendered":"Ukr\u00e1n v\u00e1ls\u00e1g &#8211; Kijev ENSZ BT-tags\u00e1ga seg\u00edt visszaszerezni a megsz\u00e1llt ter\u00fcleteket"},"content":{"rendered":"<p><strong>Seg\u00edt Ukrajn\u00e1nak visszaszerezni &#8222;\u00e1tmenetileg megsz\u00e1llt&#8221; ter\u00fcleteit, a Kr\u00edm f\u00e9lszigetet \u00e9s a Donyec-medenc\u00e9t az a fejlem\u00e9ny, hogy nem \u00e1lland\u00f3 tagk\u00e9nt bev\u00e1lasztott\u00e1k az ENSZ Biztons\u00e1gi Tan\u00e1cs\u00e1ba (BT) &#8211; \u00e1llap\u00edtotta meg p\u00e9nteken Volodimir Hrojszman, az ukr\u00e1n parlament eln\u00f6ke.<\/strong><!--more--><\/p>\n<div class=\"ads-in-post1\"><div id=\"gazdasagportal.hu_fullbanner_wideboard\"><\/div>\r\n<\/div>\n<p>    A h\u00e1zeln\u00f6k a Facebook k\u00f6z\u00f6ss\u00e9gi oldalon k\u00f6zz\u00e9tett bejegyz\u00e9s\u00e9ben \u00fagy v\u00e9lekedett, hogy a BT-tags\u00e1g \u00faj lehet\u0151s\u00e9geket nyit meg Kijev sz\u00e1m\u00e1ra ter\u00fcletei visszacsatol\u00e1s\u00e1ra. &#8222;Meggy\u0151z\u0151d\u00e9sem, hogy k\u00f6z\u00f6s er\u0151fesz\u00edt\u00e9ssel helyre\u00e1ll\u00edtjuk a b\u00e9k\u00e9t \u00e9s a nyugalmat \u00e1llamunkban&#8221; &#8211; sz\u00f6gezte le. Hangs\u00falyozta, hogy az Ukrajna BT-tags\u00e1g\u00e1t t\u00e1mogat\u00f3 szavazatok mennyis\u00e9ge jelzi az orsz\u00e1g komoly nemzetk\u00f6zi t\u00e1mogatotts\u00e1g\u00e1t. Szavai szerint ez k\u00e9ts\u00e9gtelen\u00fcl fontos gy\u0151zelem Ukrajna sz\u00e1m\u00e1ra a nemzetk\u00f6zi porondon.<br \/>\n    Ukrajn\u00e1t el\u0151z\u0151 nap a vil\u00e1gszervezet New York-i K\u00f6zgy\u0171l\u00e9s\u00e9n v\u00e1lasztott\u00e1k meg a Biztons\u00e1gi Tan\u00e1cs nem \u00e1lland\u00f3 tagj\u00e1v\u00e1 n\u00e9gy m\u00e1sik orsz\u00e1ggal egy\u00fctt 2016-2017-re. A szavaz\u00e1skor Ukrajna BT-tags\u00e1g\u00e1t 193 tag\u00e1llam k\u00f6z\u00fcl 177 t\u00e1mogatta.<br \/>\n    Arszenyij Jacenyuk ukr\u00e1n korm\u00e1nyf\u0151 \u00fagy \u00edt\u00e9lte meg, hogy a v\u00e1laszt\u00e1ssal a  nemzetk\u00f6zi k\u00f6z\u00f6ss\u00e9g &#8222;sokatmond\u00f3 v\u00e1laszt adott az orosz agresszi\u00f3ra&#8221;. Twitter-\u00fczenet\u00e9ben hangs\u00falyozta, hogy a vil\u00e1g &#8222;j\u00f3l \u00e9rti&#8221; az ukrajnai v\u00e1ls\u00e1g l\u00e9nyeg\u00e9t. Szerinte a nemzetk\u00f6zi k\u00f6z\u00f6ss\u00e9g a v\u00e1laszt\u00e1ssal szolidarit\u00e1s\u00e1t \u00e9s bizalm\u00e1t fejezte ki Ukrajna ir\u00e1nt.<br \/>\n    Petro Porosenko ukr\u00e1n eln\u00f6k szint\u00e9n \u00fcdv\u00f6z\u00f6lte Twitter-mikroblogj\u00e1ban az ENSZ K\u00f6zgy\u0171l\u00e9s\u00e9nek d\u00f6nt\u00e9s\u00e9t. Szavai szerint a v\u00e1laszt\u00e1s azt jelzi, hogy az eg\u00e9sz vil\u00e1g t\u00e1mogatja az &#8222;Ukrajna-p\u00e1rti koal\u00edci\u00f3t&#8221;. &#8222;Minden, Ukrajn\u00e1ra adott voks egyben szavazat szuverenit\u00e1sunk \u00e9s ter\u00fcleti egys\u00e9g\u00fcnk mellett&#8221; &#8211; hangoztatta az ukr\u00e1n \u00e1llamf\u0151.<br \/>\n    Meggy\u0151z\u0151d\u00e9s\u00e9t fejezte ki, hogy Ukrajna k\u00e9t\u00e9ves ENSZ BT-tags\u00e1ga hozz\u00e1j\u00e1rul majd a b\u00e9ke megteremt\u00e9s\u00e9hez az orsz\u00e1gban, valamint az ukr\u00e1n szuverenit\u00e1s  helyre\u00e1ll\u00edt\u00e1s\u00e1hoz az Oroszorsz\u00e1g \u00e1ltal megsz\u00e1llt \u00f6sszes ter\u00fcleten, a Kr\u00edmben \u00e9s a Donyec-medenc\u00e9ben.<br \/>\n    &#8222;Most az\u00e9rt is kimondottan \u00e9rt\u00e9kes ez a gy\u0151zelem, mert olyan helyzetben \u00e9rt\u00fck el, amikor a vil\u00e1g az ut\u00f3bbi t\u00edz \u00e9v legnehezebb kih\u00edv\u00e1sai el\u0151tt \u00e1ll&#8221; &#8211; fejtette ki. Hozz\u00e1tette: \u00e9ppen ez\u00e9rt a BT-tags\u00e1g Ukrajn\u00e1nak nemcsak arra teremt lehet\u0151s\u00e9get, hogy ki\u00e1lljon szuverenit\u00e1sa \u00e9s ter\u00fcleti egys\u00e9ge mellett, de egy\u00fattal felel\u0151s\u00e9get is r\u00f3 az orsz\u00e1gra az eg\u00e9sz vil\u00e1gra kiterjed\u0151 b\u00e9ke \u00e9s stabilit\u00e1s v\u00e9delm\u00e9ben.<br \/>\n    AZ ENSZ Biztons\u00e1gi Tan\u00e1cs\u00e1t \u00f6t \u00e1lland\u00f3 tag &#8211; Oroszorsz\u00e1g, Egyes\u00fclt \u00c1llamok, Nagy Britannia, Franciaorsz\u00e1g \u00e9s K\u00edna -, valamint t\u00edz nem \u00e1lland\u00f3 tag alkotja. Ut\u00f3bbiak k\u00e9t\u00e9vente cser\u00e9l\u0151dnek, \u00e9s nincs v\u00e9t\u00f3joguk, mint az \u00e1lland\u00f3 tagoknak.(MTI)<\/p>\n","protected":false},"excerpt":{"rendered":"<p>Seg\u00edt Ukrajn\u00e1nak visszaszerezni &#8222;\u00e1tmenetileg megsz\u00e1llt&#8221; ter\u00fcleteit, a Kr\u00edm f\u00e9lszigetet \u00e9s a Donyec-medenc\u00e9t az a fejlem\u00e9ny, hogy nem \u00e1lland\u00f3 tagk\u00e9nt bev\u00e1lasztott\u00e1k az ENSZ Biztons\u00e1gi Tan\u00e1cs\u00e1ba (BT) &#8211; \u00e1llap\u00edtotta meg p\u00e9nteken Volodimir Hrojszman, az ukr\u00e1n parlament eln\u00f6ke.<\/p>\n","protected":false},"author":1,"featured_media":0,"comment_status":"open","ping_status":"closed","sticky":false,"template":"","format":"standard","meta":[],"categories":[139],"tags":[],"_links":{"self":[{"href":"https:\/\/gazdasagportal.hu\/index.php\/wp-json\/wp\/v2\/posts\/69101"}],"collection":[{"href":"https:\/\/gazdasagportal.hu\/index.php\/wp-json\/wp\/v2\/posts"}],"about":[{"href":"https:\/\/gazdasagportal.hu\/index.php\/wp-json\/wp\/v2\/types\/post"}],"author":[{"embeddable":true,"href":"https:\/\/gazdasagportal.hu\/index.php\/wp-json\/wp\/v2\/users\/1"}],"replies":[{"embeddable":true,"href":"https:\/\/gazdasagportal.hu\/index.php\/wp-json\/wp\/v2\/comments?post=69101"}],"version-history":[{"count":1,"href":"https:\/\/gazdasagportal.hu\/index.php\/wp-json\/wp\/v2\/posts\/69101\/revisions"}],"predecessor-version":[{"id":69102,"href":"https:\/\/gazdasagportal.hu\/index.php\/wp-json\/wp\/v2\/posts\/69101\/revisions\/69102"}],"wp:attachment":[{"href":"https:\/\/gazdasagportal.hu\/index.php\/wp-json\/wp\/v2\/media?parent=69101"}],"wp:term":[{"taxonomy":"category","embeddable":true,"href":"https:\/\/gazdasagportal.hu\/index.php\/wp-json\/wp\/v2\/categories?post=69101"},{"taxonomy":"post_tag","embeddable":true,"href":"https:\/\/gazdasagportal.hu\/index.php\/wp-json\/wp\/v2\/tags?post=69101"}],"curies":[{"name":"wp","href":"https:\/\/api.w.org\/{rel}","templated":true}]}}