{"id":69044,"date":"2015-10-15T15:43:17","date_gmt":"2015-10-15T13:43:17","guid":{"rendered":"http:\/\/gazdasagportal.hu\/?p=69044"},"modified":"2015-10-15T15:43:17","modified_gmt":"2015-10-15T13:43:17","slug":"tovabbra-is-alacsony-a-munkanelkuli-segelyt-kerok-szama-az-egyesult-allamokban","status":"publish","type":"post","link":"https:\/\/gazdasagportal.hu\/index.php\/tovabbra-is-alacsony-a-munkanelkuli-segelyt-kerok-szama-az-egyesult-allamokban\/","title":{"rendered":"Tov\u00e1bbra is alacsony a munkan\u00e9lk\u00fcli seg\u00e9lyt k\u00e9r\u0151k sz\u00e1ma az Egyes\u00fclt \u00c1llamokban"},"content":{"rendered":"<p><strong>A j\u00falius k\u00f6zep\u00e9n m\u00e9rt nagyon alacsony szinttel megegyez\u0151 volt a m\u00falt h\u00e9ten els\u0151 alkalommal munkan\u00e9lk\u00fcli seg\u00e9ly\u00e9rt folyamod\u00f3k sz\u00e1ma az Egyes\u00fclt \u00c1llamokban.<\/strong><!--more--><\/p>\n<div class=\"ads-in-post1\"><div id=\"gazdasagportal.hu_fullbanner_wideboard\"><\/div>\r\n<\/div>\n<p>    Az amerikai munka\u00fcgyi miniszt\u00e9rium cs\u00fct\u00f6rt\u00f6k\u00f6n k\u00f6z\u00f6lte, hogy az okt\u00f3ber 10-\u00e9n z\u00e1rult h\u00e9ten a szezon\u00e1lisan kiigaz\u00edtott adatok szerint a seg\u00e9lyk\u00e9relmek sz\u00e1ma h\u00e9tezerrel, az el\u0151z\u0151 heti 262 ezerr\u0151l 255 ezerre cs\u00f6kkent. Ez a sz\u00e1m m\u00e1r a 32. egym\u00e1st k\u00f6vet\u0151 h\u00e9ten maradt 300 ezer alatt, \u00e9s megegyezik a j\u00falius k\u00f6zep\u00e9n m\u00e9rt szinttel, ami 42 \u00e9ves m\u00e9lypont.<br \/>\n    Utolj\u00e1ra a febru\u00e1r 28-\u00e1n v\u00e9gz\u0151d\u0151 h\u00e9tr\u0151l jelentettek 300 ezer feletti \u00e9rt\u00e9ket, akkor 327 ezret.<br \/>\n    Elemz\u0151k arra sz\u00e1m\u00edtottak, hogy 270 ezerre emelkedik az els\u0151 alkalommal munkan\u00e9lk\u00fcli seg\u00e9ly\u00e9rt folyamod\u00f3k sz\u00e1ma a MarketWatch amerikai gazdas\u00e1gi h\u00edrport\u00e1l besz\u00e1mol\u00f3ja szerint.<br \/>\n    A seg\u00e9lyk\u00e9relmek sz\u00e1m\u00e1t m\u00e9r\u0151 n\u00e9gyhetes mozg\u00f3\u00e1tlag a m\u00falt h\u00e9t v\u00e9g\u00e9re 2250-nel 265 ezerre cs\u00f6kkent. Ez a legalacsonyabb \u00e9rt\u00e9k 1973 decembere \u00f3ta, amikor 256 750 volt a n\u00e9gyhetes mozg\u00f3\u00e1tlag.<br \/>\n    Augusztus elej\u00e9n tizen\u00f6t \u00e9ves m\u00e9lyponton \u00e1llt a mozg\u00f3\u00e1tlag: a 266 ezres \u00e9rt\u00e9kn\u00e9l utolj\u00e1ra 2000. \u00e1prilis 15-\u00e9n regisztr\u00e1ltak alacsonyabb szintet.<br \/>\n    A 300 ezer alatti \u00e9rt\u00e9keket a munkaer\u0151piaci helyzet robusztus er\u0151s\u00f6d\u00e9s\u00e9nek jelek\u00e9nt \u00e9rtelmezik az elemz\u0151k.<br \/>\n    A tart\u00f3san munkan\u00e9lk\u00fcli seg\u00e9lyt k\u00e9r\u0151k sz\u00e1ma 50 ezerrel, 2 milli\u00f3 158 ezerre esett az okt\u00f3ber 3-\u00e1n z\u00e1rult h\u00e9ten, ami 2000 novembere \u00f3ta a legalacsonyabb \u00e9rt\u00e9k. A tart\u00f3san munkan\u00e9lk\u00fcli seg\u00e9lyt k\u00e9r\u0151k sz\u00e1m\u00e1t m\u00e9r\u0151 n\u00e9gyhetes mozg\u00f3\u00e1tlag 21 ezer 250-nel, 2 milli\u00f3 201 ezer 250-re cs\u00f6kkent.<br \/>\n    A munka\u00fcgyi miniszt\u00e9rium k\u00f6zlem\u00e9nye szerint semmilyen k\u00fcl\u00f6nleges hat\u00e1s nem torz\u00edtotta az adatokat, amelyek tov\u00e1bbra is alacsony szinten \u00e1llnak, azt sugallva, hogy a v\u00e1llalatok b\u00edznak a gazdas\u00e1g erej\u00e9ben, \u00edgy nem bocs\u00e1tanak el munkav\u00e1llal\u00f3kat.(MTI)<\/p>\n","protected":false},"excerpt":{"rendered":"<p>A j\u00falius k\u00f6zep\u00e9n m\u00e9rt nagyon alacsony szinttel megegyez\u0151 volt a m\u00falt h\u00e9ten els\u0151 alkalommal munkan\u00e9lk\u00fcli seg\u00e9ly\u00e9rt folyamod\u00f3k sz\u00e1ma az Egyes\u00fclt \u00c1llamokban.<\/p>\n","protected":false},"author":1,"featured_media":60643,"comment_status":"open","ping_status":"closed","sticky":false,"template":"","format":"standard","meta":[],"categories":[146,246],"tags":[],"_links":{"self":[{"href":"https:\/\/gazdasagportal.hu\/index.php\/wp-json\/wp\/v2\/posts\/69044"}],"collection":[{"href":"https:\/\/gazdasagportal.hu\/index.php\/wp-json\/wp\/v2\/posts"}],"about":[{"href":"https:\/\/gazdasagportal.hu\/index.php\/wp-json\/wp\/v2\/types\/post"}],"author":[{"embeddable":true,"href":"https:\/\/gazdasagportal.hu\/index.php\/wp-json\/wp\/v2\/users\/1"}],"replies":[{"embeddable":true,"href":"https:\/\/gazdasagportal.hu\/index.php\/wp-json\/wp\/v2\/comments?post=69044"}],"version-history":[{"count":1,"href":"https:\/\/gazdasagportal.hu\/index.php\/wp-json\/wp\/v2\/posts\/69044\/revisions"}],"predecessor-version":[{"id":69045,"href":"https:\/\/gazdasagportal.hu\/index.php\/wp-json\/wp\/v2\/posts\/69044\/revisions\/69045"}],"wp:featuredmedia":[{"embeddable":true,"href":"https:\/\/gazdasagportal.hu\/index.php\/wp-json\/wp\/v2\/media\/60643"}],"wp:attachment":[{"href":"https:\/\/gazdasagportal.hu\/index.php\/wp-json\/wp\/v2\/media?parent=69044"}],"wp:term":[{"taxonomy":"category","embeddable":true,"href":"https:\/\/gazdasagportal.hu\/index.php\/wp-json\/wp\/v2\/categories?post=69044"},{"taxonomy":"post_tag","embeddable":true,"href":"https:\/\/gazdasagportal.hu\/index.php\/wp-json\/wp\/v2\/tags?post=69044"}],"curies":[{"name":"wp","href":"https:\/\/api.w.org\/{rel}","templated":true}]}}