{"id":69021,"date":"2015-10-15T10:37:42","date_gmt":"2015-10-15T08:37:42","guid":{"rendered":"http:\/\/gazdasagportal.hu\/?p=69021"},"modified":"2015-10-15T10:37:42","modified_gmt":"2015-10-15T08:37:42","slug":"illegalis-bevandorlas-a-bah-iden-28-milliard-forintot-forditott-a-migransok-ellatasara","status":"publish","type":"post","link":"https:\/\/gazdasagportal.hu\/index.php\/illegalis-bevandorlas-a-bah-iden-28-milliard-forintot-forditott-a-migransok-ellatasara\/","title":{"rendered":"Illeg\u00e1lis bev\u00e1ndorl\u00e1s &#8211; A B\u00c1H id\u00e9n 2,8 milli\u00e1rd forintot ford\u00edtott a migr\u00e1nsok ell\u00e1t\u00e1s\u00e1ra"},"content":{"rendered":"<p><strong>A Bev\u00e1ndorl\u00e1si \u00e9s \u00c1llampolg\u00e1rs\u00e1gi Hivatal (B\u00c1H) id\u00e9n eddig 2,8 milli\u00e1rd forintot ford\u00edtott a migr\u00e1nsok ell\u00e1t\u00e1s\u00e1ra &#8211; k\u00f6z\u00f6lte az int\u00e9zm\u00e9ny \u00e1ltal\u00e1nos f\u0151igazgat\u00f3-helyettese cs\u00fct\u00f6rt\u00f6k\u00f6n az M1 aktu\u00e1lis csatorna m\u0171sor\u00e1ban.<\/strong><!--more--><\/p>\n<div class=\"ads-in-post1\"><div id=\"gazdasagportal.hu_fullbanner_wideboard\"><\/div>\r\n<\/div>\n<p>    Kiss Attila t\u00e1j\u00e9koztat\u00e1sa szerint a tavalyi \u00e9v hasonl\u00f3 id\u0151szak\u00e1hoz k\u00e9pest 63 sz\u00e1zal\u00e9kkal n\u0151ttek a k\u00f6lts\u00e9geik.<br \/>\n    G\u00e1l Krist\u00f3f, az Orsz\u00e1gos Rend\u0151r-f\u0151kapit\u00e1nys\u00e1g (ORFK) helyettes sz\u00f3viv\u0151je azt k\u00f6z\u00f6lte, id\u00e9n eddig 378 647 illeg\u00e1lis bev\u00e1ndorl\u00f3 l\u00e9pett be Magyarorsz\u00e1g ter\u00fclet\u00e9re a k\u00fcls\u0151 schengeni hat\u00e1ron.<br \/>\n    Szerd\u00e1n a rend\u0151r\u00f6k 5157 embert fogtak el tiltott hat\u00e1r\u00e1tl\u00e9p\u00e9s miatt, a helyettes sz\u00f3viv\u0151 k\u00f6zl\u00e9se szerint t\u00falnyom\u00f3 t\u00f6bbs\u00e9g\u00fck a horv\u00e1t oldalr\u00f3l l\u00e9pett be Magyarorsz\u00e1gra.<br \/>\n    K\u00f6z\u00f6lte azt is, hogy janu\u00e1r \u00f3ta 738 emberrel szemben rendeltek el nyomoz\u00e1st; ebb\u0151l hat\u00e1rz\u00e1r tiltott \u00e1tl\u00e9p\u00e9se miatt 716, a ker\u00edt\u00e9s megrong\u00e1l\u00e1sa miatt pedig 22 esetben indult elj\u00e1r\u00e1s.(MTI)<\/p>\n","protected":false},"excerpt":{"rendered":"<p>A Bev\u00e1ndorl\u00e1si \u00e9s \u00c1llampolg\u00e1rs\u00e1gi Hivatal (B\u00c1H) id\u00e9n eddig 2,8 milli\u00e1rd forintot ford\u00edtott a migr\u00e1nsok ell\u00e1t\u00e1s\u00e1ra &#8211; k\u00f6z\u00f6lte az int\u00e9zm\u00e9ny \u00e1ltal\u00e1nos f\u0151igazgat\u00f3-helyettese cs\u00fct\u00f6rt\u00f6k\u00f6n az M1 aktu\u00e1lis csatorna m\u0171sor\u00e1ban.<\/p>\n","protected":false},"author":1,"featured_media":0,"comment_status":"open","ping_status":"closed","sticky":false,"template":"","format":"standard","meta":[],"categories":[4],"tags":[],"_links":{"self":[{"href":"https:\/\/gazdasagportal.hu\/index.php\/wp-json\/wp\/v2\/posts\/69021"}],"collection":[{"href":"https:\/\/gazdasagportal.hu\/index.php\/wp-json\/wp\/v2\/posts"}],"about":[{"href":"https:\/\/gazdasagportal.hu\/index.php\/wp-json\/wp\/v2\/types\/post"}],"author":[{"embeddable":true,"href":"https:\/\/gazdasagportal.hu\/index.php\/wp-json\/wp\/v2\/users\/1"}],"replies":[{"embeddable":true,"href":"https:\/\/gazdasagportal.hu\/index.php\/wp-json\/wp\/v2\/comments?post=69021"}],"version-history":[{"count":1,"href":"https:\/\/gazdasagportal.hu\/index.php\/wp-json\/wp\/v2\/posts\/69021\/revisions"}],"predecessor-version":[{"id":69022,"href":"https:\/\/gazdasagportal.hu\/index.php\/wp-json\/wp\/v2\/posts\/69021\/revisions\/69022"}],"wp:attachment":[{"href":"https:\/\/gazdasagportal.hu\/index.php\/wp-json\/wp\/v2\/media?parent=69021"}],"wp:term":[{"taxonomy":"category","embeddable":true,"href":"https:\/\/gazdasagportal.hu\/index.php\/wp-json\/wp\/v2\/categories?post=69021"},{"taxonomy":"post_tag","embeddable":true,"href":"https:\/\/gazdasagportal.hu\/index.php\/wp-json\/wp\/v2\/tags?post=69021"}],"curies":[{"name":"wp","href":"https:\/\/api.w.org\/{rel}","templated":true}]}}